{"id":10582,"date":"2018-10-09T12:56:41","date_gmt":"2018-10-09T17:56:41","guid":{"rendered":"https:\/\/mundoitam.com\/2018\/10\/09\/itam-honors-owen-fiss-with-the-distinguished-visiting-professor-title\/"},"modified":"2018-10-09T13:12:14","modified_gmt":"2018-10-09T18:12:14","slug":"itam-honors-owen-fiss-with-the-distinguished-visiting-professor-title","status":"publish","type":"post","link":"https:\/\/mundoitam.com\/en\/2018\/10\/09\/itam-honors-owen-fiss-with-the-distinguished-visiting-professor-title\/","title":{"rendered":"ITAM honors Owen Fiss with the Distinguished Visiting Professor Title"},"content":{"rendered":"<h2><span style=\"font-size: 18pt;\"><strong>The Law in Times of Terrorism, Populism, and Social Injustice<\/strong><\/span><\/h2>\n<p>During ITAM\u2019s conference series \u201cConversations with Owen Fiss\u201d, our Academic Department of Law, awarded Owen Fiss, Yale\u2019s emeritus professor, with the title of Distinguished Visiting Professor. He has been involved with various academic law programs both in Latin American and the Middle East for many years. Among the participants included Dr. Alejandro Hern\u00e1ndez, ITAM\u2019s Provost; Jorge Cerdio, ITAM\u2019s Chair of the Academic Department of Law, and Rodolfo V\u00e1zquez, emeritus professor. Dr. Francisca Pou, member of our faculty, gave the congratulatory speech recognizing Prof. Fiss\u2019 significance to various law schools worldwide and those professional career achievements that made him worthy of this recognition. She pointed out his academic influence on communities of law students from different countries, among those Mexico. Finally, she also spoke about her personal experience as one of Prof. Fiss\u2019 students: \u201cHe would treat us as if we were the person we ultimately wanted to become,\u201d she stated.<\/p><div class=\"mundo-contenido\" style=\"margin-top: 20px;margin-bottom: 20px;\" id=\"mundo-211928837\"><style type=\"text\/css\">\r\n .ad-square h3 { \r\n\tfont-size: 11px;\r\n    font-weight: 300;\r\n    letter-spacing: 2.3px;\r\n    color: #6a6c6e;\r\n    font-weight: normal;\r\n    margin: 18px 0;  \r\n\tfont-family: \"Lato\", \"Helvetica Neue\", Helvetica, Arial, sans-serif;\r\n\t}\r\n<\/style>\r\n\r\n<!--<center> <div class=\"ad-square\">\r\n\t\t\t\t\t\t\t<h3>ANUNCIO<\/h3>\r\n<a href=\"https:\/\/noche.itam.mx\/\" target=\"_blank\"><img decoding=\"async\" width=\"300\" src=\"https:\/\/mundoitam.com\/wp-content\/uploads\/2021\/11\/noche-itam-v2.png\" alt=\"Anuncio\" style=\"border: none; display: block;\"><\/a>\r\n\r\n<\/div> <\/center>--><\/div>\n<blockquote class=\"twitter-tweet\" data-lang=\"es\">\n<p dir=\"ltr\" lang=\"es\">&#8220;Conversaciones con <a href=\"https:\/\/twitter.com\/hashtag\/OwenFiss?src=hash&amp;ref_src=twsrc%5Etfw\">#OwenFiss<\/a>&#8221; Conoce el programa completo del evento y asiste este 8 de septiembre: <a href=\"https:\/\/t.co\/c1aKxiKmMz\">https:\/\/t.co\/c1aKxiKmMz<\/a> <a href=\"https:\/\/t.co\/hiTaqKjlne\">pic.twitter.com\/hiTaqKjlne<\/a><\/p>\n<p>\u2014 Suprema Corte (@SCJN) <a href=\"https:\/\/twitter.com\/SCJN\/status\/904024478115663873?ref_src=twsrc%5Etfw\">2 de septiembre de 2017<\/a><\/p><\/blockquote>\n<p><script async src=\"\/\/platform.twitter.com\/widgets.js\" charset=\"utf-8\"><\/script><\/p>\n<p>In 1996, Owen Fiss and Carlos Nino were developing a new approach to teaching law courses in Latin America when they were invited by ITAM to participate in the Garc\u00eda M\u00e1ynez Seminar, sponosored by Dr. Rodolfo V\u00e1zquez. Dr. Pou stated that this outreach was important to the evolution of legal methodologies, and led ITAM to become the first Mexican university to join SELA, the Latin American Seminar on Constitutional and Political Theory, created by Prof. Fiss in 1995. Prof. Fiss kindly received the award and thanked ITAM for their warm reception. The conference series included Prof. Fiss\u2019 book presentation Una Guerra Sin Igual. La Constitucion en los Tiempos del Terrorismo, a conference entitled \u201cEquality in a Fragmented Society\u201d, and a round table discussion, \u201cThe Judiciary during Terrorism, Populism, and Social Injustice,\u201d held at the Centro de Estudios Constitucionales at Mexico\u2019s Supreme Court.<\/p>\n<figure id=\"attachment_6428\" aria-describedby=\"caption-attachment-6428\" style=\"width: 600px\" class=\"wp-caption aligncenter\"><img data-recalc-dims=\"1\" loading=\"lazy\" decoding=\"async\" class=\"wp-image-6428 size-dyad-site-logo\" src=\"https:\/\/i0.wp.com\/mundoitam.com\/wp-content\/uploads\/2017\/10\/DSC_0762-e1508366546759-600x287.jpg?resize=600%2C287&#038;ssl=1\" alt=\"Jorge Cerdio, Alejandro Hern\u00e1ndez, Rodolfo V\u00e1zquez, Francisca Pou y Owen Fiss. FOTO: ITAM\" width=\"600\" height=\"287\" srcset=\"https:\/\/i0.wp.com\/mundoitam.com\/wp-content\/uploads\/2017\/10\/DSC_0762-e1508366546759.jpg?resize=600%2C287&amp;ssl=1 600w, https:\/\/i0.wp.com\/mundoitam.com\/wp-content\/uploads\/2017\/10\/DSC_0762-e1508366546759.jpg?resize=300%2C144&amp;ssl=1 300w, https:\/\/i0.wp.com\/mundoitam.com\/wp-content\/uploads\/2017\/10\/DSC_0762-e1508366546759.jpg?resize=768%2C368&amp;ssl=1 768w, https:\/\/i0.wp.com\/mundoitam.com\/wp-content\/uploads\/2017\/10\/DSC_0762-e1508366546759.jpg?resize=1024%2C490&amp;ssl=1 1024w, https:\/\/i0.wp.com\/mundoitam.com\/wp-content\/uploads\/2017\/10\/DSC_0762-e1508366546759.jpg?w=2000&amp;ssl=1 2000w, https:\/\/i0.wp.com\/mundoitam.com\/wp-content\/uploads\/2017\/10\/DSC_0762-e1508366546759.jpg?w=3000&amp;ssl=1 3000w\" sizes=\"auto, (max-width: 600px) 100vw, 600px\" \/><figcaption id=\"caption-attachment-6428\" class=\"wp-caption-text\">Jorge Cerdio, Alejandro Hern\u00e1ndez, Rodolfo V\u00e1zquez, Francisca Pou y Owen Fiss. FOTO: ITAM<\/figcaption><\/figure>\n<div class=\"mundo-despues-del-contenido\" id=\"mundo-56599568\"><style type=\"text\/css\">\r\n .ad-square h3 { \r\n\tfont-size: 11px;\r\n    font-weight: 300;\r\n    letter-spacing: 2.3px;\r\n    color: #6a6c6e;\r\n    font-weight: normal;\r\n    margin: 18px 0;  \r\n\tfont-family: \"Lato\", \"Helvetica Neue\", Helvetica, Arial, sans-serif;\r\n\t}\r\n<\/style>\r\n\r\n<center> <div class=\"ad-square\">\r\n\t\t\t\t\t\t\t<h3>ANUNCIO<\/h3>\r\n<a href=\"https:\/\/aspirantes.itam.mx\/proceso-admision\/?utm_source=itam&utm_medium=mundoitam&utm_campaign=organico\" target=\"_blank\"><img decoding=\"async\" width=\"800\" src=\"https:\/\/mundoitam.com\/wp-content\/uploads\/2021\/06\/banner-aspitantes-1.png \" alt=\"Anuncio\" style=\"border: none; display: block;\"><\/a>\r\n\r\n<\/div> <\/center> <\/div>","protected":false},"excerpt":{"rendered":"<p>During the set of conferences announced as Conversations with Owen Fiss, ITAM and its Academic Department of Law granted Owen Fiss the Distinguished Visiting Profesor title. <\/p>\n","protected":false},"author":10,"featured_media":9782,"comment_status":"open","ping_status":"open","sticky":false,"template":"","format":"standard","meta":{"_jetpack_newsletter_access":"","_jetpack_dont_email_post_to_subs":false,"_jetpack_newsletter_tier_id":0,"_jetpack_memberships_contains_paywalled_content":false,"_jetpack_memberships_contains_paid_content":false,"footnotes":"","jetpack_publicize_message":"","jetpack_publicize_feature_enabled":true,"jetpack_social_post_already_shared":true,"jetpack_social_options":{"image_generator_settings":{"template":"highway","default_image_id":0,"font":"","enabled":false},"version":2},"_wpas_customize_per_network":false,"jetpack_post_was_ever_published":false},"categories":[889176],"tags":[579146310,579146311,579146308,579146309,579146312],"class_list":["post-10582","post","type-post","status-publish","format-standard","has-post-thumbnail","hentry","category-politica-y-economia","tag-conversations-with-owen-fiss","tag-law-in-latin-america","tag-law-school-itam","tag-owen-fiss-itam-en","tag-rodolfo-vazquez-itam-en"],"yoast_head":"<!-- This site is optimized with the Yoast SEO plugin v27.5 - https:\/\/yoast.com\/product\/yoast-seo-wordpress\/ -->\n<title>ITAM honors Owen Fiss with the Distinguished Visiting Professor Title -<\/title>\n<meta name=\"description\" content=\"During the set of conferences announced as Conversations with Owen Fiss, ITAM granted Owen Fiss the Distinguished Visiting Profesor title.\" \/>\n<meta name=\"robots\" content=\"index, follow, max-snippet:-1, max-image-preview:large, max-video-preview:-1\" \/>\n<link rel=\"canonical\" href=\"https:\/\/mundoitam.com\/en\/2018\/10\/09\/itam-honors-owen-fiss-with-the-distinguished-visiting-professor-title\/\" \/>\n<meta property=\"og:locale\" content=\"en_US\" \/>\n<meta property=\"og:type\" content=\"article\" \/>\n<meta property=\"og:title\" content=\"ITAM honors Owen Fiss with the Distinguished Visiting Professor Title -\" \/>\n<meta property=\"og:description\" content=\"During the set of conferences announced as Conversations with Owen Fiss, ITAM granted Owen Fiss the Distinguished Visiting Profesor title.\" \/>\n<meta property=\"og:url\" content=\"https:\/\/mundoitam.com\/en\/2018\/10\/09\/itam-honors-owen-fiss-with-the-distinguished-visiting-professor-title\/\" \/>\n<meta property=\"og:site_name\" content=\"Mundo ITAM\" \/>\n<meta property=\"article:publisher\" content=\"https:\/\/www.facebook.com\/itam.mx\/\" \/>\n<meta property=\"article:published_time\" content=\"2018-10-09T17:56:41+00:00\" \/>\n<meta property=\"article:modified_time\" content=\"2018-10-09T18:12:14+00:00\" \/>\n<meta property=\"og:image\" content=\"https:\/\/i0.wp.com\/mundoitam.com\/wp-content\/uploads\/2017\/10\/imagendestacadaowenfiss.jpg?fit=1264%2C1600&ssl=1\" \/>\n\t<meta property=\"og:image:width\" content=\"1264\" \/>\n\t<meta property=\"og:image:height\" content=\"1600\" \/>\n\t<meta property=\"og:image:type\" content=\"image\/jpeg\" \/>\n<meta name=\"author\" content=\"Mundo ITAM\" \/>\n<meta name=\"twitter:card\" content=\"summary_large_image\" \/>\n<meta name=\"twitter:creator\" content=\"@ITAM_mx\" \/>\n<meta name=\"twitter:site\" content=\"@ITAM_mx\" \/>\n<meta name=\"twitter:label1\" content=\"Written by\" \/>\n\t<meta name=\"twitter:data1\" content=\"Mundo ITAM\" \/>\n\t<meta name=\"twitter:label2\" content=\"Est. reading time\" \/>\n\t<meta name=\"twitter:data2\" content=\"2 minutes\" \/>\n<script type=\"application\/ld+json\" class=\"yoast-schema-graph\">{\"@context\":\"https:\\\/\\\/schema.org\",\"@graph\":[{\"@type\":\"Article\",\"@id\":\"https:\\\/\\\/mundoitam.com\\\/en\\\/2018\\\/10\\\/09\\\/itam-honors-owen-fiss-with-the-distinguished-visiting-professor-title\\\/#article\",\"isPartOf\":{\"@id\":\"https:\\\/\\\/mundoitam.com\\\/en\\\/2018\\\/10\\\/09\\\/itam-honors-owen-fiss-with-the-distinguished-visiting-professor-title\\\/\"},\"author\":{\"name\":\"Mundo ITAM\",\"@id\":\"https:\\\/\\\/mundoitam.com\\\/en\\\/#\\\/schema\\\/person\\\/d1c2a212b8cca3de9f3e2092961fe46c\"},\"headline\":\"ITAM honors Owen Fiss with the Distinguished Visiting Professor Title\",\"datePublished\":\"2018-10-09T17:56:41+00:00\",\"dateModified\":\"2018-10-09T18:12:14+00:00\",\"mainEntityOfPage\":{\"@id\":\"https:\\\/\\\/mundoitam.com\\\/en\\\/2018\\\/10\\\/09\\\/itam-honors-owen-fiss-with-the-distinguished-visiting-professor-title\\\/\"},\"wordCount\":371,\"commentCount\":0,\"publisher\":{\"@id\":\"https:\\\/\\\/mundoitam.com\\\/en\\\/#organization\"},\"image\":{\"@id\":\"https:\\\/\\\/mundoitam.com\\\/en\\\/2018\\\/10\\\/09\\\/itam-honors-owen-fiss-with-the-distinguished-visiting-professor-title\\\/#primaryimage\"},\"thumbnailUrl\":\"https:\\\/\\\/i0.wp.com\\\/mundoitam.com\\\/wp-content\\\/uploads\\\/2017\\\/10\\\/imagendestacadaowenfiss.jpg?fit=1264%2C1600&ssl=1\",\"keywords\":[\"Conversations with Owen Fiss\",\"Law in Latin America\",\"Law School ITAM\",\"Owen Fiss ITAM\",\"Rodolfo Vazquez ITAM\"],\"articleSection\":[\"Pol\u00edtica y Econom\u00eda\"],\"inLanguage\":\"en-US\",\"potentialAction\":[{\"@type\":\"CommentAction\",\"name\":\"Comment\",\"target\":[\"https:\\\/\\\/mundoitam.com\\\/en\\\/2018\\\/10\\\/09\\\/itam-honors-owen-fiss-with-the-distinguished-visiting-professor-title\\\/#respond\"]}]},{\"@type\":\"WebPage\",\"@id\":\"https:\\\/\\\/mundoitam.com\\\/en\\\/2018\\\/10\\\/09\\\/itam-honors-owen-fiss-with-the-distinguished-visiting-professor-title\\\/\",\"url\":\"https:\\\/\\\/mundoitam.com\\\/en\\\/2018\\\/10\\\/09\\\/itam-honors-owen-fiss-with-the-distinguished-visiting-professor-title\\\/\",\"name\":\"ITAM honors Owen Fiss with the Distinguished Visiting Professor Title -\",\"isPartOf\":{\"@id\":\"https:\\\/\\\/mundoitam.com\\\/en\\\/#website\"},\"primaryImageOfPage\":{\"@id\":\"https:\\\/\\\/mundoitam.com\\\/en\\\/2018\\\/10\\\/09\\\/itam-honors-owen-fiss-with-the-distinguished-visiting-professor-title\\\/#primaryimage\"},\"image\":{\"@id\":\"https:\\\/\\\/mundoitam.com\\\/en\\\/2018\\\/10\\\/09\\\/itam-honors-owen-fiss-with-the-distinguished-visiting-professor-title\\\/#primaryimage\"},\"thumbnailUrl\":\"https:\\\/\\\/i0.wp.com\\\/mundoitam.com\\\/wp-content\\\/uploads\\\/2017\\\/10\\\/imagendestacadaowenfiss.jpg?fit=1264%2C1600&ssl=1\",\"datePublished\":\"2018-10-09T17:56:41+00:00\",\"dateModified\":\"2018-10-09T18:12:14+00:00\",\"description\":\"During the set of conferences announced as Conversations with Owen Fiss, ITAM granted Owen Fiss the Distinguished Visiting Profesor title.\",\"breadcrumb\":{\"@id\":\"https:\\\/\\\/mundoitam.com\\\/en\\\/2018\\\/10\\\/09\\\/itam-honors-owen-fiss-with-the-distinguished-visiting-professor-title\\\/#breadcrumb\"},\"inLanguage\":\"en-US\",\"potentialAction\":[{\"@type\":\"ReadAction\",\"target\":[\"https:\\\/\\\/mundoitam.com\\\/en\\\/2018\\\/10\\\/09\\\/itam-honors-owen-fiss-with-the-distinguished-visiting-professor-title\\\/\"]}]},{\"@type\":\"ImageObject\",\"inLanguage\":\"en-US\",\"@id\":\"https:\\\/\\\/mundoitam.com\\\/en\\\/2018\\\/10\\\/09\\\/itam-honors-owen-fiss-with-the-distinguished-visiting-professor-title\\\/#primaryimage\",\"url\":\"https:\\\/\\\/i0.wp.com\\\/mundoitam.com\\\/wp-content\\\/uploads\\\/2017\\\/10\\\/imagendestacadaowenfiss.jpg?fit=1264%2C1600&ssl=1\",\"contentUrl\":\"https:\\\/\\\/i0.wp.com\\\/mundoitam.com\\\/wp-content\\\/uploads\\\/2017\\\/10\\\/imagendestacadaowenfiss.jpg?fit=1264%2C1600&ssl=1\",\"width\":1264,\"height\":1600,\"caption\":\"El Profesor Owen Fiss\"},{\"@type\":\"BreadcrumbList\",\"@id\":\"https:\\\/\\\/mundoitam.com\\\/en\\\/2018\\\/10\\\/09\\\/itam-honors-owen-fiss-with-the-distinguished-visiting-professor-title\\\/#breadcrumb\",\"itemListElement\":[{\"@type\":\"ListItem\",\"position\":1,\"name\":\"Portada\",\"item\":\"https:\\\/\\\/mundoitam.com\\\/en\\\/\"},{\"@type\":\"ListItem\",\"position\":2,\"name\":\"ITAM honors Owen Fiss with the Distinguished Visiting Professor Title\"}]},{\"@type\":\"WebSite\",\"@id\":\"https:\\\/\\\/mundoitam.com\\\/en\\\/#website\",\"url\":\"https:\\\/\\\/mundoitam.com\\\/en\\\/\",\"name\":\"Mundo ITAM\",\"description\":\"ITAM's digital media\",\"publisher\":{\"@id\":\"https:\\\/\\\/mundoitam.com\\\/en\\\/#organization\"},\"potentialAction\":[{\"@type\":\"SearchAction\",\"target\":{\"@type\":\"EntryPoint\",\"urlTemplate\":\"https:\\\/\\\/mundoitam.com\\\/en\\\/?s={search_term_string}\"},\"query-input\":{\"@type\":\"PropertyValueSpecification\",\"valueRequired\":true,\"valueName\":\"search_term_string\"}}],\"inLanguage\":\"en-US\"},{\"@type\":\"Organization\",\"@id\":\"https:\\\/\\\/mundoitam.com\\\/en\\\/#organization\",\"name\":\"ITAM\",\"url\":\"https:\\\/\\\/mundoitam.com\\\/en\\\/\",\"logo\":{\"@type\":\"ImageObject\",\"inLanguage\":\"en-US\",\"@id\":\"https:\\\/\\\/mundoitam.com\\\/en\\\/#\\\/schema\\\/logo\\\/image\\\/\",\"url\":\"https:\\\/\\\/i0.wp.com\\\/mundoitam.com\\\/wp-content\\\/uploads\\\/2018\\\/04\\\/unnamed.jpg?fit=900%2C900&ssl=1\",\"contentUrl\":\"https:\\\/\\\/i0.wp.com\\\/mundoitam.com\\\/wp-content\\\/uploads\\\/2018\\\/04\\\/unnamed.jpg?fit=900%2C900&ssl=1\",\"width\":900,\"height\":900,\"caption\":\"ITAM\"},\"image\":{\"@id\":\"https:\\\/\\\/mundoitam.com\\\/en\\\/#\\\/schema\\\/logo\\\/image\\\/\"},\"sameAs\":[\"https:\\\/\\\/www.facebook.com\\\/itam.mx\\\/\",\"https:\\\/\\\/x.com\\\/ITAM_mx\"]},{\"@type\":\"Person\",\"@id\":\"https:\\\/\\\/mundoitam.com\\\/en\\\/#\\\/schema\\\/person\\\/d1c2a212b8cca3de9f3e2092961fe46c\",\"name\":\"Mundo ITAM\",\"image\":{\"@type\":\"ImageObject\",\"inLanguage\":\"en-US\",\"@id\":\"https:\\\/\\\/secure.gravatar.com\\\/avatar\\\/effa39c51b7a22496338eaaffc67c59dcdc37718d0646f09dc7d534e3111533f?s=96&d=identicon&r=g\",\"url\":\"https:\\\/\\\/secure.gravatar.com\\\/avatar\\\/effa39c51b7a22496338eaaffc67c59dcdc37718d0646f09dc7d534e3111533f?s=96&d=identicon&r=g\",\"contentUrl\":\"https:\\\/\\\/secure.gravatar.com\\\/avatar\\\/effa39c51b7a22496338eaaffc67c59dcdc37718d0646f09dc7d534e3111533f?s=96&d=identicon&r=g\",\"caption\":\"Mundo ITAM\"},\"description\":\"Mundo ITAM es el blog oficial del Instituto Tecnol\u00f3gico Aut\u00f3nomo de M\u00e9xico. Aqu\u00ed podr\u00e1s informarte y aprender acerca de los temas que acaparan los titulares en M\u00e9xico y el mundo, a partir de los textos y videos de nuestras conferencias. Podr\u00e1s conoce a nuestros profesores destacados, en los \u00e1mbitos p\u00fablico y privado de nuestro pa\u00eds, gracias a las entrevistas exclusivas que aqu\u00ed te presentamos.\",\"url\":\"https:\\\/\\\/mundoitam.com\\\/en\\\/author\\\/mundoitam\\\/\"}]}<\/script>\n<!-- \/ Yoast SEO plugin. -->","yoast_head_json":{"title":"ITAM honors Owen Fiss with the Distinguished Visiting Professor Title -","description":"During the set of conferences announced as Conversations with Owen Fiss, ITAM granted Owen Fiss the Distinguished Visiting Profesor title.","robots":{"index":"index","follow":"follow","max-snippet":"max-snippet:-1","max-image-preview":"max-image-preview:large","max-video-preview":"max-video-preview:-1"},"canonical":"https:\/\/mundoitam.com\/en\/2018\/10\/09\/itam-honors-owen-fiss-with-the-distinguished-visiting-professor-title\/","og_locale":"en_US","og_type":"article","og_title":"ITAM honors Owen Fiss with the Distinguished Visiting Professor Title -","og_description":"During the set of conferences announced as Conversations with Owen Fiss, ITAM granted Owen Fiss the Distinguished Visiting Profesor title.","og_url":"https:\/\/mundoitam.com\/en\/2018\/10\/09\/itam-honors-owen-fiss-with-the-distinguished-visiting-professor-title\/","og_site_name":"Mundo ITAM","article_publisher":"https:\/\/www.facebook.com\/itam.mx\/","article_published_time":"2018-10-09T17:56:41+00:00","article_modified_time":"2018-10-09T18:12:14+00:00","og_image":[{"width":1264,"height":1600,"url":"https:\/\/i0.wp.com\/mundoitam.com\/wp-content\/uploads\/2017\/10\/imagendestacadaowenfiss.jpg?fit=1264%2C1600&ssl=1","type":"image\/jpeg"}],"author":"Mundo ITAM","twitter_card":"summary_large_image","twitter_creator":"@ITAM_mx","twitter_site":"@ITAM_mx","twitter_misc":{"Written by":"Mundo ITAM","Est. reading time":"2 minutes"},"schema":{"@context":"https:\/\/schema.org","@graph":[{"@type":"Article","@id":"https:\/\/mundoitam.com\/en\/2018\/10\/09\/itam-honors-owen-fiss-with-the-distinguished-visiting-professor-title\/#article","isPartOf":{"@id":"https:\/\/mundoitam.com\/en\/2018\/10\/09\/itam-honors-owen-fiss-with-the-distinguished-visiting-professor-title\/"},"author":{"name":"Mundo ITAM","@id":"https:\/\/mundoitam.com\/en\/#\/schema\/person\/d1c2a212b8cca3de9f3e2092961fe46c"},"headline":"ITAM honors Owen Fiss with the Distinguished Visiting Professor Title","datePublished":"2018-10-09T17:56:41+00:00","dateModified":"2018-10-09T18:12:14+00:00","mainEntityOfPage":{"@id":"https:\/\/mundoitam.com\/en\/2018\/10\/09\/itam-honors-owen-fiss-with-the-distinguished-visiting-professor-title\/"},"wordCount":371,"commentCount":0,"publisher":{"@id":"https:\/\/mundoitam.com\/en\/#organization"},"image":{"@id":"https:\/\/mundoitam.com\/en\/2018\/10\/09\/itam-honors-owen-fiss-with-the-distinguished-visiting-professor-title\/#primaryimage"},"thumbnailUrl":"https:\/\/i0.wp.com\/mundoitam.com\/wp-content\/uploads\/2017\/10\/imagendestacadaowenfiss.jpg?fit=1264%2C1600&ssl=1","keywords":["Conversations with Owen Fiss","Law in Latin America","Law School ITAM","Owen Fiss ITAM","Rodolfo Vazquez ITAM"],"articleSection":["Pol\u00edtica y Econom\u00eda"],"inLanguage":"en-US","potentialAction":[{"@type":"CommentAction","name":"Comment","target":["https:\/\/mundoitam.com\/en\/2018\/10\/09\/itam-honors-owen-fiss-with-the-distinguished-visiting-professor-title\/#respond"]}]},{"@type":"WebPage","@id":"https:\/\/mundoitam.com\/en\/2018\/10\/09\/itam-honors-owen-fiss-with-the-distinguished-visiting-professor-title\/","url":"https:\/\/mundoitam.com\/en\/2018\/10\/09\/itam-honors-owen-fiss-with-the-distinguished-visiting-professor-title\/","name":"ITAM honors Owen Fiss with the Distinguished Visiting Professor Title -","isPartOf":{"@id":"https:\/\/mundoitam.com\/en\/#website"},"primaryImageOfPage":{"@id":"https:\/\/mundoitam.com\/en\/2018\/10\/09\/itam-honors-owen-fiss-with-the-distinguished-visiting-professor-title\/#primaryimage"},"image":{"@id":"https:\/\/mundoitam.com\/en\/2018\/10\/09\/itam-honors-owen-fiss-with-the-distinguished-visiting-professor-title\/#primaryimage"},"thumbnailUrl":"https:\/\/i0.wp.com\/mundoitam.com\/wp-content\/uploads\/2017\/10\/imagendestacadaowenfiss.jpg?fit=1264%2C1600&ssl=1","datePublished":"2018-10-09T17:56:41+00:00","dateModified":"2018-10-09T18:12:14+00:00","description":"During the set of conferences announced as Conversations with Owen Fiss, ITAM granted Owen Fiss the Distinguished Visiting Profesor title.","breadcrumb":{"@id":"https:\/\/mundoitam.com\/en\/2018\/10\/09\/itam-honors-owen-fiss-with-the-distinguished-visiting-professor-title\/#breadcrumb"},"inLanguage":"en-US","potentialAction":[{"@type":"ReadAction","target":["https:\/\/mundoitam.com\/en\/2018\/10\/09\/itam-honors-owen-fiss-with-the-distinguished-visiting-professor-title\/"]}]},{"@type":"ImageObject","inLanguage":"en-US","@id":"https:\/\/mundoitam.com\/en\/2018\/10\/09\/itam-honors-owen-fiss-with-the-distinguished-visiting-professor-title\/#primaryimage","url":"https:\/\/i0.wp.com\/mundoitam.com\/wp-content\/uploads\/2017\/10\/imagendestacadaowenfiss.jpg?fit=1264%2C1600&ssl=1","contentUrl":"https:\/\/i0.wp.com\/mundoitam.com\/wp-content\/uploads\/2017\/10\/imagendestacadaowenfiss.jpg?fit=1264%2C1600&ssl=1","width":1264,"height":1600,"caption":"El Profesor Owen Fiss"},{"@type":"BreadcrumbList","@id":"https:\/\/mundoitam.com\/en\/2018\/10\/09\/itam-honors-owen-fiss-with-the-distinguished-visiting-professor-title\/#breadcrumb","itemListElement":[{"@type":"ListItem","position":1,"name":"Portada","item":"https:\/\/mundoitam.com\/en\/"},{"@type":"ListItem","position":2,"name":"ITAM honors Owen Fiss with the Distinguished Visiting Professor Title"}]},{"@type":"WebSite","@id":"https:\/\/mundoitam.com\/en\/#website","url":"https:\/\/mundoitam.com\/en\/","name":"Mundo ITAM","description":"ITAM's digital media","publisher":{"@id":"https:\/\/mundoitam.com\/en\/#organization"},"potentialAction":[{"@type":"SearchAction","target":{"@type":"EntryPoint","urlTemplate":"https:\/\/mundoitam.com\/en\/?s={search_term_string}"},"query-input":{"@type":"PropertyValueSpecification","valueRequired":true,"valueName":"search_term_string"}}],"inLanguage":"en-US"},{"@type":"Organization","@id":"https:\/\/mundoitam.com\/en\/#organization","name":"ITAM","url":"https:\/\/mundoitam.com\/en\/","logo":{"@type":"ImageObject","inLanguage":"en-US","@id":"https:\/\/mundoitam.com\/en\/#\/schema\/logo\/image\/","url":"https:\/\/i0.wp.com\/mundoitam.com\/wp-content\/uploads\/2018\/04\/unnamed.jpg?fit=900%2C900&ssl=1","contentUrl":"https:\/\/i0.wp.com\/mundoitam.com\/wp-content\/uploads\/2018\/04\/unnamed.jpg?fit=900%2C900&ssl=1","width":900,"height":900,"caption":"ITAM"},"image":{"@id":"https:\/\/mundoitam.com\/en\/#\/schema\/logo\/image\/"},"sameAs":["https:\/\/www.facebook.com\/itam.mx\/","https:\/\/x.com\/ITAM_mx"]},{"@type":"Person","@id":"https:\/\/mundoitam.com\/en\/#\/schema\/person\/d1c2a212b8cca3de9f3e2092961fe46c","name":"Mundo ITAM","image":{"@type":"ImageObject","inLanguage":"en-US","@id":"https:\/\/secure.gravatar.com\/avatar\/effa39c51b7a22496338eaaffc67c59dcdc37718d0646f09dc7d534e3111533f?s=96&d=identicon&r=g","url":"https:\/\/secure.gravatar.com\/avatar\/effa39c51b7a22496338eaaffc67c59dcdc37718d0646f09dc7d534e3111533f?s=96&d=identicon&r=g","contentUrl":"https:\/\/secure.gravatar.com\/avatar\/effa39c51b7a22496338eaaffc67c59dcdc37718d0646f09dc7d534e3111533f?s=96&d=identicon&r=g","caption":"Mundo ITAM"},"description":"Mundo ITAM es el blog oficial del Instituto Tecnol\u00f3gico Aut\u00f3nomo de M\u00e9xico. Aqu\u00ed podr\u00e1s informarte y aprender acerca de los temas que acaparan los titulares en M\u00e9xico y el mundo, a partir de los textos y videos de nuestras conferencias. Podr\u00e1s conoce a nuestros profesores destacados, en los \u00e1mbitos p\u00fablico y privado de nuestro pa\u00eds, gracias a las entrevistas exclusivas que aqu\u00ed te presentamos.","url":"https:\/\/mundoitam.com\/en\/author\/mundoitam\/"}]}},"jetpack_publicize_connections":[],"jetpack_featured_media_url":"https:\/\/i0.wp.com\/mundoitam.com\/wp-content\/uploads\/2017\/10\/imagendestacadaowenfiss.jpg?fit=1264%2C1600&ssl=1","jetpack_sharing_enabled":true,"jetpack_shortlink":"https:\/\/wp.me\/pCVpr-2KG","jetpack_likes_enabled":true,"jetpack-related-posts":[{"id":6312,"url":"https:\/\/mundoitam.com\/2017\/10\/11\/el-itam-honra-a-owen-fiss-con-el-titulo-profesor-visitante-distinguido\/","url_meta":{"origin":10582,"position":0},"title":"El ITAM honra a Owen Fiss con el t\u00edtulo \u201cProfesor Visitante Distinguido\u201d\u00a0","author":"Mundo ITAM","date":"11 October 2017","format":false,"excerpt":"Durante la serie de conferencias anunciadas como Conversaciones con Owen Fiss, el ITAM y su Departamento Acad\u00e9mico de Derecho, distinguieron al profesor em\u00e9rito de Yale, Owen Fiss, como Profesor Visitante Distinguido del ITAM.","rel":"","context":"In &quot;Pol\u00edtica y Econom\u00eda&quot;","block_context":{"text":"Pol\u00edtica y Econom\u00eda","link":"https:\/\/mundoitam.com\/category\/politica-y-economia\/"},"img":{"alt_text":"","src":"https:\/\/i0.wp.com\/mundoitam.com\/wp-content\/uploads\/2017\/10\/imagendestacadaowenfiss.jpg?fit=948%2C1200&ssl=1&resize=350%2C200","width":350,"height":200,"srcset":"https:\/\/i0.wp.com\/mundoitam.com\/wp-content\/uploads\/2017\/10\/imagendestacadaowenfiss.jpg?fit=948%2C1200&ssl=1&resize=350%2C200 1x, https:\/\/i0.wp.com\/mundoitam.com\/wp-content\/uploads\/2017\/10\/imagendestacadaowenfiss.jpg?fit=948%2C1200&ssl=1&resize=525%2C300 1.5x, https:\/\/i0.wp.com\/mundoitam.com\/wp-content\/uploads\/2017\/10\/imagendestacadaowenfiss.jpg?fit=948%2C1200&ssl=1&resize=700%2C400 2x"},"classes":[]},{"id":16335,"url":"https:\/\/mundoitam.com\/en\/2020\/11\/26\/itam-and-ie-university-sign-an-agreement-to-offer-a-double-degree-in-law\/","url_meta":{"origin":10582,"position":1},"title":"ITAM and IE University sign an agreement to offer a double degree in Law","author":"Mundo ITAM","date":"26 November 2020","format":false,"excerpt":"The Academic Department of Law of ITAM, and IE Law School of IE University (Madrid) have signed a collaboration agreement to offer a new Double Degree Program in Law for both institutions. This program will allow law students to obtain two degrees: the Bachelor's Degree in Law (adapted to the\u2026","rel":"","context":"In &quot;Education and Social Responsability&quot;","block_context":{"text":"Education and Social Responsability","link":"https:\/\/mundoitam.com\/en\/category\/education-and-social-responsability\/"},"img":{"alt_text":"ITAM e IE University anuncian doble grado en Derecho","src":"https:\/\/i0.wp.com\/mundoitam.com\/wp-content\/uploads\/2020\/11\/Doble-grado-ITAM-IE.png?fit=1200%2C1200&ssl=1&resize=350%2C200","width":350,"height":200,"srcset":"https:\/\/i0.wp.com\/mundoitam.com\/wp-content\/uploads\/2020\/11\/Doble-grado-ITAM-IE.png?fit=1200%2C1200&ssl=1&resize=350%2C200 1x, https:\/\/i0.wp.com\/mundoitam.com\/wp-content\/uploads\/2020\/11\/Doble-grado-ITAM-IE.png?fit=1200%2C1200&ssl=1&resize=525%2C300 1.5x, https:\/\/i0.wp.com\/mundoitam.com\/wp-content\/uploads\/2020\/11\/Doble-grado-ITAM-IE.png?fit=1200%2C1200&ssl=1&resize=700%2C400 2x, https:\/\/i0.wp.com\/mundoitam.com\/wp-content\/uploads\/2020\/11\/Doble-grado-ITAM-IE.png?fit=1200%2C1200&ssl=1&resize=1050%2C600 3x"},"classes":[]},{"id":7704,"url":"https:\/\/mundoitam.com\/en\/2018\/05\/22\/carrera-al-universo-and-merito-profesional-2015-awards\/","url_meta":{"origin":10582,"position":2},"title":"Carrera al Universo and M\u00e9rito Profesional 2015 Awards Ceremony","author":"Mundo ITAM","date":"22 May 2018","format":false,"excerpt":"ITAM and its Alumni Association have been presenting Carrera al Universo and M\u00e9rito Profesional (Professional Merit) awards since 1999.\u00a0 In its 2015 award edition, Dr. Jos\u00e9 Antonio Meade Kuribre\u00f1a, Ministry of Social Development, was the deserving recipient of the Carrera al Universo award. This is ITAM\u2019s highest honor which is\u2026","rel":"","context":"In &quot;Homage&quot;","block_context":{"text":"Homage","link":"https:\/\/mundoitam.com\/en\/category\/homage\/"},"img":{"alt_text":"Carrera al Universo Jos\u00e9 Antonio Meade","src":"https:\/\/i0.wp.com\/mundoitam.com\/wp-content\/uploads\/2018\/05\/9.jpg?fit=1200%2C800&ssl=1&resize=350%2C200","width":350,"height":200,"srcset":"https:\/\/i0.wp.com\/mundoitam.com\/wp-content\/uploads\/2018\/05\/9.jpg?fit=1200%2C800&ssl=1&resize=350%2C200 1x, https:\/\/i0.wp.com\/mundoitam.com\/wp-content\/uploads\/2018\/05\/9.jpg?fit=1200%2C800&ssl=1&resize=525%2C300 1.5x, https:\/\/i0.wp.com\/mundoitam.com\/wp-content\/uploads\/2018\/05\/9.jpg?fit=1200%2C800&ssl=1&resize=700%2C400 2x, https:\/\/i0.wp.com\/mundoitam.com\/wp-content\/uploads\/2018\/05\/9.jpg?fit=1200%2C800&ssl=1&resize=1050%2C600 3x"},"classes":[]},{"id":16455,"url":"https:\/\/mundoitam.com\/en\/2020\/12\/03\/itam-held-the-inter-institutional-seminar-on-better-practices-to-eradicate-gender-violence-in-universities\/","url_meta":{"origin":10582,"position":3},"title":"ITAM held the inter-institutional seminar on better practices to eradicate gender violence in universities","author":"Mundo ITAM","date":"3 December 2020","format":false,"excerpt":"On Wednesday, November 11, the Better Practices Seminar to Prevent, Attend, Punish and Eradicate Gender Violence in the University Context, organized by ITAM, was held. Representatives from UNAM, CIDE, Ibero, El Colegio de M\u00e9xico and Escuela Libre de Derecho participated in the seminar. A shared commitment to eradicate gender-based violence\u2026","rel":"","context":"In &quot;Conferences&quot;","block_context":{"text":"Conferences","link":"https:\/\/mundoitam.com\/en\/category\/conferences\/"},"img":{"alt_text":"","src":"https:\/\/i0.wp.com\/mundoitam.com\/wp-content\/uploads\/2020\/11\/acoso-2.png?fit=740%2C580&ssl=1&resize=350%2C200","width":350,"height":200,"srcset":"https:\/\/i0.wp.com\/mundoitam.com\/wp-content\/uploads\/2020\/11\/acoso-2.png?fit=740%2C580&ssl=1&resize=350%2C200 1x, https:\/\/i0.wp.com\/mundoitam.com\/wp-content\/uploads\/2020\/11\/acoso-2.png?fit=740%2C580&ssl=1&resize=525%2C300 1.5x, https:\/\/i0.wp.com\/mundoitam.com\/wp-content\/uploads\/2020\/11\/acoso-2.png?fit=740%2C580&ssl=1&resize=700%2C400 2x"},"classes":[]},{"id":21587,"url":"https:\/\/mundoitam.com\/en\/2022\/11\/14\/an-interview-with-victor-villavicencio-our-general-studies-drummer\/","url_meta":{"origin":10582,"position":4},"title":"An interview with Victor Villavicencio, our General Studies drummer","author":"Mundo ITAM","date":"14 November 2022","format":false,"excerpt":"We interview Dr. V\u00edctor Villavicencio, professor at the General Studies Academic department, who took control of the drums at the Jazz concert of our General Studies week event.","rel":"","context":"In &quot;Education and Social Responsability&quot;","block_context":{"text":"Education and Social Responsability","link":"https:\/\/mundoitam.com\/en\/category\/education-and-social-responsability\/"},"img":{"alt_text":"","src":"https:\/\/i0.wp.com\/mundoitam.com\/wp-content\/uploads\/2022\/10\/WhatsApp-Image-2022-10-15-at-8.39.16-AM.jpeg?fit=1024%2C768&ssl=1&resize=350%2C200","width":350,"height":200,"srcset":"https:\/\/i0.wp.com\/mundoitam.com\/wp-content\/uploads\/2022\/10\/WhatsApp-Image-2022-10-15-at-8.39.16-AM.jpeg?fit=1024%2C768&ssl=1&resize=350%2C200 1x, https:\/\/i0.wp.com\/mundoitam.com\/wp-content\/uploads\/2022\/10\/WhatsApp-Image-2022-10-15-at-8.39.16-AM.jpeg?fit=1024%2C768&ssl=1&resize=525%2C300 1.5x, https:\/\/i0.wp.com\/mundoitam.com\/wp-content\/uploads\/2022\/10\/WhatsApp-Image-2022-10-15-at-8.39.16-AM.jpeg?fit=1024%2C768&ssl=1&resize=700%2C400 2x"},"classes":[]},{"id":7727,"url":"https:\/\/mundoitam.com\/en\/2018\/05\/23\/keynote-speech-the-humanities-and-university\/","url_meta":{"origin":10582,"position":5},"title":"Keynote Speech: \u201cThe Humanities and University\u201d","author":"Mundo ITAM","date":"23 May 2018","format":false,"excerpt":"In his keynote speech, Dr. Gabriel Vargas Lozano, distinguished professor from Universidad Aut\u00f3noma Metropolitana, encouraged students to protect Mexico\u2019s humanities programs. This was motivated by the government of Japan\u2019s recent decision to force its universities to close all its humanities departments in order to meet the demands of technical professions.\u2026","rel":"","context":"In &quot;Conferences&quot;","block_context":{"text":"Conferences","link":"https:\/\/mundoitam.com\/en\/category\/conferences\/"},"img":{"alt_text":"","src":"https:\/\/i0.wp.com\/mundoitam.com\/wp-content\/uploads\/2018\/05\/DSC_0233corregida.jpg?fit=1200%2C800&ssl=1&resize=350%2C200","width":350,"height":200,"srcset":"https:\/\/i0.wp.com\/mundoitam.com\/wp-content\/uploads\/2018\/05\/DSC_0233corregida.jpg?fit=1200%2C800&ssl=1&resize=350%2C200 1x, https:\/\/i0.wp.com\/mundoitam.com\/wp-content\/uploads\/2018\/05\/DSC_0233corregida.jpg?fit=1200%2C800&ssl=1&resize=525%2C300 1.5x, https:\/\/i0.wp.com\/mundoitam.com\/wp-content\/uploads\/2018\/05\/DSC_0233corregida.jpg?fit=1200%2C800&ssl=1&resize=700%2C400 2x, https:\/\/i0.wp.com\/mundoitam.com\/wp-content\/uploads\/2018\/05\/DSC_0233corregida.jpg?fit=1200%2C800&ssl=1&resize=1050%2C600 3x"},"classes":[]}],"amp_enabled":true,"_links":{"self":[{"href":"https:\/\/mundoitam.com\/en\/wp-json\/wp\/v2\/posts\/10582","targetHints":{"allow":["GET"]}}],"collection":[{"href":"https:\/\/mundoitam.com\/en\/wp-json\/wp\/v2\/posts"}],"about":[{"href":"https:\/\/mundoitam.com\/en\/wp-json\/wp\/v2\/types\/post"}],"author":[{"embeddable":true,"href":"https:\/\/mundoitam.com\/en\/wp-json\/wp\/v2\/users\/10"}],"replies":[{"embeddable":true,"href":"https:\/\/mundoitam.com\/en\/wp-json\/wp\/v2\/comments?post=10582"}],"version-history":[{"count":7,"href":"https:\/\/mundoitam.com\/en\/wp-json\/wp\/v2\/posts\/10582\/revisions"}],"predecessor-version":[{"id":10595,"href":"https:\/\/mundoitam.com\/en\/wp-json\/wp\/v2\/posts\/10582\/revisions\/10595"}],"wp:featuredmedia":[{"embeddable":true,"href":"https:\/\/mundoitam.com\/en\/wp-json\/wp\/v2\/media\/9782"}],"wp:attachment":[{"href":"https:\/\/mundoitam.com\/en\/wp-json\/wp\/v2\/media?parent=10582"}],"wp:term":[{"taxonomy":"category","embeddable":true,"href":"https:\/\/mundoitam.com\/en\/wp-json\/wp\/v2\/categories?post=10582"},{"taxonomy":"post_tag","embeddable":true,"href":"https:\/\/mundoitam.com\/en\/wp-json\/wp\/v2\/tags?post=10582"}],"curies":[{"name":"wp","href":"https:\/\/api.w.org\/{rel}","templated":true}]}}