{"id":13779,"date":"2019-11-21T11:47:41","date_gmt":"2019-11-21T16:47:41","guid":{"rendered":"https:\/\/mundoitam.com\/2019\/11\/21\/cybercrime-what-to-do-to-prevent-it\/"},"modified":"2020-03-02T16:19:26","modified_gmt":"2020-03-02T21:19:26","slug":"cybercrime-what-to-do-to-prevent-it","status":"publish","type":"post","link":"https:\/\/mundoitam.com\/en\/2019\/11\/21\/cybercrime-what-to-do-to-prevent-it\/","title":{"rendered":"Cybercrime: What to Do to Prevent It"},"content":{"rendered":"<p>What does the future of information hold for us, at a time when we have so many digital businesses at our fingertips? In a conference at ITAM, Professor Fernando Gamallo explained the meaning of cybersecurity and the importance of protecting our virtual information to correctly prevent cybercrime, especially in the case of young people.<br \/>\nGamallo began his presentation speaking about the enormous amount of information that has been produced in the past 15 years. He described the event as an \u201cinformation revolution.\u201d This is manifested digitally in the global connection.<\/p><div id=\"mundo-3320046633\" class=\"mundo-contenido mundo-entity-placement\" style=\"margin-top: 20px;margin-bottom: 20px;\"><style type=\"text\/css\">\r\n .ad-square h3 { \r\n\tfont-size: 11px;\r\n    font-weight: 300;\r\n    letter-spacing: 2.3px;\r\n    color: #6a6c6e;\r\n    font-weight: normal;\r\n    margin: 18px 0;  \r\n\tfont-family: \"Lato\", \"Helvetica Neue\", Helvetica, Arial, sans-serif;\r\n\t}\r\n<\/style>\r\n\r\n<!--<center> <div class=\"ad-square\">\r\n\t\t\t\t\t\t\t<h3>ANUNCIO<\/h3>\r\n<a href=\"https:\/\/noche.itam.mx\/\" target=\"_blank\"><img decoding=\"async\" width=\"300\" src=\"https:\/\/mundoitam.com\/wp-content\/uploads\/2021\/11\/noche-itam-v2.png\" alt=\"Anuncio\" style=\"border: none; display: block;\"><\/a>\r\n\r\n<\/div> <\/center>--><\/div>\n<p>&nbsp;<\/p>\n<h2>The Importance of Information in Recent Generations<\/h2>\n<p>To understand the influence that access to information and digital media has on our lives, Gamallo explained the consumption preferences and their evolution over the past 100 years. Technology has gained an increasing presence in people\u2019s daily lives. This process began with those born in the early 20th century, known as the \u201csilent generation,\u201d and culminating with the most recent one, Generation Z. It is Generation Z whose skill in the use of technology allows it to hold the world in its hands. Also, the digital connection between people and things is growing. The service consumption rates in 2018 show that electronic applications and devices facilitate entertainment, transportation, consumption and interaction.<\/p>\n<h2>The Dangerous Side of New Technologies<\/h2>\n<p>Technology boom has brought about the emergence of so-called cybercrime. Around the world, individuals and companies have been targets of attacks which seek to steal personal data from users. The stolen information includes passwords, credit card data, passport scans, email accounts, phone numbers, clinical records, purchasing or credit histories, GPS localizations and game accounts. Our devices have registered access data to personal information, and it is the financial incentive for the information to be priced in the Dark Web Market Price Index which leads to this boom in the virtual economy being subject to virtual attacks. In Mexico alone, the population receives 1.5 million cyberattacks a day (Forbes) and 79% of Mexican companies have suffered a cyberattack (El Financiero).<\/p>\n<h2><\/h2>\n<h2>Different Type of Cybercrime<\/h2>\n<p>Professor Gamallo then proceeded to reveal the different information theft tactics used today. They are: social engineering (psychological manipulation during human interaction to obtain information, to carry out fraud or to obtain illegitimate access to the victim\u2019s equipment), phishing (use of emails or other technological tools to impersonate a trusted agency and steal information), vishing (social engineering through voice that recreates automated voices similar to those of banks), smishing (impersonation technique to obtain personal information through messaging systems) and fappening (phishing (impersonation used to obtain intimate photos of celebrities in 2014).<br \/>\nThese methods use as a tool a Malware (Malicious Software), a program that is introduced into devices. The software blocks, corrupts or steals information using a zero-day attack. This program exploits the vulnerabilities of an operative system or application that are unknown to users.<\/p>\n<p>&nbsp;<\/p>\n<h2>Measures to Prevent Cybercrime<\/h2>\n<p>Finally, Dr. Gamallo presented various strategies that users of electronic devices can implement to provide the maximum protection possible for their information, and in this way, prevent cybercrime. These include backing up information, keeping the operating system up to date on devices, installing antivirus software, creating unique passwords, selecting creative security responses, avoiding the use of free Wi-Fi, taking care of information inside and outside social networks, checking account statements regularly, checking the financial status, blocking the cellphone, avoiding apps that require location, and avoiding the use of external USB flash drives.<br \/>\nFernando Gamallo has a degree in communications and electronics from the Instituto Polit\u00e9cnico Nacional (IPN).<\/p>\n<div id=\"mundo-2114442468\" class=\"mundo-despues-del-contenido mundo-entity-placement\"><style type=\"text\/css\">\r\n .ad-square h3 { \r\n\tfont-size: 11px;\r\n    font-weight: 300;\r\n    letter-spacing: 2.3px;\r\n    color: #6a6c6e;\r\n    font-weight: normal;\r\n    margin: 18px 0;  \r\n\tfont-family: \"Lato\", \"Helvetica Neue\", Helvetica, Arial, sans-serif;\r\n\t}\r\n<\/style>\r\n\r\n<center> <div class=\"ad-square\">\r\n\t\t\t\t\t\t\t<h3>ANUNCIO<\/h3>\r\n<a href=\"https:\/\/aspirantes.itam.mx\/proceso-admision\/?utm_source=itam&utm_medium=mundoitam&utm_campaign=organico\" target=\"_blank\"><img decoding=\"async\" width=\"800\" src=\"https:\/\/mundoitam.com\/wp-content\/uploads\/2021\/06\/banner-aspitantes-1.png \" alt=\"Anuncio\" style=\"border: none; display: block;\"><\/a>\r\n\r\n<\/div> <\/center> <\/div>","protected":false},"excerpt":{"rendered":"<p>What does the future of information hold for us, at a time when we have so many digital businesses at our fingertips? In a conference at ITAM, Professor Fernando Gamallo explained the meaning of cybersecurity and the importance of protecting our virtual information to correctly prevent cybercrime, especially in the case of young people. Gamallo&#8230; <\/p>\n<div class=\"link-more\"><a href=\"https:\/\/mundoitam.com\/en\/2019\/11\/21\/cybercrime-what-to-do-to-prevent-it\/\">Read More<\/a><\/div>\n","protected":false},"author":10,"featured_media":12984,"comment_status":"open","ping_status":"open","sticky":false,"template":"","format":"standard","meta":{"_jetpack_newsletter_access":"","_jetpack_dont_email_post_to_subs":false,"_jetpack_newsletter_tier_id":0,"_jetpack_memberships_contains_paywalled_content":false,"_wpcom_ai_launchpad_first_post":false,"_jetpack_feature_clip_id":0,"_jetpack_memberships_contains_paid_content":false,"footnotes":"","jetpack_publicize_message":"{title}\n\n{excerpt}\n\n{url}","jetpack_publicize_feature_enabled":true,"jetpack_social_post_already_shared":true,"jetpack_social_options":{"image_generator_settings":{"template":"highway","default_image_id":0,"font":"","enabled":false},"version":2},"_wpas_customize_per_network":false,"jetpack_post_was_ever_published":false},"categories":[579146071],"tags":[579146655,579146654,579146657,579146656,579146658],"class_list":["post-13779","post","type-post","status-publish","format-standard","has-post-thumbnail","hentry","category-conferences","tag-cybercrime","tag-cybernetic-security","tag-information-revolution","tag-secure-information","tag-virtual-information"],"yoast_head":"<!-- This site is optimized with the Yoast SEO plugin v28.4 - https:\/\/yoast.com\/product\/yoast-seo-wordpress\/ -->\n<title>Cybercrime: What to Do to Prevent It - Mundo ITAM<\/title>\n<meta name=\"description\" content=\"Fernando Gamallo explained the importance of protecting our virtual information for the correct prevention of cybercrime.\" \/>\n<meta name=\"robots\" content=\"index, follow, max-snippet:-1, max-image-preview:large, max-video-preview:-1\" \/>\n<link rel=\"canonical\" href=\"https:\/\/mundoitam.com\/en\/2019\/11\/21\/cybercrime-what-to-do-to-prevent-it\/\" \/>\n<meta property=\"og:locale\" content=\"en_US\" \/>\n<meta property=\"og:type\" content=\"article\" \/>\n<meta property=\"og:title\" content=\"Cybercrime: What to Do to Prevent It - Mundo ITAM\" \/>\n<meta property=\"og:description\" content=\"Fernando Gamallo explained the importance of protecting our virtual information for the correct prevention of cybercrime.\" \/>\n<meta property=\"og:url\" content=\"https:\/\/mundoitam.com\/en\/2019\/11\/21\/cybercrime-what-to-do-to-prevent-it\/\" \/>\n<meta property=\"og:site_name\" content=\"Mundo ITAM\" \/>\n<meta property=\"article:publisher\" content=\"https:\/\/www.facebook.com\/itam.mx\/\" \/>\n<meta property=\"article:published_time\" content=\"2019-11-21T16:47:41+00:00\" \/>\n<meta property=\"article:modified_time\" content=\"2020-03-02T21:19:26+00:00\" \/>\n<meta property=\"og:image\" content=\"https:\/\/i0.wp.com\/mundoitam.com\/wp-content\/uploads\/2019\/05\/3.png?fit=345%2C449&ssl=1\" \/>\n\t<meta property=\"og:image:width\" content=\"345\" \/>\n\t<meta property=\"og:image:height\" content=\"449\" \/>\n\t<meta property=\"og:image:type\" content=\"image\/png\" \/>\n<meta name=\"author\" content=\"Mundo ITAM\" \/>\n<meta name=\"twitter:card\" content=\"summary_large_image\" \/>\n<meta name=\"twitter:creator\" content=\"@ITAM_mx\" \/>\n<meta name=\"twitter:site\" content=\"@ITAM_mx\" \/>\n<meta name=\"twitter:label1\" content=\"Written by\" \/>\n\t<meta name=\"twitter:data1\" content=\"Mundo ITAM\" \/>\n\t<meta name=\"twitter:label2\" content=\"Est. reading time\" \/>\n\t<meta name=\"twitter:data2\" content=\"3 minutes\" \/>\n<script type=\"application\/ld+json\" class=\"yoast-schema-graph\">{\"@context\":\"https:\\\/\\\/schema.org\",\"@graph\":[{\"@type\":\"Article\",\"@id\":\"https:\\\/\\\/mundoitam.com\\\/en\\\/2019\\\/11\\\/21\\\/cybercrime-what-to-do-to-prevent-it\\\/#article\",\"isPartOf\":{\"@id\":\"https:\\\/\\\/mundoitam.com\\\/en\\\/2019\\\/11\\\/21\\\/cybercrime-what-to-do-to-prevent-it\\\/\"},\"author\":{\"name\":\"Mundo ITAM\",\"@id\":\"https:\\\/\\\/mundoitam.com\\\/en\\\/#\\\/schema\\\/person\\\/d1c2a212b8cca3de9f3e2092961fe46c\"},\"headline\":\"Cybercrime: What to Do to Prevent It\",\"datePublished\":\"2019-11-21T16:47:41+00:00\",\"dateModified\":\"2020-03-02T21:19:26+00:00\",\"mainEntityOfPage\":{\"@id\":\"https:\\\/\\\/mundoitam.com\\\/en\\\/2019\\\/11\\\/21\\\/cybercrime-what-to-do-to-prevent-it\\\/\"},\"wordCount\":589,\"commentCount\":0,\"publisher\":{\"@id\":\"https:\\\/\\\/mundoitam.com\\\/en\\\/#organization\"},\"image\":{\"@id\":\"https:\\\/\\\/mundoitam.com\\\/en\\\/2019\\\/11\\\/21\\\/cybercrime-what-to-do-to-prevent-it\\\/#primaryimage\"},\"thumbnailUrl\":\"https:\\\/\\\/i0.wp.com\\\/mundoitam.com\\\/wp-content\\\/uploads\\\/2019\\\/05\\\/3.png?fit=345%2C449&ssl=1\",\"keywords\":[\"cybercrime\",\"cybernetic security\",\"information revolution\",\"secure information\",\"virtual information\"],\"articleSection\":[\"Conferences\"],\"inLanguage\":\"en-US\",\"potentialAction\":[{\"@type\":\"CommentAction\",\"name\":\"Comment\",\"target\":[\"https:\\\/\\\/mundoitam.com\\\/en\\\/2019\\\/11\\\/21\\\/cybercrime-what-to-do-to-prevent-it\\\/#respond\"]}]},{\"@type\":\"WebPage\",\"@id\":\"https:\\\/\\\/mundoitam.com\\\/en\\\/2019\\\/11\\\/21\\\/cybercrime-what-to-do-to-prevent-it\\\/\",\"url\":\"https:\\\/\\\/mundoitam.com\\\/en\\\/2019\\\/11\\\/21\\\/cybercrime-what-to-do-to-prevent-it\\\/\",\"name\":\"Cybercrime: What to Do to Prevent It - Mundo ITAM\",\"isPartOf\":{\"@id\":\"https:\\\/\\\/mundoitam.com\\\/en\\\/#website\"},\"primaryImageOfPage\":{\"@id\":\"https:\\\/\\\/mundoitam.com\\\/en\\\/2019\\\/11\\\/21\\\/cybercrime-what-to-do-to-prevent-it\\\/#primaryimage\"},\"image\":{\"@id\":\"https:\\\/\\\/mundoitam.com\\\/en\\\/2019\\\/11\\\/21\\\/cybercrime-what-to-do-to-prevent-it\\\/#primaryimage\"},\"thumbnailUrl\":\"https:\\\/\\\/i0.wp.com\\\/mundoitam.com\\\/wp-content\\\/uploads\\\/2019\\\/05\\\/3.png?fit=345%2C449&ssl=1\",\"datePublished\":\"2019-11-21T16:47:41+00:00\",\"dateModified\":\"2020-03-02T21:19:26+00:00\",\"description\":\"Fernando Gamallo explained the importance of protecting our virtual information for the correct prevention of cybercrime.\",\"breadcrumb\":{\"@id\":\"https:\\\/\\\/mundoitam.com\\\/en\\\/2019\\\/11\\\/21\\\/cybercrime-what-to-do-to-prevent-it\\\/#breadcrumb\"},\"inLanguage\":\"en-US\",\"potentialAction\":[{\"@type\":\"ReadAction\",\"target\":[\"https:\\\/\\\/mundoitam.com\\\/en\\\/2019\\\/11\\\/21\\\/cybercrime-what-to-do-to-prevent-it\\\/\"]}]},{\"@type\":\"ImageObject\",\"inLanguage\":\"en-US\",\"@id\":\"https:\\\/\\\/mundoitam.com\\\/en\\\/2019\\\/11\\\/21\\\/cybercrime-what-to-do-to-prevent-it\\\/#primaryimage\",\"url\":\"https:\\\/\\\/i0.wp.com\\\/mundoitam.com\\\/wp-content\\\/uploads\\\/2019\\\/05\\\/3.png?fit=345%2C449&ssl=1\",\"contentUrl\":\"https:\\\/\\\/i0.wp.com\\\/mundoitam.com\\\/wp-content\\\/uploads\\\/2019\\\/05\\\/3.png?fit=345%2C449&ssl=1\",\"width\":345,\"height\":449,\"caption\":\"Fernando Gamallo\"},{\"@type\":\"BreadcrumbList\",\"@id\":\"https:\\\/\\\/mundoitam.com\\\/en\\\/2019\\\/11\\\/21\\\/cybercrime-what-to-do-to-prevent-it\\\/#breadcrumb\",\"itemListElement\":[{\"@type\":\"ListItem\",\"position\":1,\"name\":\"Portada\",\"item\":\"https:\\\/\\\/mundoitam.com\\\/en\\\/\"},{\"@type\":\"ListItem\",\"position\":2,\"name\":\"Cybercrime: What to Do to Prevent It\"}]},{\"@type\":\"WebSite\",\"@id\":\"https:\\\/\\\/mundoitam.com\\\/en\\\/#website\",\"url\":\"https:\\\/\\\/mundoitam.com\\\/en\\\/\",\"name\":\"Mundo ITAM\",\"description\":\"ITAM's digital media\",\"publisher\":{\"@id\":\"https:\\\/\\\/mundoitam.com\\\/en\\\/#organization\"},\"potentialAction\":[{\"@type\":\"SearchAction\",\"target\":{\"@type\":\"EntryPoint\",\"urlTemplate\":\"https:\\\/\\\/mundoitam.com\\\/en\\\/?s={search_term_string}\"},\"query-input\":{\"@type\":\"PropertyValueSpecification\",\"valueRequired\":true,\"valueName\":\"search_term_string\"}}],\"inLanguage\":\"en-US\"},{\"@type\":\"Organization\",\"@id\":\"https:\\\/\\\/mundoitam.com\\\/en\\\/#organization\",\"name\":\"ITAM\",\"url\":\"https:\\\/\\\/mundoitam.com\\\/en\\\/\",\"logo\":{\"@type\":\"ImageObject\",\"inLanguage\":\"en-US\",\"@id\":\"https:\\\/\\\/mundoitam.com\\\/en\\\/#\\\/schema\\\/logo\\\/image\\\/\",\"url\":\"https:\\\/\\\/i0.wp.com\\\/mundoitam.com\\\/wp-content\\\/uploads\\\/2018\\\/04\\\/unnamed.jpg?fit=900%2C900&ssl=1\",\"contentUrl\":\"https:\\\/\\\/i0.wp.com\\\/mundoitam.com\\\/wp-content\\\/uploads\\\/2018\\\/04\\\/unnamed.jpg?fit=900%2C900&ssl=1\",\"width\":900,\"height\":900,\"caption\":\"ITAM\"},\"image\":{\"@id\":\"https:\\\/\\\/mundoitam.com\\\/en\\\/#\\\/schema\\\/logo\\\/image\\\/\"},\"sameAs\":[\"https:\\\/\\\/www.facebook.com\\\/itam.mx\\\/\",\"https:\\\/\\\/x.com\\\/ITAM_mx\"]},{\"@type\":\"Person\",\"@id\":\"https:\\\/\\\/mundoitam.com\\\/en\\\/#\\\/schema\\\/person\\\/d1c2a212b8cca3de9f3e2092961fe46c\",\"name\":\"Mundo ITAM\",\"image\":{\"@type\":\"ImageObject\",\"inLanguage\":\"en-US\",\"@id\":\"https:\\\/\\\/secure.gravatar.com\\\/avatar\\\/effa39c51b7a22496338eaaffc67c59dcdc37718d0646f09dc7d534e3111533f?s=96&d=identicon&r=g\",\"url\":\"https:\\\/\\\/secure.gravatar.com\\\/avatar\\\/effa39c51b7a22496338eaaffc67c59dcdc37718d0646f09dc7d534e3111533f?s=96&d=identicon&r=g\",\"contentUrl\":\"https:\\\/\\\/secure.gravatar.com\\\/avatar\\\/effa39c51b7a22496338eaaffc67c59dcdc37718d0646f09dc7d534e3111533f?s=96&d=identicon&r=g\",\"caption\":\"Mundo ITAM\"},\"description\":\"Mundo ITAM es el blog oficial del Instituto Tecnol\u00f3gico Aut\u00f3nomo de M\u00e9xico. Aqu\u00ed podr\u00e1s informarte y aprender acerca de los temas que acaparan los titulares en M\u00e9xico y el mundo, a partir de los textos y videos de nuestras conferencias. Podr\u00e1s conoce a nuestros profesores destacados, en los \u00e1mbitos p\u00fablico y privado de nuestro pa\u00eds, gracias a las entrevistas exclusivas que aqu\u00ed te presentamos.\",\"url\":\"https:\\\/\\\/mundoitam.com\\\/en\\\/author\\\/mundoitam\\\/\"}]}<\/script>\n<!-- \/ Yoast SEO plugin. -->","yoast_head_json":{"title":"Cybercrime: What to Do to Prevent It - Mundo ITAM","description":"Fernando Gamallo explained the importance of protecting our virtual information for the correct prevention of cybercrime.","robots":{"index":"index","follow":"follow","max-snippet":"max-snippet:-1","max-image-preview":"max-image-preview:large","max-video-preview":"max-video-preview:-1"},"canonical":"https:\/\/mundoitam.com\/en\/2019\/11\/21\/cybercrime-what-to-do-to-prevent-it\/","og_locale":"en_US","og_type":"article","og_title":"Cybercrime: What to Do to Prevent It - Mundo ITAM","og_description":"Fernando Gamallo explained the importance of protecting our virtual information for the correct prevention of cybercrime.","og_url":"https:\/\/mundoitam.com\/en\/2019\/11\/21\/cybercrime-what-to-do-to-prevent-it\/","og_site_name":"Mundo ITAM","article_publisher":"https:\/\/www.facebook.com\/itam.mx\/","article_published_time":"2019-11-21T16:47:41+00:00","article_modified_time":"2020-03-02T21:19:26+00:00","og_image":[{"width":345,"height":449,"url":"https:\/\/i0.wp.com\/mundoitam.com\/wp-content\/uploads\/2019\/05\/3.png?fit=345%2C449&ssl=1","type":"image\/png"}],"author":"Mundo ITAM","twitter_card":"summary_large_image","twitter_creator":"@ITAM_mx","twitter_site":"@ITAM_mx","twitter_misc":{"Written by":"Mundo ITAM","Est. reading time":"3 minutes"},"schema":{"@context":"https:\/\/schema.org","@graph":[{"@type":"Article","@id":"https:\/\/mundoitam.com\/en\/2019\/11\/21\/cybercrime-what-to-do-to-prevent-it\/#article","isPartOf":{"@id":"https:\/\/mundoitam.com\/en\/2019\/11\/21\/cybercrime-what-to-do-to-prevent-it\/"},"author":{"name":"Mundo ITAM","@id":"https:\/\/mundoitam.com\/en\/#\/schema\/person\/d1c2a212b8cca3de9f3e2092961fe46c"},"headline":"Cybercrime: What to Do to Prevent It","datePublished":"2019-11-21T16:47:41+00:00","dateModified":"2020-03-02T21:19:26+00:00","mainEntityOfPage":{"@id":"https:\/\/mundoitam.com\/en\/2019\/11\/21\/cybercrime-what-to-do-to-prevent-it\/"},"wordCount":589,"commentCount":0,"publisher":{"@id":"https:\/\/mundoitam.com\/en\/#organization"},"image":{"@id":"https:\/\/mundoitam.com\/en\/2019\/11\/21\/cybercrime-what-to-do-to-prevent-it\/#primaryimage"},"thumbnailUrl":"https:\/\/i0.wp.com\/mundoitam.com\/wp-content\/uploads\/2019\/05\/3.png?fit=345%2C449&ssl=1","keywords":["cybercrime","cybernetic security","information revolution","secure information","virtual information"],"articleSection":["Conferences"],"inLanguage":"en-US","potentialAction":[{"@type":"CommentAction","name":"Comment","target":["https:\/\/mundoitam.com\/en\/2019\/11\/21\/cybercrime-what-to-do-to-prevent-it\/#respond"]}]},{"@type":"WebPage","@id":"https:\/\/mundoitam.com\/en\/2019\/11\/21\/cybercrime-what-to-do-to-prevent-it\/","url":"https:\/\/mundoitam.com\/en\/2019\/11\/21\/cybercrime-what-to-do-to-prevent-it\/","name":"Cybercrime: What to Do to Prevent It - Mundo ITAM","isPartOf":{"@id":"https:\/\/mundoitam.com\/en\/#website"},"primaryImageOfPage":{"@id":"https:\/\/mundoitam.com\/en\/2019\/11\/21\/cybercrime-what-to-do-to-prevent-it\/#primaryimage"},"image":{"@id":"https:\/\/mundoitam.com\/en\/2019\/11\/21\/cybercrime-what-to-do-to-prevent-it\/#primaryimage"},"thumbnailUrl":"https:\/\/i0.wp.com\/mundoitam.com\/wp-content\/uploads\/2019\/05\/3.png?fit=345%2C449&ssl=1","datePublished":"2019-11-21T16:47:41+00:00","dateModified":"2020-03-02T21:19:26+00:00","description":"Fernando Gamallo explained the importance of protecting our virtual information for the correct prevention of cybercrime.","breadcrumb":{"@id":"https:\/\/mundoitam.com\/en\/2019\/11\/21\/cybercrime-what-to-do-to-prevent-it\/#breadcrumb"},"inLanguage":"en-US","potentialAction":[{"@type":"ReadAction","target":["https:\/\/mundoitam.com\/en\/2019\/11\/21\/cybercrime-what-to-do-to-prevent-it\/"]}]},{"@type":"ImageObject","inLanguage":"en-US","@id":"https:\/\/mundoitam.com\/en\/2019\/11\/21\/cybercrime-what-to-do-to-prevent-it\/#primaryimage","url":"https:\/\/i0.wp.com\/mundoitam.com\/wp-content\/uploads\/2019\/05\/3.png?fit=345%2C449&ssl=1","contentUrl":"https:\/\/i0.wp.com\/mundoitam.com\/wp-content\/uploads\/2019\/05\/3.png?fit=345%2C449&ssl=1","width":345,"height":449,"caption":"Fernando Gamallo"},{"@type":"BreadcrumbList","@id":"https:\/\/mundoitam.com\/en\/2019\/11\/21\/cybercrime-what-to-do-to-prevent-it\/#breadcrumb","itemListElement":[{"@type":"ListItem","position":1,"name":"Portada","item":"https:\/\/mundoitam.com\/en\/"},{"@type":"ListItem","position":2,"name":"Cybercrime: What to Do to Prevent It"}]},{"@type":"WebSite","@id":"https:\/\/mundoitam.com\/en\/#website","url":"https:\/\/mundoitam.com\/en\/","name":"Mundo ITAM","description":"ITAM's digital media","publisher":{"@id":"https:\/\/mundoitam.com\/en\/#organization"},"potentialAction":[{"@type":"SearchAction","target":{"@type":"EntryPoint","urlTemplate":"https:\/\/mundoitam.com\/en\/?s={search_term_string}"},"query-input":{"@type":"PropertyValueSpecification","valueRequired":true,"valueName":"search_term_string"}}],"inLanguage":"en-US"},{"@type":"Organization","@id":"https:\/\/mundoitam.com\/en\/#organization","name":"ITAM","url":"https:\/\/mundoitam.com\/en\/","logo":{"@type":"ImageObject","inLanguage":"en-US","@id":"https:\/\/mundoitam.com\/en\/#\/schema\/logo\/image\/","url":"https:\/\/i0.wp.com\/mundoitam.com\/wp-content\/uploads\/2018\/04\/unnamed.jpg?fit=900%2C900&ssl=1","contentUrl":"https:\/\/i0.wp.com\/mundoitam.com\/wp-content\/uploads\/2018\/04\/unnamed.jpg?fit=900%2C900&ssl=1","width":900,"height":900,"caption":"ITAM"},"image":{"@id":"https:\/\/mundoitam.com\/en\/#\/schema\/logo\/image\/"},"sameAs":["https:\/\/www.facebook.com\/itam.mx\/","https:\/\/x.com\/ITAM_mx"]},{"@type":"Person","@id":"https:\/\/mundoitam.com\/en\/#\/schema\/person\/d1c2a212b8cca3de9f3e2092961fe46c","name":"Mundo ITAM","image":{"@type":"ImageObject","inLanguage":"en-US","@id":"https:\/\/secure.gravatar.com\/avatar\/effa39c51b7a22496338eaaffc67c59dcdc37718d0646f09dc7d534e3111533f?s=96&d=identicon&r=g","url":"https:\/\/secure.gravatar.com\/avatar\/effa39c51b7a22496338eaaffc67c59dcdc37718d0646f09dc7d534e3111533f?s=96&d=identicon&r=g","contentUrl":"https:\/\/secure.gravatar.com\/avatar\/effa39c51b7a22496338eaaffc67c59dcdc37718d0646f09dc7d534e3111533f?s=96&d=identicon&r=g","caption":"Mundo ITAM"},"description":"Mundo ITAM es el blog oficial del Instituto Tecnol\u00f3gico Aut\u00f3nomo de M\u00e9xico. Aqu\u00ed podr\u00e1s informarte y aprender acerca de los temas que acaparan los titulares en M\u00e9xico y el mundo, a partir de los textos y videos de nuestras conferencias. Podr\u00e1s conoce a nuestros profesores destacados, en los \u00e1mbitos p\u00fablico y privado de nuestro pa\u00eds, gracias a las entrevistas exclusivas que aqu\u00ed te presentamos.","url":"https:\/\/mundoitam.com\/en\/author\/mundoitam\/"}]}},"jetpack_publicize_connections":[],"jetpack_sharing_enabled":true,"jetpack_shortlink":"https:\/\/wp.me\/pCVpr-3Af","jetpack_likes_enabled":true,"jetpack-related-posts":[{"id":10697,"url":"https:\/\/mundoitam.com\/en\/2018\/10\/10\/deglobalization-cyclical-or-structural-challenge\/","url_meta":{"origin":13779,"position":0},"title":"\u201cDeglobalization? Cyclical or structural? Challenge, Opportunity or Catastrophe?\u201d, conference by Dr. Ernesto Zedillo","author":"Mundo ITAM","date":"10 October 2018","format":false,"excerpt":"Dr. Ernesto Zedillo presents his thoughts on the current state of globalization and the recent developments in Mexico-US relations at ITAM","rel":"","context":"In &quot;Conferences&quot;","block_context":{"text":"Conferences","link":"https:\/\/mundoitam.com\/en\/category\/conferences\/"},"img":{"alt_text":"","src":"https:\/\/i0.wp.com\/mundoitam.com\/wp-content\/uploads\/2017\/10\/DSC_0191.jpg?fit=1200%2C800&ssl=1&resize=350%2C200","width":350,"height":200,"srcset":"https:\/\/i0.wp.com\/mundoitam.com\/wp-content\/uploads\/2017\/10\/DSC_0191.jpg?fit=1200%2C800&ssl=1&resize=350%2C200 1x, https:\/\/i0.wp.com\/mundoitam.com\/wp-content\/uploads\/2017\/10\/DSC_0191.jpg?fit=1200%2C800&ssl=1&resize=525%2C300 1.5x, https:\/\/i0.wp.com\/mundoitam.com\/wp-content\/uploads\/2017\/10\/DSC_0191.jpg?fit=1200%2C800&ssl=1&resize=700%2C400 2x, https:\/\/i0.wp.com\/mundoitam.com\/wp-content\/uploads\/2017\/10\/DSC_0191.jpg?fit=1200%2C800&ssl=1&resize=1050%2C600 3x"},"classes":[]},{"id":16960,"url":"https:\/\/mundoitam.com\/en\/2021\/03\/03\/how-to-get-a-job-in-the-middle-of-a-world-pandemic-without-getting-out-of-home\/","url_meta":{"origin":13779,"position":1},"title":"How to get a job in the middle of a world pandemic without getting out of home","author":"Mundo ITAM","date":"3 March 2021","format":false,"excerpt":"The COVID-19 pandemic has been basically our whole last year. Without any doubts it totally modified the ways in which we interact. We had to move our communication to totally digital one. The truth is that it wasn't the same for everyone. We went through sudden changes that we could\u2026","rel":"","context":"In \"Career Office ITAM\"","block_context":{"text":"Career Office ITAM","link":"https:\/\/mundoitam.com\/en\/tag\/career-office-itam\/"},"img":{"alt_text":"","src":"","width":0,"height":0},"classes":[]},{"id":20501,"url":"https:\/\/mundoitam.com\/en\/2022\/08\/10\/itam-university-held-the-conference-prevention-of-gender-based-violence-in-the-workplace\/","url_meta":{"origin":13779,"position":2},"title":"ITAM University held the conference: \u201cPrevention of gender-based violence in the workplace\u201d","author":"Mundo ITAM","date":"10 August 2022","format":false,"excerpt":"As part of the commitment of our community to strengthen gender-culture, ITAM University organized the conference \u201cPrevention of gender-based violence in the workplace\u201d, addressed to the administrative personnel of our Institution.","rel":"","context":"In &quot;G\u00e9nero&quot;","block_context":{"text":"G\u00e9nero","link":"https:\/\/mundoitam.com\/category\/genero\/"},"img":{"alt_text":"Prevenci\u00f3n de violencia por causa de g\u00e9nero en el contexto laboral","src":"https:\/\/i0.wp.com\/mundoitam.com\/wp-content\/uploads\/2022\/08\/Prevencion-de-violencia-por-causa-de-genero-en-el-contexto-laboral.jpg?fit=1200%2C898&ssl=1&resize=350%2C200","width":350,"height":200,"srcset":"https:\/\/i0.wp.com\/mundoitam.com\/wp-content\/uploads\/2022\/08\/Prevencion-de-violencia-por-causa-de-genero-en-el-contexto-laboral.jpg?fit=1200%2C898&ssl=1&resize=350%2C200 1x, https:\/\/i0.wp.com\/mundoitam.com\/wp-content\/uploads\/2022\/08\/Prevencion-de-violencia-por-causa-de-genero-en-el-contexto-laboral.jpg?fit=1200%2C898&ssl=1&resize=525%2C300 1.5x, https:\/\/i0.wp.com\/mundoitam.com\/wp-content\/uploads\/2022\/08\/Prevencion-de-violencia-por-causa-de-genero-en-el-contexto-laboral.jpg?fit=1200%2C898&ssl=1&resize=700%2C400 2x, https:\/\/i0.wp.com\/mundoitam.com\/wp-content\/uploads\/2022\/08\/Prevencion-de-violencia-por-causa-de-genero-en-el-contexto-laboral.jpg?fit=1200%2C898&ssl=1&resize=1050%2C600 3x"},"classes":[]},{"id":17316,"url":"https:\/\/mundoitam.com\/en\/2021\/04\/23\/11-recommendations-for-a-safe-job-interview\/","url_meta":{"origin":13779,"position":3},"title":"11 recommendations for a safe job interview","author":"Mundo ITAM","date":"23 April 2021","format":false,"excerpt":"Preparing for a job interview is a process that requires our full attention to successfully pass the selection process for the vacancy that interests us. In many articles they give important recommendations about topics like questions you need to be prepared for, how to write and present a CV, getting\u2026","rel":"","context":"In \"Career Office ITAM\"","block_context":{"text":"Career Office ITAM","link":"https:\/\/mundoitam.com\/en\/tag\/career-office-itam\/"},"img":{"alt_text":"","src":"https:\/\/i0.wp.com\/mundoitam.com\/wp-content\/uploads\/2021\/03\/recomendaciones-para-una-entrevista-de-trabajo-segura-3.jpg?fit=1200%2C675&ssl=1&resize=350%2C200","width":350,"height":200,"srcset":"https:\/\/i0.wp.com\/mundoitam.com\/wp-content\/uploads\/2021\/03\/recomendaciones-para-una-entrevista-de-trabajo-segura-3.jpg?fit=1200%2C675&ssl=1&resize=350%2C200 1x, https:\/\/i0.wp.com\/mundoitam.com\/wp-content\/uploads\/2021\/03\/recomendaciones-para-una-entrevista-de-trabajo-segura-3.jpg?fit=1200%2C675&ssl=1&resize=525%2C300 1.5x, https:\/\/i0.wp.com\/mundoitam.com\/wp-content\/uploads\/2021\/03\/recomendaciones-para-una-entrevista-de-trabajo-segura-3.jpg?fit=1200%2C675&ssl=1&resize=700%2C400 2x, https:\/\/i0.wp.com\/mundoitam.com\/wp-content\/uploads\/2021\/03\/recomendaciones-para-una-entrevista-de-trabajo-segura-3.jpg?fit=1200%2C675&ssl=1&resize=1050%2C600 3x"},"classes":[]},{"id":13783,"url":"https:\/\/mundoitam.com\/en\/2019\/11\/21\/the-future-of-education-in-mexico\/","url_meta":{"origin":13779,"position":4},"title":"The Future of Education in Mexico","author":"Mundo ITAM","date":"21 November 2019","format":false,"excerpt":"The La Flecha al Aire Award, founded by Javier Beristain and organized every year by the Fundraising Office, seeks to recognize the rigorous research of newly graduated ITAM students. This event mainly focuses on education in Mexico. Prior to an award ceremony, a panel of various education experts discussed the\u2026","rel":"","context":"In &quot;Conferences&quot;","block_context":{"text":"Conferences","link":"https:\/\/mundoitam.com\/en\/category\/conferences\/"},"img":{"alt_text":"Margarita Zorrilla and Lorenzo Go\u0301mez Mori\u0301n","src":"https:\/\/i0.wp.com\/mundoitam.com\/wp-content\/uploads\/2019\/05\/Margarita-Zorrilla-y-Lorenzo-Go%CC%81mez-Mori%CC%81n.jpg?fit=1200%2C800&ssl=1&resize=350%2C200","width":350,"height":200,"srcset":"https:\/\/i0.wp.com\/mundoitam.com\/wp-content\/uploads\/2019\/05\/Margarita-Zorrilla-y-Lorenzo-Go%CC%81mez-Mori%CC%81n.jpg?fit=1200%2C800&ssl=1&resize=350%2C200 1x, https:\/\/i0.wp.com\/mundoitam.com\/wp-content\/uploads\/2019\/05\/Margarita-Zorrilla-y-Lorenzo-Go%CC%81mez-Mori%CC%81n.jpg?fit=1200%2C800&ssl=1&resize=525%2C300 1.5x, https:\/\/i0.wp.com\/mundoitam.com\/wp-content\/uploads\/2019\/05\/Margarita-Zorrilla-y-Lorenzo-Go%CC%81mez-Mori%CC%81n.jpg?fit=1200%2C800&ssl=1&resize=700%2C400 2x, https:\/\/i0.wp.com\/mundoitam.com\/wp-content\/uploads\/2019\/05\/Margarita-Zorrilla-y-Lorenzo-Go%CC%81mez-Mori%CC%81n.jpg?fit=1200%2C800&ssl=1&resize=1050%2C600 3x"},"classes":[]},{"id":15581,"url":"https:\/\/mundoitam.com\/en\/2020\/08\/31\/meet-victor-guerrero-the-new-director-of-the-masters-in-risk-management\/","url_meta":{"origin":13779,"position":5},"title":"Meet V\u00edctor Guerrero, the New Director of the Master\u2019s in Risk Management","author":"Mundo ITAM","date":"31 August 2020","format":"image","excerpt":"Dr. V\u00edctor M. Guerrero, Director of. the Master's in Risk Management since August 2018.","rel":"","context":"In &quot;Meet the Faculty&quot;","block_context":{"text":"Meet the Faculty","link":"https:\/\/mundoitam.com\/en\/category\/meet-the-faculty\/"},"img":{"alt_text":"V\u00edctor M. Guerrero","src":"https:\/\/i0.wp.com\/mundoitam.com\/wp-content\/uploads\/2018\/09\/guerrero-ok.jpg?fit=1200%2C900&ssl=1&resize=350%2C200","width":350,"height":200,"srcset":"https:\/\/i0.wp.com\/mundoitam.com\/wp-content\/uploads\/2018\/09\/guerrero-ok.jpg?fit=1200%2C900&ssl=1&resize=350%2C200 1x, https:\/\/i0.wp.com\/mundoitam.com\/wp-content\/uploads\/2018\/09\/guerrero-ok.jpg?fit=1200%2C900&ssl=1&resize=525%2C300 1.5x, https:\/\/i0.wp.com\/mundoitam.com\/wp-content\/uploads\/2018\/09\/guerrero-ok.jpg?fit=1200%2C900&ssl=1&resize=700%2C400 2x, https:\/\/i0.wp.com\/mundoitam.com\/wp-content\/uploads\/2018\/09\/guerrero-ok.jpg?fit=1200%2C900&ssl=1&resize=1050%2C600 3x"},"classes":[]}],"amp_enabled":true,"jetpack_featured_media_url":"https:\/\/i0.wp.com\/mundoitam.com\/wp-content\/uploads\/2019\/05\/3.png?fit=345%2C449&ssl=1","_links":{"self":[{"href":"https:\/\/mundoitam.com\/en\/wp-json\/wp\/v2\/posts\/13779","targetHints":{"allow":["GET"]}}],"collection":[{"href":"https:\/\/mundoitam.com\/en\/wp-json\/wp\/v2\/posts"}],"about":[{"href":"https:\/\/mundoitam.com\/en\/wp-json\/wp\/v2\/types\/post"}],"author":[{"embeddable":true,"href":"https:\/\/mundoitam.com\/en\/wp-json\/wp\/v2\/users\/10"}],"replies":[{"embeddable":true,"href":"https:\/\/mundoitam.com\/en\/wp-json\/wp\/v2\/comments?post=13779"}],"version-history":[{"count":4,"href":"https:\/\/mundoitam.com\/en\/wp-json\/wp\/v2\/posts\/13779\/revisions"}],"predecessor-version":[{"id":14699,"href":"https:\/\/mundoitam.com\/en\/wp-json\/wp\/v2\/posts\/13779\/revisions\/14699"}],"wp:featuredmedia":[{"embeddable":true,"href":"https:\/\/mundoitam.com\/en\/wp-json\/wp\/v2\/media\/12984"}],"wp:attachment":[{"href":"https:\/\/mundoitam.com\/en\/wp-json\/wp\/v2\/media?parent=13779"}],"wp:term":[{"taxonomy":"category","embeddable":true,"href":"https:\/\/mundoitam.com\/en\/wp-json\/wp\/v2\/categories?post=13779"},{"taxonomy":"post_tag","embeddable":true,"href":"https:\/\/mundoitam.com\/en\/wp-json\/wp\/v2\/tags?post=13779"}],"curies":[{"name":"wp","href":"https:\/\/api.w.org\/{rel}","templated":true}]}}