{"id":15757,"date":"2020-09-25T10:20:36","date_gmt":"2020-09-25T15:20:36","guid":{"rendered":"https:\/\/mundoitam.com\/2020\/09\/25\/rafael-guerra-a-student-who-transformed-challenges-into-commitment\/"},"modified":"2020-10-02T16:15:10","modified_gmt":"2020-10-02T21:15:10","slug":"rafael-guerra-a-student-who-transformed-challenges-into-commitment","status":"publish","type":"post","link":"https:\/\/mundoitam.com\/en\/2020\/09\/25\/rafael-guerra-a-student-who-transformed-challenges-into-commitment\/","title":{"rendered":"Rafael Guerra, a Student Who Transformed Challenges into Commitment"},"content":{"rendered":"<p>What is a commitment other than the transformation of a promise into reality? Day after day, our institution seeks to educate the brightest minds in Mexico in order to create, together with them, <strong>a freer, more just and prosperous society<\/strong>. But ITAM is aware that a great number of talented young people in our society face economic difficulties.<\/p><div class=\"mundo-contenido\" style=\"margin-top: 20px;margin-bottom: 20px;\" id=\"mundo-3410510362\"><style type=\"text\/css\">\r\n .ad-square h3 { \r\n\tfont-size: 11px;\r\n    font-weight: 300;\r\n    letter-spacing: 2.3px;\r\n    color: #6a6c6e;\r\n    font-weight: normal;\r\n    margin: 18px 0;  \r\n\tfont-family: \"Lato\", \"Helvetica Neue\", Helvetica, Arial, sans-serif;\r\n\t}\r\n<\/style>\r\n\r\n<!--<center> <div class=\"ad-square\">\r\n\t\t\t\t\t\t\t<h3>ANUNCIO<\/h3>\r\n<a href=\"https:\/\/noche.itam.mx\/\" target=\"_blank\"><img decoding=\"async\" width=\"300\" src=\"https:\/\/mundoitam.com\/wp-content\/uploads\/2021\/11\/noche-itam-v2.png\" alt=\"Anuncio\" style=\"border: none; display: block;\"><\/a>\r\n\r\n<\/div> <\/center>--><\/div>\r\n<p>Our commitment is rooted in the innumerable efforts we make to reach out to them and offer them both scholarships and the opportunities necessary for them to become successful, to fulfill their dreams and their academic goals. This <strong>commitment to the country\u2019s development<\/strong> translates not only into providing the best education for our students, but also supporting them when they encounter obstacles along the way. That was the case of <strong>Rafael Guerra<\/strong>, a student of excellence in the undergraduate program in economics, who found himself in a serious economic situation as a result of an accident.<\/p>\r\n<h2><strong>Rafael\u2019s Story of Commitment<\/strong><\/h2>\r\n<p>Rafael\u2019s story begins long before he started studying at ITAM. Originally from Mart\u00ednez de la Torre, Veracruz, Guerra realized at a young age that opportunities for improvement in such a small town were limited, so he decided to seek out educational institutions that would allow him to excel and achieve his goals.<\/p>\r\n<p>That is how he found ITAM. In the beginning he was interested in studying actuarial science, but after looking into the different academic programs offered at our institution, he realized his affinity for the economics-administrative field, and therefore decided to study Economics. He is currently in the process of obtaining his graduate diploma.<\/p>\r\n<p>&nbsp;<\/p>\r\n<figure id=\"attachment_10227\" aria-describedby=\"caption-attachment-10227\" style=\"width: 700px\" class=\"wp-caption aligncenter\"><img data-recalc-dims=\"1\" loading=\"lazy\" decoding=\"async\" data-attachment-id=\"10227\" data-permalink=\"https:\/\/mundoitam.com\/en\/2020\/09\/25\/rafael-guerra-a-student-who-transformed-challenges-into-commitment\/547875_3359960729412_1868838102_n-2\/\" data-orig-file=\"https:\/\/i0.wp.com\/mundoitam.com\/wp-content\/uploads\/2018\/08\/547875_3359960729412_1868838102_n.jpg?fit=960%2C720&amp;ssl=1\" data-orig-size=\"960,720\" data-comments-opened=\"1\" data-image-meta=\"{&quot;aperture&quot;:&quot;0&quot;,&quot;credit&quot;:&quot;&quot;,&quot;camera&quot;:&quot;&quot;,&quot;caption&quot;:&quot;&quot;,&quot;created_timestamp&quot;:&quot;0&quot;,&quot;copyright&quot;:&quot;&quot;,&quot;focal_length&quot;:&quot;0&quot;,&quot;iso&quot;:&quot;0&quot;,&quot;shutter_speed&quot;:&quot;0&quot;,&quot;title&quot;:&quot;&quot;,&quot;orientation&quot;:&quot;0&quot;}\" data-image-title=\"Rafael Guerra before entering ITAM\/ PHOTO: courtesy of Rafael Guerra\" data-image-description=\"&lt;p&gt;Rafael Guerra before entering ITAM\/ PHOTO: courtesy of Rafael Guerra&lt;\/p&gt;\n\" data-image-caption=\"&lt;p&gt;Rafael Guerra before entering ITAM\/ PHOTO: courtesy of Rafael Guerra&lt;\/p&gt;\n\" data-large-file=\"https:\/\/i0.wp.com\/mundoitam.com\/wp-content\/uploads\/2018\/08\/547875_3359960729412_1868838102_n.jpg?fit=960%2C720&amp;ssl=1\" class=\"wp-image-10227\" src=\"https:\/\/i0.wp.com\/mundoitam.com\/wp-content\/uploads\/2018\/08\/547875_3359960729412_1868838102_n.jpg?resize=700%2C525&#038;ssl=1\" alt=\"Rafael Guerra before entering ITAM. PHOTO: courtesy of Rafael Guerra\" width=\"700\" height=\"525\" srcset=\"https:\/\/i0.wp.com\/mundoitam.com\/wp-content\/uploads\/2018\/08\/547875_3359960729412_1868838102_n.jpg?resize=300%2C225&amp;ssl=1 300w, https:\/\/i0.wp.com\/mundoitam.com\/wp-content\/uploads\/2018\/08\/547875_3359960729412_1868838102_n.jpg?resize=768%2C576&amp;ssl=1 768w, https:\/\/i0.wp.com\/mundoitam.com\/wp-content\/uploads\/2018\/08\/547875_3359960729412_1868838102_n.jpg?w=960&amp;ssl=1 960w, https:\/\/i0.wp.com\/mundoitam.com\/wp-content\/uploads\/2018\/08\/547875_3359960729412_1868838102_n.jpg?resize=400%2C300&amp;ssl=1 400w\" sizes=\"auto, (max-width: 700px) 100vw, 700px\" \/><figcaption id=\"caption-attachment-10227\" class=\"wp-caption-text\">Rafael Guerra before entering ITAM. PHOTO: courtesy of Rafael Guerra<\/figcaption><\/figure>\r\n<p>From the beginning, and thanks to an academic scholarship, Rafa was able to concentrate on his classes and begin new projects, including his outstanding participation in the Economics II laboratory and in the 1<sup>st<\/sup> National Competition: Resolution of a Public Health Case, with the team led by Professor Sof\u00eda Charvel.<\/p>\r\n<blockquote>\r\n<p><em>On October 2 and 3, 2014, a group of ITAM students from different departments participated in the 1st National Competition: Resolution of a Public Health Case, an event organized by ITAM, the National Institute of Public Health (INSP) and CIDE held at the facilities of the INSP Campus Cuernavaca. The ITAM team was made up of Valeria Mendiola (Economics), Rafael Guerra (Economics), Diego Pineda (Economics and Political Science), Carolina Mercado (Law) and Manola Os\u00e9s (Political Science) and was directed and guided by Professor Sof\u00eda Charvel.<\/em><\/p>\r\n<p>ITAM Communication Office. May 22, 2015.<\/p>\r\n<\/blockquote>\r\n<p>ITAM was a comprehensive training experience for Rafa, who continued his vocation collaborating as a research assistant at the Center for Economic Research (CIE), a task that he later complemented, in the same position, with Christiane F\u00e1brega, professor of the Department of Economics. And, he always maintained an excellent grade average, as well as an outstanding participation in sports activities.<\/p>\r\n\r\n<div class=\"wp-block-column is-layout-flow wp-block-column-is-layout-flow\">\r\n\r\n<\/div>\r\n\r\n\r\n\r\n<p>After an unfortunate accident, Rafael was granted the <a href=\"https:\/\/donar.itam.mx\/es\" target=\"_blank\" rel=\"noopener noreferrer\">Javier Beristain Iturbide scholarship<\/a>, one of ITAM\u2019s many financial aid programs, which provided him with the opportunity to continue his studies and excel due to his palpable and constant commitment to the institute.<\/p>\r\n<p>The new scholarship that Rafa received was framed in the spirit of solidarity of the man who this assistance program is named after. The trust, in memory of Javier Beristain Iturbide, was founded in 2009 in order to honor the memory of the former president of ITAM (1972-1991), a man who was convinced that Mexico needed to become \u201ca more just country,\u201d with \u201cquality education on all levels and in all corners of the country.\u201d<\/p>\r\n<h2><strong>Rafael\u2019s Commitment with the Future<\/strong><\/h2>\r\n<p>Concluding his studies, he reached the culmination of his dreams. On June 1, 2018, the team that Rafael Guerra Cabrera created with other ITAM students were the winners of the Reto Banxico 2018. After his success, the new graduate wrote a letter to the committee of the Javier Beristain scholarship. In it, he not only expressed his appreciation for the attention and support that he received, but he stressed the importance of closing the education opportunity gap for the youth in our country.<\/p>\r\n<p>At the same time, Rafael Guerra Cabrera affirmed his conviction that it is time to give back to society the opportunities that he has benefitted from, and that one day he hopes to become a donor to one of the ITAM scholarship programs, reaffirming his proud commitment to the moral principles of our institution.<\/p>\r\n<p>Because of the intensity and depth of his words, we reproduce this fragment of his speech:<\/p>\r\n<blockquote>\r\n<p><em>\u201cThese scholarships break one of the barriers that, in my opinion, abound in our country, which is that of the poor economic conditions of quality students in different states of Mexico. I believe that, in the long term, quality education should not depend on the economic situation, but rather on the talent and potential that the student has to get ahead.\u201d<\/em><\/p>\r\n<p><em>\u00a0 \u00a0 \u00a0 \u00a0 \u00a0 \u00a0 \u00a0 \u00a0 \u00a0 \u00a0 \u00a0 \u00a0 \u00a0 \u00a0 \u00a0 \u00a0 \u00a0 \u00a0 \u00a0 \u00a0 \u00a0 \u00a0 \u00a0 \u00a0 \u00a0 \u00a0 \u00a0 \u00a0 \u00a0 \u00a0 \u00a0 \u00a0 \u00a0 \u00a0 \u00a0 \u00a0 \u00a0 \u00a0 \u00a0 \u00a0 \u00a0 \u00a0 \u00a0 \u00a0 \u00a0 \u00a0 Rafael Guerra Cabrera<\/em><\/p>\r\n<\/blockquote>\r\n<p>We know that, like Rafa, there are thousands of students in this country who stand out for their academic ability but, unfortunately, often cannot continue their education due to their economic situation. The scholarship programs of ITAM seek to prevent the best talents in the country from giving up on continuing their education at a high-level institution as much as possible.<\/p>\r\n<p>It is time, then, to get to know the impressions of an ITAM student who was able to fulfill his academic goals thanks to the double commitment of an educational institution of excellence and a young man with scarce economic resources willing to fight for his convictions. Congratulations Rafa!<\/p>\r\n<p>Promises we make real: this is our institutional commitment and, with the invaluable support of our donors, we will continue to strive to provide all the support that talented young people need for a better future for all Mexicans.<\/p><div class=\"mundo-despues-del-contenido\" id=\"mundo-3937135076\"><style type=\"text\/css\">\r\n .ad-square h3 { \r\n\tfont-size: 11px;\r\n    font-weight: 300;\r\n    letter-spacing: 2.3px;\r\n    color: #6a6c6e;\r\n    font-weight: normal;\r\n    margin: 18px 0;  \r\n\tfont-family: \"Lato\", \"Helvetica Neue\", Helvetica, Arial, sans-serif;\r\n\t}\r\n<\/style>\r\n\r\n<center> <div class=\"ad-square\">\r\n\t\t\t\t\t\t\t<h3>ANUNCIO<\/h3>\r\n<a href=\"https:\/\/aspirantes.itam.mx\/proceso-admision\/?utm_source=itam&utm_medium=mundoitam&utm_campaign=organico\" target=\"_blank\"><img decoding=\"async\" width=\"800\" src=\"https:\/\/mundoitam.com\/wp-content\/uploads\/2021\/06\/banner-aspitantes-1.png \" alt=\"Anuncio\" style=\"border: none; display: block;\"><\/a>\r\n\r\n<\/div> <\/center> <\/div>","protected":false},"excerpt":{"rendered":"<p>ITAM has a social commitment with the young talents of Mexico.<\/p>\n","protected":false},"author":10,"featured_media":10226,"comment_status":"open","ping_status":"open","sticky":false,"template":"","format":"image","meta":{"_jetpack_newsletter_access":"","_jetpack_dont_email_post_to_subs":false,"_jetpack_newsletter_tier_id":0,"_jetpack_memberships_contains_paywalled_content":false,"_jetpack_memberships_contains_paid_content":false,"footnotes":"","jetpack_publicize_message":"","jetpack_publicize_feature_enabled":true,"jetpack_social_post_already_shared":true,"jetpack_social_options":{"image_generator_settings":{"template":"highway","default_image_id":0,"font":"","enabled":false},"version":2},"_wpas_customize_per_network":false,"jetpack_post_was_ever_published":false},"categories":[579146073],"tags":[579146888,579146887,579146347,579146892,579146891,579146889],"class_list":["post-15757","post","type-post","status-publish","format-image","has-post-thumbnail","hentry","category-education-and-social-responsability","tag-culture-en","tag-education-en","tag-itam-scholarships","tag-rafael-guerra-cabrera-en","tag-social-commitment","tag-social-responsibility-en","post_format-post-format-image"],"yoast_head":"<!-- This site is optimized with the Yoast SEO plugin v27.4 - https:\/\/yoast.com\/product\/yoast-seo-wordpress\/ -->\n<title>ITAM&#039;s commitment: the youth of Mexico are our priority<\/title>\n<meta name=\"description\" content=\"ITAM is committed to young Mexicans and offers them scholarships to help them succeed. This is the case of Rafael Guerra from Veracruz.\" \/>\n<meta name=\"robots\" content=\"index, follow, max-snippet:-1, max-image-preview:large, max-video-preview:-1\" \/>\n<link rel=\"canonical\" href=\"https:\/\/mundoitam.com\/en\/2020\/09\/25\/rafael-guerra-a-student-who-transformed-challenges-into-commitment\/\" \/>\n<meta property=\"og:locale\" content=\"en_US\" \/>\n<meta property=\"og:type\" content=\"article\" \/>\n<meta property=\"og:title\" content=\"ITAM&#039;s commitment: the youth of Mexico are our priority\" \/>\n<meta property=\"og:description\" content=\"ITAM is committed to young Mexicans and offers them scholarships to help them succeed. This is the case of Rafael Guerra from Veracruz.\" \/>\n<meta property=\"og:url\" content=\"https:\/\/mundoitam.com\/en\/2020\/09\/25\/rafael-guerra-a-student-who-transformed-challenges-into-commitment\/\" \/>\n<meta property=\"og:site_name\" content=\"Mundo ITAM\" \/>\n<meta property=\"article:publisher\" content=\"https:\/\/www.facebook.com\/itam.mx\/\" \/>\n<meta property=\"article:published_time\" content=\"2020-09-25T15:20:36+00:00\" \/>\n<meta property=\"article:modified_time\" content=\"2020-10-02T21:15:10+00:00\" \/>\n<meta property=\"og:image\" content=\"https:\/\/i0.wp.com\/mundoitam.com\/wp-content\/uploads\/2018\/08\/Captura-de-pantalla-2018-07-20-10.06.03.png?fit=1366%2C768&ssl=1\" \/>\n\t<meta property=\"og:image:width\" content=\"1366\" \/>\n\t<meta property=\"og:image:height\" content=\"768\" \/>\n\t<meta property=\"og:image:type\" content=\"image\/png\" \/>\n<meta name=\"author\" content=\"Mundo ITAM\" \/>\n<meta name=\"twitter:card\" content=\"summary_large_image\" \/>\n<meta name=\"twitter:creator\" content=\"@ITAM_mx\" \/>\n<meta name=\"twitter:site\" content=\"@ITAM_mx\" \/>\n<meta name=\"twitter:label1\" content=\"Written by\" \/>\n\t<meta name=\"twitter:data1\" content=\"Mundo ITAM\" \/>\n\t<meta name=\"twitter:label2\" content=\"Est. reading time\" \/>\n\t<meta name=\"twitter:data2\" content=\"5 minutes\" \/>\n<script type=\"application\/ld+json\" class=\"yoast-schema-graph\">{\"@context\":\"https:\\\/\\\/schema.org\",\"@graph\":[{\"@type\":\"Article\",\"@id\":\"https:\\\/\\\/mundoitam.com\\\/en\\\/2020\\\/09\\\/25\\\/rafael-guerra-a-student-who-transformed-challenges-into-commitment\\\/#article\",\"isPartOf\":{\"@id\":\"https:\\\/\\\/mundoitam.com\\\/en\\\/2020\\\/09\\\/25\\\/rafael-guerra-a-student-who-transformed-challenges-into-commitment\\\/\"},\"author\":{\"name\":\"Mundo ITAM\",\"@id\":\"https:\\\/\\\/mundoitam.com\\\/en\\\/#\\\/schema\\\/person\\\/d1c2a212b8cca3de9f3e2092961fe46c\"},\"headline\":\"Rafael Guerra, a Student Who Transformed Challenges into Commitment\",\"datePublished\":\"2020-09-25T15:20:36+00:00\",\"dateModified\":\"2020-10-02T21:15:10+00:00\",\"mainEntityOfPage\":{\"@id\":\"https:\\\/\\\/mundoitam.com\\\/en\\\/2020\\\/09\\\/25\\\/rafael-guerra-a-student-who-transformed-challenges-into-commitment\\\/\"},\"wordCount\":979,\"commentCount\":0,\"publisher\":{\"@id\":\"https:\\\/\\\/mundoitam.com\\\/en\\\/#organization\"},\"image\":{\"@id\":\"https:\\\/\\\/mundoitam.com\\\/en\\\/2020\\\/09\\\/25\\\/rafael-guerra-a-student-who-transformed-challenges-into-commitment\\\/#primaryimage\"},\"thumbnailUrl\":\"https:\\\/\\\/i0.wp.com\\\/mundoitam.com\\\/wp-content\\\/uploads\\\/2018\\\/08\\\/Captura-de-pantalla-2018-07-20-10.06.03.png?fit=1366%2C768&ssl=1\",\"keywords\":[\"Culture\",\"Education\",\"ITAM Scholarships\",\"Rafael Guerra Cabrera\",\"Social Commitment\",\"Social Responsibility\"],\"articleSection\":[\"Education and Social Responsability\"],\"inLanguage\":\"en-US\",\"potentialAction\":[{\"@type\":\"CommentAction\",\"name\":\"Comment\",\"target\":[\"https:\\\/\\\/mundoitam.com\\\/en\\\/2020\\\/09\\\/25\\\/rafael-guerra-a-student-who-transformed-challenges-into-commitment\\\/#respond\"]}]},{\"@type\":\"WebPage\",\"@id\":\"https:\\\/\\\/mundoitam.com\\\/en\\\/2020\\\/09\\\/25\\\/rafael-guerra-a-student-who-transformed-challenges-into-commitment\\\/\",\"url\":\"https:\\\/\\\/mundoitam.com\\\/en\\\/2020\\\/09\\\/25\\\/rafael-guerra-a-student-who-transformed-challenges-into-commitment\\\/\",\"name\":\"ITAM's commitment: the youth of Mexico are our priority\",\"isPartOf\":{\"@id\":\"https:\\\/\\\/mundoitam.com\\\/en\\\/#website\"},\"primaryImageOfPage\":{\"@id\":\"https:\\\/\\\/mundoitam.com\\\/en\\\/2020\\\/09\\\/25\\\/rafael-guerra-a-student-who-transformed-challenges-into-commitment\\\/#primaryimage\"},\"image\":{\"@id\":\"https:\\\/\\\/mundoitam.com\\\/en\\\/2020\\\/09\\\/25\\\/rafael-guerra-a-student-who-transformed-challenges-into-commitment\\\/#primaryimage\"},\"thumbnailUrl\":\"https:\\\/\\\/i0.wp.com\\\/mundoitam.com\\\/wp-content\\\/uploads\\\/2018\\\/08\\\/Captura-de-pantalla-2018-07-20-10.06.03.png?fit=1366%2C768&ssl=1\",\"datePublished\":\"2020-09-25T15:20:36+00:00\",\"dateModified\":\"2020-10-02T21:15:10+00:00\",\"description\":\"ITAM is committed to young Mexicans and offers them scholarships to help them succeed. This is the case of Rafael Guerra from Veracruz.\",\"breadcrumb\":{\"@id\":\"https:\\\/\\\/mundoitam.com\\\/en\\\/2020\\\/09\\\/25\\\/rafael-guerra-a-student-who-transformed-challenges-into-commitment\\\/#breadcrumb\"},\"inLanguage\":\"en-US\",\"potentialAction\":[{\"@type\":\"ReadAction\",\"target\":[\"https:\\\/\\\/mundoitam.com\\\/en\\\/2020\\\/09\\\/25\\\/rafael-guerra-a-student-who-transformed-challenges-into-commitment\\\/\"]}]},{\"@type\":\"ImageObject\",\"inLanguage\":\"en-US\",\"@id\":\"https:\\\/\\\/mundoitam.com\\\/en\\\/2020\\\/09\\\/25\\\/rafael-guerra-a-student-who-transformed-challenges-into-commitment\\\/#primaryimage\",\"url\":\"https:\\\/\\\/i0.wp.com\\\/mundoitam.com\\\/wp-content\\\/uploads\\\/2018\\\/08\\\/Captura-de-pantalla-2018-07-20-10.06.03.png?fit=1366%2C768&ssl=1\",\"contentUrl\":\"https:\\\/\\\/i0.wp.com\\\/mundoitam.com\\\/wp-content\\\/uploads\\\/2018\\\/08\\\/Captura-de-pantalla-2018-07-20-10.06.03.png?fit=1366%2C768&ssl=1\",\"width\":1366,\"height\":768,\"caption\":\"Rafael Guerra. PHOTO: ITAM\"},{\"@type\":\"BreadcrumbList\",\"@id\":\"https:\\\/\\\/mundoitam.com\\\/en\\\/2020\\\/09\\\/25\\\/rafael-guerra-a-student-who-transformed-challenges-into-commitment\\\/#breadcrumb\",\"itemListElement\":[{\"@type\":\"ListItem\",\"position\":1,\"name\":\"Portada\",\"item\":\"https:\\\/\\\/mundoitam.com\\\/en\\\/\"},{\"@type\":\"ListItem\",\"position\":2,\"name\":\"Rafael Guerra, a Student Who Transformed Challenges into Commitment\"}]},{\"@type\":\"WebSite\",\"@id\":\"https:\\\/\\\/mundoitam.com\\\/en\\\/#website\",\"url\":\"https:\\\/\\\/mundoitam.com\\\/en\\\/\",\"name\":\"Mundo ITAM\",\"description\":\"ITAM's digital media\",\"publisher\":{\"@id\":\"https:\\\/\\\/mundoitam.com\\\/en\\\/#organization\"},\"potentialAction\":[{\"@type\":\"SearchAction\",\"target\":{\"@type\":\"EntryPoint\",\"urlTemplate\":\"https:\\\/\\\/mundoitam.com\\\/en\\\/?s={search_term_string}\"},\"query-input\":{\"@type\":\"PropertyValueSpecification\",\"valueRequired\":true,\"valueName\":\"search_term_string\"}}],\"inLanguage\":\"en-US\"},{\"@type\":\"Organization\",\"@id\":\"https:\\\/\\\/mundoitam.com\\\/en\\\/#organization\",\"name\":\"ITAM\",\"url\":\"https:\\\/\\\/mundoitam.com\\\/en\\\/\",\"logo\":{\"@type\":\"ImageObject\",\"inLanguage\":\"en-US\",\"@id\":\"https:\\\/\\\/mundoitam.com\\\/en\\\/#\\\/schema\\\/logo\\\/image\\\/\",\"url\":\"https:\\\/\\\/i0.wp.com\\\/mundoitam.com\\\/wp-content\\\/uploads\\\/2018\\\/04\\\/unnamed.jpg?fit=900%2C900&ssl=1\",\"contentUrl\":\"https:\\\/\\\/i0.wp.com\\\/mundoitam.com\\\/wp-content\\\/uploads\\\/2018\\\/04\\\/unnamed.jpg?fit=900%2C900&ssl=1\",\"width\":900,\"height\":900,\"caption\":\"ITAM\"},\"image\":{\"@id\":\"https:\\\/\\\/mundoitam.com\\\/en\\\/#\\\/schema\\\/logo\\\/image\\\/\"},\"sameAs\":[\"https:\\\/\\\/www.facebook.com\\\/itam.mx\\\/\",\"https:\\\/\\\/x.com\\\/ITAM_mx\"]},{\"@type\":\"Person\",\"@id\":\"https:\\\/\\\/mundoitam.com\\\/en\\\/#\\\/schema\\\/person\\\/d1c2a212b8cca3de9f3e2092961fe46c\",\"name\":\"Mundo ITAM\",\"image\":{\"@type\":\"ImageObject\",\"inLanguage\":\"en-US\",\"@id\":\"https:\\\/\\\/secure.gravatar.com\\\/avatar\\\/effa39c51b7a22496338eaaffc67c59dcdc37718d0646f09dc7d534e3111533f?s=96&d=identicon&r=g\",\"url\":\"https:\\\/\\\/secure.gravatar.com\\\/avatar\\\/effa39c51b7a22496338eaaffc67c59dcdc37718d0646f09dc7d534e3111533f?s=96&d=identicon&r=g\",\"contentUrl\":\"https:\\\/\\\/secure.gravatar.com\\\/avatar\\\/effa39c51b7a22496338eaaffc67c59dcdc37718d0646f09dc7d534e3111533f?s=96&d=identicon&r=g\",\"caption\":\"Mundo ITAM\"},\"description\":\"Mundo ITAM es el blog oficial del Instituto Tecnol\u00f3gico Aut\u00f3nomo de M\u00e9xico. Aqu\u00ed podr\u00e1s informarte y aprender acerca de los temas que acaparan los titulares en M\u00e9xico y el mundo, a partir de los textos y videos de nuestras conferencias. Podr\u00e1s conoce a nuestros profesores destacados, en los \u00e1mbitos p\u00fablico y privado de nuestro pa\u00eds, gracias a las entrevistas exclusivas que aqu\u00ed te presentamos.\",\"url\":\"https:\\\/\\\/mundoitam.com\\\/en\\\/author\\\/mundoitam\\\/\"}]}<\/script>\n<!-- \/ Yoast SEO plugin. -->","yoast_head_json":{"title":"ITAM's commitment: the youth of Mexico are our priority","description":"ITAM is committed to young Mexicans and offers them scholarships to help them succeed. This is the case of Rafael Guerra from Veracruz.","robots":{"index":"index","follow":"follow","max-snippet":"max-snippet:-1","max-image-preview":"max-image-preview:large","max-video-preview":"max-video-preview:-1"},"canonical":"https:\/\/mundoitam.com\/en\/2020\/09\/25\/rafael-guerra-a-student-who-transformed-challenges-into-commitment\/","og_locale":"en_US","og_type":"article","og_title":"ITAM's commitment: the youth of Mexico are our priority","og_description":"ITAM is committed to young Mexicans and offers them scholarships to help them succeed. This is the case of Rafael Guerra from Veracruz.","og_url":"https:\/\/mundoitam.com\/en\/2020\/09\/25\/rafael-guerra-a-student-who-transformed-challenges-into-commitment\/","og_site_name":"Mundo ITAM","article_publisher":"https:\/\/www.facebook.com\/itam.mx\/","article_published_time":"2020-09-25T15:20:36+00:00","article_modified_time":"2020-10-02T21:15:10+00:00","og_image":[{"width":1366,"height":768,"url":"https:\/\/i0.wp.com\/mundoitam.com\/wp-content\/uploads\/2018\/08\/Captura-de-pantalla-2018-07-20-10.06.03.png?fit=1366%2C768&ssl=1","type":"image\/png"}],"author":"Mundo ITAM","twitter_card":"summary_large_image","twitter_creator":"@ITAM_mx","twitter_site":"@ITAM_mx","twitter_misc":{"Written by":"Mundo ITAM","Est. reading time":"5 minutes"},"schema":{"@context":"https:\/\/schema.org","@graph":[{"@type":"Article","@id":"https:\/\/mundoitam.com\/en\/2020\/09\/25\/rafael-guerra-a-student-who-transformed-challenges-into-commitment\/#article","isPartOf":{"@id":"https:\/\/mundoitam.com\/en\/2020\/09\/25\/rafael-guerra-a-student-who-transformed-challenges-into-commitment\/"},"author":{"name":"Mundo ITAM","@id":"https:\/\/mundoitam.com\/en\/#\/schema\/person\/d1c2a212b8cca3de9f3e2092961fe46c"},"headline":"Rafael Guerra, a Student Who Transformed Challenges into Commitment","datePublished":"2020-09-25T15:20:36+00:00","dateModified":"2020-10-02T21:15:10+00:00","mainEntityOfPage":{"@id":"https:\/\/mundoitam.com\/en\/2020\/09\/25\/rafael-guerra-a-student-who-transformed-challenges-into-commitment\/"},"wordCount":979,"commentCount":0,"publisher":{"@id":"https:\/\/mundoitam.com\/en\/#organization"},"image":{"@id":"https:\/\/mundoitam.com\/en\/2020\/09\/25\/rafael-guerra-a-student-who-transformed-challenges-into-commitment\/#primaryimage"},"thumbnailUrl":"https:\/\/i0.wp.com\/mundoitam.com\/wp-content\/uploads\/2018\/08\/Captura-de-pantalla-2018-07-20-10.06.03.png?fit=1366%2C768&ssl=1","keywords":["Culture","Education","ITAM Scholarships","Rafael Guerra Cabrera","Social Commitment","Social Responsibility"],"articleSection":["Education and Social Responsability"],"inLanguage":"en-US","potentialAction":[{"@type":"CommentAction","name":"Comment","target":["https:\/\/mundoitam.com\/en\/2020\/09\/25\/rafael-guerra-a-student-who-transformed-challenges-into-commitment\/#respond"]}]},{"@type":"WebPage","@id":"https:\/\/mundoitam.com\/en\/2020\/09\/25\/rafael-guerra-a-student-who-transformed-challenges-into-commitment\/","url":"https:\/\/mundoitam.com\/en\/2020\/09\/25\/rafael-guerra-a-student-who-transformed-challenges-into-commitment\/","name":"ITAM's commitment: the youth of Mexico are our priority","isPartOf":{"@id":"https:\/\/mundoitam.com\/en\/#website"},"primaryImageOfPage":{"@id":"https:\/\/mundoitam.com\/en\/2020\/09\/25\/rafael-guerra-a-student-who-transformed-challenges-into-commitment\/#primaryimage"},"image":{"@id":"https:\/\/mundoitam.com\/en\/2020\/09\/25\/rafael-guerra-a-student-who-transformed-challenges-into-commitment\/#primaryimage"},"thumbnailUrl":"https:\/\/i0.wp.com\/mundoitam.com\/wp-content\/uploads\/2018\/08\/Captura-de-pantalla-2018-07-20-10.06.03.png?fit=1366%2C768&ssl=1","datePublished":"2020-09-25T15:20:36+00:00","dateModified":"2020-10-02T21:15:10+00:00","description":"ITAM is committed to young Mexicans and offers them scholarships to help them succeed. This is the case of Rafael Guerra from Veracruz.","breadcrumb":{"@id":"https:\/\/mundoitam.com\/en\/2020\/09\/25\/rafael-guerra-a-student-who-transformed-challenges-into-commitment\/#breadcrumb"},"inLanguage":"en-US","potentialAction":[{"@type":"ReadAction","target":["https:\/\/mundoitam.com\/en\/2020\/09\/25\/rafael-guerra-a-student-who-transformed-challenges-into-commitment\/"]}]},{"@type":"ImageObject","inLanguage":"en-US","@id":"https:\/\/mundoitam.com\/en\/2020\/09\/25\/rafael-guerra-a-student-who-transformed-challenges-into-commitment\/#primaryimage","url":"https:\/\/i0.wp.com\/mundoitam.com\/wp-content\/uploads\/2018\/08\/Captura-de-pantalla-2018-07-20-10.06.03.png?fit=1366%2C768&ssl=1","contentUrl":"https:\/\/i0.wp.com\/mundoitam.com\/wp-content\/uploads\/2018\/08\/Captura-de-pantalla-2018-07-20-10.06.03.png?fit=1366%2C768&ssl=1","width":1366,"height":768,"caption":"Rafael Guerra. PHOTO: ITAM"},{"@type":"BreadcrumbList","@id":"https:\/\/mundoitam.com\/en\/2020\/09\/25\/rafael-guerra-a-student-who-transformed-challenges-into-commitment\/#breadcrumb","itemListElement":[{"@type":"ListItem","position":1,"name":"Portada","item":"https:\/\/mundoitam.com\/en\/"},{"@type":"ListItem","position":2,"name":"Rafael Guerra, a Student Who Transformed Challenges into Commitment"}]},{"@type":"WebSite","@id":"https:\/\/mundoitam.com\/en\/#website","url":"https:\/\/mundoitam.com\/en\/","name":"Mundo ITAM","description":"ITAM's digital media","publisher":{"@id":"https:\/\/mundoitam.com\/en\/#organization"},"potentialAction":[{"@type":"SearchAction","target":{"@type":"EntryPoint","urlTemplate":"https:\/\/mundoitam.com\/en\/?s={search_term_string}"},"query-input":{"@type":"PropertyValueSpecification","valueRequired":true,"valueName":"search_term_string"}}],"inLanguage":"en-US"},{"@type":"Organization","@id":"https:\/\/mundoitam.com\/en\/#organization","name":"ITAM","url":"https:\/\/mundoitam.com\/en\/","logo":{"@type":"ImageObject","inLanguage":"en-US","@id":"https:\/\/mundoitam.com\/en\/#\/schema\/logo\/image\/","url":"https:\/\/i0.wp.com\/mundoitam.com\/wp-content\/uploads\/2018\/04\/unnamed.jpg?fit=900%2C900&ssl=1","contentUrl":"https:\/\/i0.wp.com\/mundoitam.com\/wp-content\/uploads\/2018\/04\/unnamed.jpg?fit=900%2C900&ssl=1","width":900,"height":900,"caption":"ITAM"},"image":{"@id":"https:\/\/mundoitam.com\/en\/#\/schema\/logo\/image\/"},"sameAs":["https:\/\/www.facebook.com\/itam.mx\/","https:\/\/x.com\/ITAM_mx"]},{"@type":"Person","@id":"https:\/\/mundoitam.com\/en\/#\/schema\/person\/d1c2a212b8cca3de9f3e2092961fe46c","name":"Mundo ITAM","image":{"@type":"ImageObject","inLanguage":"en-US","@id":"https:\/\/secure.gravatar.com\/avatar\/effa39c51b7a22496338eaaffc67c59dcdc37718d0646f09dc7d534e3111533f?s=96&d=identicon&r=g","url":"https:\/\/secure.gravatar.com\/avatar\/effa39c51b7a22496338eaaffc67c59dcdc37718d0646f09dc7d534e3111533f?s=96&d=identicon&r=g","contentUrl":"https:\/\/secure.gravatar.com\/avatar\/effa39c51b7a22496338eaaffc67c59dcdc37718d0646f09dc7d534e3111533f?s=96&d=identicon&r=g","caption":"Mundo ITAM"},"description":"Mundo ITAM es el blog oficial del Instituto Tecnol\u00f3gico Aut\u00f3nomo de M\u00e9xico. Aqu\u00ed podr\u00e1s informarte y aprender acerca de los temas que acaparan los titulares en M\u00e9xico y el mundo, a partir de los textos y videos de nuestras conferencias. Podr\u00e1s conoce a nuestros profesores destacados, en los \u00e1mbitos p\u00fablico y privado de nuestro pa\u00eds, gracias a las entrevistas exclusivas que aqu\u00ed te presentamos.","url":"https:\/\/mundoitam.com\/en\/author\/mundoitam\/"}]}},"jetpack_publicize_connections":[],"jetpack_featured_media_url":"https:\/\/i0.wp.com\/mundoitam.com\/wp-content\/uploads\/2018\/08\/Captura-de-pantalla-2018-07-20-10.06.03.png?fit=1366%2C768&ssl=1","jetpack_sharing_enabled":true,"jetpack_shortlink":"https:\/\/wp.me\/pCVpr-469","jetpack_likes_enabled":true,"jetpack-related-posts":[{"id":17532,"url":"https:\/\/mundoitam.com\/en\/2021\/05\/25\/10-years-of-the-social-commitment-seminar-of-itam\/","url_meta":{"origin":15757,"position":0},"title":"10 years of the Social Commitment Seminar of ITAM","author":"Mundo ITAM","date":"25 May 2021","format":false,"excerpt":"In 2020, was the 10 anniversaries of the first edition of the ITAM Social Commitment Seminar. After one decade, our institute is prude to have created this space for reflection and a meeting place for the actors of civil society organizations dedicated to human and social development. The Social Commitment\u2026","rel":"","context":"In &quot;Educaci\u00f3n, cultura y responsabilidad social&quot;","block_context":{"text":"Educaci\u00f3n, cultura y responsabilidad social","link":"https:\/\/mundoitam.com\/category\/educacion-cultura-y-responsabilidad-social\/"},"img":{"alt_text":"Seminario de Compromiso Social 2017","src":"https:\/\/i0.wp.com\/mundoitam.com\/wp-content\/uploads\/2021\/04\/SCs-2017-portada.jpg?fit=1200%2C800&ssl=1&resize=350%2C200","width":350,"height":200,"srcset":"https:\/\/i0.wp.com\/mundoitam.com\/wp-content\/uploads\/2021\/04\/SCs-2017-portada.jpg?fit=1200%2C800&ssl=1&resize=350%2C200 1x, https:\/\/i0.wp.com\/mundoitam.com\/wp-content\/uploads\/2021\/04\/SCs-2017-portada.jpg?fit=1200%2C800&ssl=1&resize=525%2C300 1.5x, https:\/\/i0.wp.com\/mundoitam.com\/wp-content\/uploads\/2021\/04\/SCs-2017-portada.jpg?fit=1200%2C800&ssl=1&resize=700%2C400 2x, https:\/\/i0.wp.com\/mundoitam.com\/wp-content\/uploads\/2021\/04\/SCs-2017-portada.jpg?fit=1200%2C800&ssl=1&resize=1050%2C600 3x"},"classes":[]},{"id":27402,"url":"https:\/\/mundoitam.com\/en\/2024\/10\/03\/itam-presents-its-new-podcast-orgulloitam\/","url_meta":{"origin":15757,"position":1},"title":"ITAM presents its new podcast #OrgulloITAM!","author":"Mundo ITAM","date":"3 October 2024","format":false,"excerpt":"Each ITAM graduate has a story to tell. Discover the stories and experiences that changed their lifes in ITAM's podcats: #OrgulloITAM","rel":"","context":"In &quot;Alumni&quot;","block_context":{"text":"Alumni","link":"https:\/\/mundoitam.com\/en\/category\/alumni\/"},"img":{"alt_text":"orgullo-itam","src":"https:\/\/i0.wp.com\/mundoitam.com\/wp-content\/uploads\/2024\/10\/orgullo-mundo-itam.jpg?fit=900%2C1200&ssl=1&resize=350%2C200","width":350,"height":200,"srcset":"https:\/\/i0.wp.com\/mundoitam.com\/wp-content\/uploads\/2024\/10\/orgullo-mundo-itam.jpg?fit=900%2C1200&ssl=1&resize=350%2C200 1x, https:\/\/i0.wp.com\/mundoitam.com\/wp-content\/uploads\/2024\/10\/orgullo-mundo-itam.jpg?fit=900%2C1200&ssl=1&resize=525%2C300 1.5x, https:\/\/i0.wp.com\/mundoitam.com\/wp-content\/uploads\/2024\/10\/orgullo-mundo-itam.jpg?fit=900%2C1200&ssl=1&resize=700%2C400 2x"},"classes":[]},{"id":16525,"url":"https:\/\/mundoitam.com\/en\/2020\/12\/16\/2020-a-year-that-transformed-our-community\/","url_meta":{"origin":15757,"position":2},"title":"2020: a year that transformed our community","author":"Direcci\u00f3n de Desarrollo y Comunicaci\u00f3n","date":"16 December 2020","format":false,"excerpt":"2020 has been a real challenge to the whole world. We have faced a different reality than we were used to, and uncertainty has been a constant. Nevertheless, at ITAM we have heard many stories from our community that allow us to say that 2020 has strengthened us, has made\u2026","rel":"","context":"In &quot;Education and Social Responsability&quot;","block_context":{"text":"Education and Social Responsability","link":"https:\/\/mundoitam.com\/en\/category\/education-and-social-responsability\/"},"img":{"alt_text":"ITAM 2020: Un a\u00f1o que transform\u00f3 a nuestra comunidad","src":"https:\/\/i0.wp.com\/mundoitam.com\/wp-content\/uploads\/2020\/12\/ITAM-2020-transformo-comunidad-2.jpg?fit=800%2C800&ssl=1&resize=350%2C200","width":350,"height":200,"srcset":"https:\/\/i0.wp.com\/mundoitam.com\/wp-content\/uploads\/2020\/12\/ITAM-2020-transformo-comunidad-2.jpg?fit=800%2C800&ssl=1&resize=350%2C200 1x, https:\/\/i0.wp.com\/mundoitam.com\/wp-content\/uploads\/2020\/12\/ITAM-2020-transformo-comunidad-2.jpg?fit=800%2C800&ssl=1&resize=525%2C300 1.5x, https:\/\/i0.wp.com\/mundoitam.com\/wp-content\/uploads\/2020\/12\/ITAM-2020-transformo-comunidad-2.jpg?fit=800%2C800&ssl=1&resize=700%2C400 2x"},"classes":[]},{"id":26469,"url":"https:\/\/mundoitam.com\/en\/2024\/08\/14\/itam-alumni-gather-to-strengthen-the-community-and-learn-about-itam-projection\/","url_meta":{"origin":15757,"position":3},"title":"ITAM alumni gather to strengthen the community and learn about ITAM Projection","author":"Mundo ITAM","date":"14 August 2024","format":"image","excerpt":"ITAM alumni gather to learn about ITAM Projection, a philanthropy and scholarship project for future leaders.","rel":"","context":"In &quot;Alumni&quot;","block_context":{"text":"Alumni","link":"https:\/\/mundoitam.com\/en\/category\/alumni\/"},"img":{"alt_text":"Desayuno de Proyecci\u00f3n ITAM. Foto ITAM.","src":"https:\/\/i0.wp.com\/mundoitam.com\/wp-content\/uploads\/2024\/08\/IMG_3338.jpg?fit=1200%2C623&ssl=1&resize=350%2C200","width":350,"height":200,"srcset":"https:\/\/i0.wp.com\/mundoitam.com\/wp-content\/uploads\/2024\/08\/IMG_3338.jpg?fit=1200%2C623&ssl=1&resize=350%2C200 1x, https:\/\/i0.wp.com\/mundoitam.com\/wp-content\/uploads\/2024\/08\/IMG_3338.jpg?fit=1200%2C623&ssl=1&resize=525%2C300 1.5x, https:\/\/i0.wp.com\/mundoitam.com\/wp-content\/uploads\/2024\/08\/IMG_3338.jpg?fit=1200%2C623&ssl=1&resize=700%2C400 2x, https:\/\/i0.wp.com\/mundoitam.com\/wp-content\/uploads\/2024\/08\/IMG_3338.jpg?fit=1200%2C623&ssl=1&resize=1050%2C600 3x"},"classes":[]},{"id":15965,"url":"https:\/\/mundoitam.com\/en\/2020\/10\/26\/global-social-leaders-share-careers-ideas-and-perspectives-at-itam\/","url_meta":{"origin":15757,"position":4},"title":"Global Social Leaders Share Careers, Ideas and Perspectives at ITAM","author":"Mundo ITAM","date":"26 October 2020","format":"image","excerpt":"ITAM\u2019s 5th Social Commitment Seminar, held in Mexico City in November 2018, brought together social leaders dedicated to serving a variety of causes throughout the world. In this context, ITAM was the venue for the presentation of the Eliasson Global Leadership Prizes 2018, awarded by the T\u00e4llberg Foundation \u201cto leaders\u2026","rel":"","context":"In &quot;Education and Social Responsability&quot;","block_context":{"text":"Education and Social Responsability","link":"https:\/\/mundoitam.com\/en\/category\/education-and-social-responsability\/"},"img":{"alt_text":"Seminario de Compromiso Social 2018","src":"https:\/\/i0.wp.com\/mundoitam.com\/wp-content\/uploads\/2018\/12\/DSC_0247.jpg?fit=1200%2C640&ssl=1&resize=350%2C200","width":350,"height":200,"srcset":"https:\/\/i0.wp.com\/mundoitam.com\/wp-content\/uploads\/2018\/12\/DSC_0247.jpg?fit=1200%2C640&ssl=1&resize=350%2C200 1x, https:\/\/i0.wp.com\/mundoitam.com\/wp-content\/uploads\/2018\/12\/DSC_0247.jpg?fit=1200%2C640&ssl=1&resize=525%2C300 1.5x, https:\/\/i0.wp.com\/mundoitam.com\/wp-content\/uploads\/2018\/12\/DSC_0247.jpg?fit=1200%2C640&ssl=1&resize=700%2C400 2x, https:\/\/i0.wp.com\/mundoitam.com\/wp-content\/uploads\/2018\/12\/DSC_0247.jpg?fit=1200%2C640&ssl=1&resize=1050%2C600 3x"},"classes":[]},{"id":16335,"url":"https:\/\/mundoitam.com\/en\/2020\/11\/26\/itam-and-ie-university-sign-an-agreement-to-offer-a-double-degree-in-law\/","url_meta":{"origin":15757,"position":5},"title":"ITAM and IE University sign an agreement to offer a double degree in Law","author":"Mundo ITAM","date":"26 November 2020","format":false,"excerpt":"The Academic Department of Law of ITAM, and IE Law School of IE University (Madrid) have signed a collaboration agreement to offer a new Double Degree Program in Law for both institutions. This program will allow law students to obtain two degrees: the Bachelor's Degree in Law (adapted to the\u2026","rel":"","context":"In &quot;Education and Social Responsability&quot;","block_context":{"text":"Education and Social Responsability","link":"https:\/\/mundoitam.com\/en\/category\/education-and-social-responsability\/"},"img":{"alt_text":"ITAM e IE University anuncian doble grado en Derecho","src":"https:\/\/i0.wp.com\/mundoitam.com\/wp-content\/uploads\/2020\/11\/Doble-grado-ITAM-IE.png?fit=1200%2C1200&ssl=1&resize=350%2C200","width":350,"height":200,"srcset":"https:\/\/i0.wp.com\/mundoitam.com\/wp-content\/uploads\/2020\/11\/Doble-grado-ITAM-IE.png?fit=1200%2C1200&ssl=1&resize=350%2C200 1x, https:\/\/i0.wp.com\/mundoitam.com\/wp-content\/uploads\/2020\/11\/Doble-grado-ITAM-IE.png?fit=1200%2C1200&ssl=1&resize=525%2C300 1.5x, https:\/\/i0.wp.com\/mundoitam.com\/wp-content\/uploads\/2020\/11\/Doble-grado-ITAM-IE.png?fit=1200%2C1200&ssl=1&resize=700%2C400 2x, https:\/\/i0.wp.com\/mundoitam.com\/wp-content\/uploads\/2020\/11\/Doble-grado-ITAM-IE.png?fit=1200%2C1200&ssl=1&resize=1050%2C600 3x"},"classes":[]}],"amp_enabled":true,"_links":{"self":[{"href":"https:\/\/mundoitam.com\/en\/wp-json\/wp\/v2\/posts\/15757","targetHints":{"allow":["GET"]}}],"collection":[{"href":"https:\/\/mundoitam.com\/en\/wp-json\/wp\/v2\/posts"}],"about":[{"href":"https:\/\/mundoitam.com\/en\/wp-json\/wp\/v2\/types\/post"}],"author":[{"embeddable":true,"href":"https:\/\/mundoitam.com\/en\/wp-json\/wp\/v2\/users\/10"}],"replies":[{"embeddable":true,"href":"https:\/\/mundoitam.com\/en\/wp-json\/wp\/v2\/comments?post=15757"}],"version-history":[{"count":5,"href":"https:\/\/mundoitam.com\/en\/wp-json\/wp\/v2\/posts\/15757\/revisions"}],"predecessor-version":[{"id":15759,"href":"https:\/\/mundoitam.com\/en\/wp-json\/wp\/v2\/posts\/15757\/revisions\/15759"}],"wp:featuredmedia":[{"embeddable":true,"href":"https:\/\/mundoitam.com\/en\/wp-json\/wp\/v2\/media\/10226"}],"wp:attachment":[{"href":"https:\/\/mundoitam.com\/en\/wp-json\/wp\/v2\/media?parent=15757"}],"wp:term":[{"taxonomy":"category","embeddable":true,"href":"https:\/\/mundoitam.com\/en\/wp-json\/wp\/v2\/categories?post=15757"},{"taxonomy":"post_tag","embeddable":true,"href":"https:\/\/mundoitam.com\/en\/wp-json\/wp\/v2\/tags?post=15757"}],"curies":[{"name":"wp","href":"https:\/\/api.w.org\/{rel}","templated":true}]}}