{"id":15965,"date":"2020-10-26T14:08:04","date_gmt":"2020-10-26T19:08:04","guid":{"rendered":"https:\/\/mundoitam.com\/2020\/10\/26\/global-social-leaders-share-careers-ideas-and-perspectives-at-itam\/"},"modified":"2020-10-26T14:27:55","modified_gmt":"2020-10-26T19:27:55","slug":"global-social-leaders-share-careers-ideas-and-perspectives-at-itam","status":"publish","type":"post","link":"https:\/\/mundoitam.com\/en\/2020\/10\/26\/global-social-leaders-share-careers-ideas-and-perspectives-at-itam\/","title":{"rendered":"Global Social Leaders Share Careers, Ideas and Perspectives at ITAM"},"content":{"rendered":"<p style=\"text-align: justify;\">ITAM\u2019s 5th <strong>Social Commitment Seminar<\/strong>, held in Mexico City in November 2018, brought together social leaders dedicated to serving a variety of causes throughout the world. In this context, ITAM was the venue for the presentation of the Eliasson Global Leadership Prizes 2018, awarded by the T\u00e4llberg Foundation \u201cto leaders from any country and any discipline whose work is innovative, optimistic and courageous, rooted in universal values and global in implication.\u201d<\/p><div class=\"mundo-contenido\" style=\"margin-top: 20px;margin-bottom: 20px;\" id=\"mundo-3755419053\"><style type=\"text\/css\">\r\n .ad-square h3 { \r\n\tfont-size: 11px;\r\n    font-weight: 300;\r\n    letter-spacing: 2.3px;\r\n    color: #6a6c6e;\r\n    font-weight: normal;\r\n    margin: 18px 0;  \r\n\tfont-family: \"Lato\", \"Helvetica Neue\", Helvetica, Arial, sans-serif;\r\n\t}\r\n<\/style>\r\n\r\n<!--<center> <div class=\"ad-square\">\r\n\t\t\t\t\t\t\t<h3>ANUNCIO<\/h3>\r\n<a href=\"https:\/\/noche.itam.mx\/\" target=\"_blank\"><img decoding=\"async\" width=\"300\" src=\"https:\/\/mundoitam.com\/wp-content\/uploads\/2021\/11\/noche-itam-v2.png\" alt=\"Anuncio\" style=\"border: none; display: block;\"><\/a>\r\n\r\n<\/div> <\/center>--><\/div>\n<div class=\"jetpack-video-wrapper\"><span class=\"embed-youtube\" style=\"text-align:center; display: block;\"><iframe loading=\"lazy\" class=\"youtube-player\" width=\"1000\" height=\"563\" src=\"https:\/\/www.youtube.com\/embed\/4hoG78TY58I?version=3&#038;rel=1&#038;showsearch=0&#038;showinfo=1&#038;iv_load_policy=1&#038;fs=1&#038;hl=en-US&#038;autohide=2&#038;wmode=transparent\" allowfullscreen=\"true\" style=\"border:0;\" sandbox=\"allow-scripts allow-same-origin allow-popups allow-presentation allow-popups-to-escape-sandbox\"><\/iframe><\/span><\/div>\n<p style=\"text-align: justify;\">ITAM President Dr. Arturo Fern\u00e1ndez, who inaugurated the event, stated that<strong> the seminar first began because of the Institute\u2019s interest in providing a meeting space for reflection for members of civil society organizations who are devoted to human and social development<\/strong>. He emphasized that this university works to train the people that Mexico needs for the future, as it instills in them a strong, <strong>grounded willpower based on love and commitment to civic values<\/strong> in the pursuit of personal development and social progress.<\/p>\n<p style=\"text-align: justify;\">Alan Stoga, founder and Chairman of the board of the <strong>T\u00e4llberg Foundation<\/strong>, said that his love for Mexico and ITAM\u2019s institutional excellence to train leaders were the reasons why they chose this Institute as the venue for the awards ceremony. He remarked that the winners of this prize possess features that define them as social leaders: <strong>They ask intelligent questions about issues that are pertinent to their contexts;<\/strong> they seek to generate a positive change in the world, and they do not think of their differences as an obstacle but as an opportunity.<\/p>\n<figure id=\"attachment_10928\" aria-describedby=\"caption-attachment-10928\" style=\"width: 700px\" class=\"wp-caption aligncenter\"><img data-recalc-dims=\"1\" loading=\"lazy\" decoding=\"async\" data-attachment-id=\"10928\" data-permalink=\"https:\/\/mundoitam.com\/en\/2020\/10\/26\/global-social-leaders-share-careers-ideas-and-perspectives-at-itam\/alan-stoga-2-2\/\" data-orig-file=\"https:\/\/i0.wp.com\/mundoitam.com\/wp-content\/uploads\/2018\/12\/Alan-Stoga.jpg?fit=6000%2C4000&amp;ssl=1\" data-orig-size=\"6000,4000\" data-comments-opened=\"1\" data-image-meta=\"{&quot;aperture&quot;:&quot;5&quot;,&quot;credit&quot;:&quot;&quot;,&quot;camera&quot;:&quot;NIKON D3300&quot;,&quot;caption&quot;:&quot;&quot;,&quot;created_timestamp&quot;:&quot;1542273300&quot;,&quot;copyright&quot;:&quot;&quot;,&quot;focal_length&quot;:&quot;155&quot;,&quot;iso&quot;:&quot;800&quot;,&quot;shutter_speed&quot;:&quot;0.02&quot;,&quot;title&quot;:&quot;&quot;,&quot;orientation&quot;:&quot;1&quot;}\" data-image-title=\"Alan Stoga\" data-image-description=\"&lt;p&gt;Alan Stoga&lt;\/p&gt;\n\" data-image-caption=\"&lt;p&gt;Alan Stoga. Chairman of the T\u00e4llberg Foundation. PHOTO: ITAM&lt;\/p&gt;\n\" data-large-file=\"https:\/\/i0.wp.com\/mundoitam.com\/wp-content\/uploads\/2018\/12\/Alan-Stoga.jpg?fit=1000%2C667&amp;ssl=1\" class=\"wp-image-10928\" src=\"https:\/\/i0.wp.com\/mundoitam.com\/wp-content\/uploads\/2018\/12\/Alan-Stoga.jpg?resize=700%2C467&#038;ssl=1\" alt=\"Alan Stoga\" width=\"700\" height=\"467\" srcset=\"https:\/\/i0.wp.com\/mundoitam.com\/wp-content\/uploads\/2018\/12\/Alan-Stoga.jpg?w=6000&amp;ssl=1 6000w, https:\/\/i0.wp.com\/mundoitam.com\/wp-content\/uploads\/2018\/12\/Alan-Stoga.jpg?resize=300%2C200&amp;ssl=1 300w, https:\/\/i0.wp.com\/mundoitam.com\/wp-content\/uploads\/2018\/12\/Alan-Stoga.jpg?resize=768%2C512&amp;ssl=1 768w, https:\/\/i0.wp.com\/mundoitam.com\/wp-content\/uploads\/2018\/12\/Alan-Stoga.jpg?resize=1024%2C683&amp;ssl=1 1024w, https:\/\/i0.wp.com\/mundoitam.com\/wp-content\/uploads\/2018\/12\/Alan-Stoga.jpg?resize=960%2C640&amp;ssl=1 960w, https:\/\/i0.wp.com\/mundoitam.com\/wp-content\/uploads\/2018\/12\/Alan-Stoga.jpg?resize=450%2C300&amp;ssl=1 450w, https:\/\/i0.wp.com\/mundoitam.com\/wp-content\/uploads\/2018\/12\/Alan-Stoga.jpg?w=2000&amp;ssl=1 2000w, https:\/\/i0.wp.com\/mundoitam.com\/wp-content\/uploads\/2018\/12\/Alan-Stoga.jpg?w=3000&amp;ssl=1 3000w\" sizes=\"auto, (max-width: 700px) 100vw, 700px\" \/><figcaption id=\"caption-attachment-10928\" class=\"wp-caption-text\">Alan Stoga. Chairman of the board of the T\u00e4llberg Foundation. PHOTO: ITAM<\/figcaption><\/figure>\n<p style=\"text-align: justify;\">Natalia Villalpando, CEO of CREA, <strong>Dina Buchbinder<\/strong>, Chairwoman of Educaci\u00f3n para Compartir (Education to Share), and <strong>Rosa Isela Gluyas<\/strong>, CEO of BAL Foundation, participated in the first panel on \u201cDisruptive Social Projects Led by Mexicans.\u201d The three agreed that the momentum of cooperative social leadership and early empowerment of children and women from marginal communities is needed to favor social progress.<\/p>\n<figure id=\"attachment_15969\" aria-describedby=\"caption-attachment-15969\" style=\"width: 700px\" class=\"wp-caption aligncenter\"><img data-recalc-dims=\"1\" loading=\"lazy\" decoding=\"async\" data-attachment-id=\"15969\" data-permalink=\"https:\/\/mundoitam.com\/en\/2020\/10\/26\/global-social-leaders-share-careers-ideas-and-perspectives-at-itam\/dsc_0126-1024x683\/\" data-orig-file=\"https:\/\/i0.wp.com\/mundoitam.com\/wp-content\/uploads\/2020\/10\/DSC_0126-1024x683-1.jpg?fit=1024%2C683&amp;ssl=1\" data-orig-size=\"1024,683\" data-comments-opened=\"1\" data-image-meta=\"{&quot;aperture&quot;:&quot;0&quot;,&quot;credit&quot;:&quot;&quot;,&quot;camera&quot;:&quot;&quot;,&quot;caption&quot;:&quot;&quot;,&quot;created_timestamp&quot;:&quot;0&quot;,&quot;copyright&quot;:&quot;&quot;,&quot;focal_length&quot;:&quot;0&quot;,&quot;iso&quot;:&quot;0&quot;,&quot;shutter_speed&quot;:&quot;0&quot;,&quot;title&quot;:&quot;&quot;,&quot;orientation&quot;:&quot;0&quot;}\" data-image-title=\"Participants\" data-image-description=\"\" data-image-caption=\"&lt;p&gt;Alfredo Villafranca, Dina Buchbinder, Natalia Villalpando and Rosa Isela Gluyas. PHOTO: ITAM.&lt;\/p&gt;\n\" data-large-file=\"https:\/\/i0.wp.com\/mundoitam.com\/wp-content\/uploads\/2020\/10\/DSC_0126-1024x683-1.jpg?fit=1000%2C667&amp;ssl=1\" class=\"wp-image-15969\" src=\"https:\/\/i0.wp.com\/mundoitam.com\/wp-content\/uploads\/2020\/10\/DSC_0126-1024x683-1.jpg?resize=700%2C467&#038;ssl=1\" alt=\"\" width=\"700\" height=\"467\" srcset=\"https:\/\/i0.wp.com\/mundoitam.com\/wp-content\/uploads\/2020\/10\/DSC_0126-1024x683-1.jpg?w=1024&amp;ssl=1 1024w, https:\/\/i0.wp.com\/mundoitam.com\/wp-content\/uploads\/2020\/10\/DSC_0126-1024x683-1.jpg?resize=300%2C200&amp;ssl=1 300w, https:\/\/i0.wp.com\/mundoitam.com\/wp-content\/uploads\/2020\/10\/DSC_0126-1024x683-1.jpg?resize=768%2C512&amp;ssl=1 768w, https:\/\/i0.wp.com\/mundoitam.com\/wp-content\/uploads\/2020\/10\/DSC_0126-1024x683-1.jpg?resize=960%2C640&amp;ssl=1 960w, https:\/\/i0.wp.com\/mundoitam.com\/wp-content\/uploads\/2020\/10\/DSC_0126-1024x683-1.jpg?resize=450%2C300&amp;ssl=1 450w\" sizes=\"auto, (max-width: 700px) 100vw, 700px\" \/><figcaption id=\"caption-attachment-15969\" class=\"wp-caption-text\">Alfredo Villafranca, Dina Buchbinder, Natalia Villalpando and Rosa Isela Gluyas. PHOTO: ITAM.<\/figcaption><\/figure>\n<p style=\"text-align: justify;\">\n<h2 style=\"text-align: justify;\">Social Leaders\u2019 Reflections, or How to Generate Lasting Change<\/h2>\n<p style=\"text-align: justify;\">Two of the winners of the Eliasson Prize led the second panel on the social impact of art and science. Sharmeen Obaid-Chinoy, a charismatic Pakistani filmmaker and journalist, used her art of \u201ctelling stories\u201d to <strong>attract the attention of her global audience<\/strong> <strong>to problems that affect marginalized communities with the objective of changing minds and legislation<\/strong>. On the other hand, Rafael Yuste, professor at Columbia University and a very prominent neuroscientist who inspired the US Brain Initiative project, talked about an <strong>ethical framework for more advanced neuroscientific research<\/strong>. It was a memorable panel because of the inspiring and profound comments by both winners.<\/p>\n<figure id=\"attachment_15972\" aria-describedby=\"caption-attachment-15972\" style=\"width: 700px\" class=\"wp-caption aligncenter\"><img data-recalc-dims=\"1\" loading=\"lazy\" decoding=\"async\" data-attachment-id=\"15972\" data-permalink=\"https:\/\/mundoitam.com\/en\/2020\/10\/26\/global-social-leaders-share-careers-ideas-and-perspectives-at-itam\/dsc_0501-e1545415073576-1024x566\/\" data-orig-file=\"https:\/\/i0.wp.com\/mundoitam.com\/wp-content\/uploads\/2020\/10\/DSC_0501-e1545415073576-1024x566-1.jpg?fit=1024%2C566&amp;ssl=1\" data-orig-size=\"1024,566\" data-comments-opened=\"1\" data-image-meta=\"{&quot;aperture&quot;:&quot;0&quot;,&quot;credit&quot;:&quot;&quot;,&quot;camera&quot;:&quot;&quot;,&quot;caption&quot;:&quot;&quot;,&quot;created_timestamp&quot;:&quot;0&quot;,&quot;copyright&quot;:&quot;&quot;,&quot;focal_length&quot;:&quot;0&quot;,&quot;iso&quot;:&quot;0&quot;,&quot;shutter_speed&quot;:&quot;0&quot;,&quot;title&quot;:&quot;&quot;,&quot;orientation&quot;:&quot;0&quot;}\" data-image-title=\"DSC_0501-e1545415073576-1024&amp;#215;566\" data-image-description=\"\" data-image-caption=\"&lt;p&gt;Sharmeen Obaid-Chinoy and Rafael Yuste. PHOTO: ITAM.&lt;\/p&gt;\n\" data-large-file=\"https:\/\/i0.wp.com\/mundoitam.com\/wp-content\/uploads\/2020\/10\/DSC_0501-e1545415073576-1024x566-1.jpg?fit=1000%2C553&amp;ssl=1\" class=\"wp-image-15972\" src=\"https:\/\/i0.wp.com\/mundoitam.com\/wp-content\/uploads\/2020\/10\/DSC_0501-e1545415073576-1024x566-1.jpg?resize=700%2C387&#038;ssl=1\" alt=\"\" width=\"700\" height=\"387\" srcset=\"https:\/\/i0.wp.com\/mundoitam.com\/wp-content\/uploads\/2020\/10\/DSC_0501-e1545415073576-1024x566-1.jpg?w=1024&amp;ssl=1 1024w, https:\/\/i0.wp.com\/mundoitam.com\/wp-content\/uploads\/2020\/10\/DSC_0501-e1545415073576-1024x566-1.jpg?resize=300%2C166&amp;ssl=1 300w, https:\/\/i0.wp.com\/mundoitam.com\/wp-content\/uploads\/2020\/10\/DSC_0501-e1545415073576-1024x566-1.jpg?resize=768%2C425&amp;ssl=1 768w, https:\/\/i0.wp.com\/mundoitam.com\/wp-content\/uploads\/2020\/10\/DSC_0501-e1545415073576-1024x566-1.jpg?resize=543%2C300&amp;ssl=1 543w\" sizes=\"auto, (max-width: 700px) 100vw, 700px\" \/><figcaption id=\"caption-attachment-15972\" class=\"wp-caption-text\">Sharmeen Obaid-Chinoy and Rafael Yuste. PHOTO: ITAM.<\/figcaption><\/figure>\n<p style=\"text-align: justify;\">Katyna Argueta, of the United Nations Development Program (UNDP), and Diane Osgood, senior advisor on sustainability, innovation and purpose at The Tembo Group, participated in the panel, <em>\u201cMeasure, Create Bridges and Facilitate Change.<\/em>\u201d Argueta said that in 2015 nearly all the objectives that had been proposed for the year 2000 were met. However, she emphasized that much work remains to be done. For that reason, <strong>the UN postulated the 2030 Agenda, whose goal is to eradicate poverty, take care of the planet and maintain prosperity<\/strong>. Diane stressed that philanthropic work contributes to closing the economic gap due to declining government support, especially in developed countries.<\/p>\n<p style=\"text-align: justify;\">\n<figure id=\"attachment_15975\" aria-describedby=\"caption-attachment-15975\" style=\"width: 700px\" class=\"wp-caption aligncenter\"><img data-recalc-dims=\"1\" loading=\"lazy\" decoding=\"async\" data-attachment-id=\"15975\" data-permalink=\"https:\/\/mundoitam.com\/en\/2020\/10\/26\/global-social-leaders-share-careers-ideas-and-perspectives-at-itam\/dsc_0749-1024x683\/\" data-orig-file=\"https:\/\/i0.wp.com\/mundoitam.com\/wp-content\/uploads\/2020\/10\/DSC_0749-1024x683-1.jpg?fit=1024%2C683&amp;ssl=1\" data-orig-size=\"1024,683\" data-comments-opened=\"1\" data-image-meta=\"{&quot;aperture&quot;:&quot;0&quot;,&quot;credit&quot;:&quot;&quot;,&quot;camera&quot;:&quot;&quot;,&quot;caption&quot;:&quot;&quot;,&quot;created_timestamp&quot;:&quot;0&quot;,&quot;copyright&quot;:&quot;&quot;,&quot;focal_length&quot;:&quot;0&quot;,&quot;iso&quot;:&quot;0&quot;,&quot;shutter_speed&quot;:&quot;0&quot;,&quot;title&quot;:&quot;&quot;,&quot;orientation&quot;:&quot;0&quot;}\" data-image-title=\"Social Leaders\" data-image-description=\"\" data-image-caption=\"&lt;p&gt;Diane Osgood and Katyna Argueta \/ IMAGE: @ITAM&lt;\/p&gt;\n\" data-large-file=\"https:\/\/i0.wp.com\/mundoitam.com\/wp-content\/uploads\/2020\/10\/DSC_0749-1024x683-1.jpg?fit=1000%2C667&amp;ssl=1\" class=\"wp-image-15975\" src=\"https:\/\/i0.wp.com\/mundoitam.com\/wp-content\/uploads\/2020\/10\/DSC_0749-1024x683-1.jpg?resize=700%2C467&#038;ssl=1\" alt=\"\" width=\"700\" height=\"467\" srcset=\"https:\/\/i0.wp.com\/mundoitam.com\/wp-content\/uploads\/2020\/10\/DSC_0749-1024x683-1.jpg?w=1024&amp;ssl=1 1024w, https:\/\/i0.wp.com\/mundoitam.com\/wp-content\/uploads\/2020\/10\/DSC_0749-1024x683-1.jpg?resize=300%2C200&amp;ssl=1 300w, https:\/\/i0.wp.com\/mundoitam.com\/wp-content\/uploads\/2020\/10\/DSC_0749-1024x683-1.jpg?resize=768%2C512&amp;ssl=1 768w, https:\/\/i0.wp.com\/mundoitam.com\/wp-content\/uploads\/2020\/10\/DSC_0749-1024x683-1.jpg?resize=960%2C640&amp;ssl=1 960w, https:\/\/i0.wp.com\/mundoitam.com\/wp-content\/uploads\/2020\/10\/DSC_0749-1024x683-1.jpg?resize=450%2C300&amp;ssl=1 450w\" sizes=\"auto, (max-width: 700px) 100vw, 700px\" \/><figcaption id=\"caption-attachment-15975\" class=\"wp-caption-text\">Diane Osgood and Katyna Argueta \/ IMAGE: @ITAM<\/figcaption><\/figure>\n<p style=\"text-align: justify;\">The subject of <strong>leadership for peace<\/strong> was presented by the founders of the Plateforme des Confessions Religieuses de Centrafrique (PCRC), who won a shared award within the Eliasson Global Leadership Prizes: Imam Omar Kobine Layama, president of the Central African Islamic Community; Cardinal Dieudonn\u00e9 Nzapalainga, archbishop of Bangui, and Nicolas Gu\u00e9r\u00e9koyame-Gbangou, president of the Evangelical Alliance of the Central African Republic. In their presentation, they shared with the audience the recent history of the political, social and religious situation of the central region of Africa. <strong>Their cooperative efforts began in 2012, when the religious tensions in that region became politicized,<\/strong> <strong>giving rise to a cycle of violence and insecurity<\/strong>. Together they have focused on promoting forgiveness, justice and love within their respective communities based on respect for different ideologies. Working together, they have progressed in their search for safeguarding their beliefs and their followers from political manipulation and orchestration.<\/p>\n<figure id=\"attachment_15978\" aria-describedby=\"caption-attachment-15978\" style=\"width: 700px\" class=\"wp-caption aligncenter\"><img data-recalc-dims=\"1\" loading=\"lazy\" decoding=\"async\" data-attachment-id=\"15978\" data-permalink=\"https:\/\/mundoitam.com\/en\/2020\/10\/26\/global-social-leaders-share-careers-ideas-and-perspectives-at-itam\/dsc_0208-1024x683\/\" data-orig-file=\"https:\/\/i0.wp.com\/mundoitam.com\/wp-content\/uploads\/2020\/10\/DSC_0208-1024x683-1.jpg?fit=1024%2C683&amp;ssl=1\" data-orig-size=\"1024,683\" data-comments-opened=\"1\" data-image-meta=\"{&quot;aperture&quot;:&quot;0&quot;,&quot;credit&quot;:&quot;&quot;,&quot;camera&quot;:&quot;&quot;,&quot;caption&quot;:&quot;&quot;,&quot;created_timestamp&quot;:&quot;0&quot;,&quot;copyright&quot;:&quot;&quot;,&quot;focal_length&quot;:&quot;0&quot;,&quot;iso&quot;:&quot;0&quot;,&quot;shutter_speed&quot;:&quot;0&quot;,&quot;title&quot;:&quot;&quot;,&quot;orientation&quot;:&quot;0&quot;}\" data-image-title=\"African leaders\" data-image-description=\"\" data-image-caption=\"&lt;p&gt;Founders of Plateforme des Confessions Religieuses de Centrafrique (PCRC) \/ Image: @ITAM.&lt;\/p&gt;\n\" data-large-file=\"https:\/\/i0.wp.com\/mundoitam.com\/wp-content\/uploads\/2020\/10\/DSC_0208-1024x683-1.jpg?fit=1000%2C667&amp;ssl=1\" class=\"wp-image-15978\" src=\"https:\/\/i0.wp.com\/mundoitam.com\/wp-content\/uploads\/2020\/10\/DSC_0208-1024x683-1.jpg?resize=700%2C467&#038;ssl=1\" alt=\"\" width=\"700\" height=\"467\" srcset=\"https:\/\/i0.wp.com\/mundoitam.com\/wp-content\/uploads\/2020\/10\/DSC_0208-1024x683-1.jpg?w=1024&amp;ssl=1 1024w, https:\/\/i0.wp.com\/mundoitam.com\/wp-content\/uploads\/2020\/10\/DSC_0208-1024x683-1.jpg?resize=300%2C200&amp;ssl=1 300w, https:\/\/i0.wp.com\/mundoitam.com\/wp-content\/uploads\/2020\/10\/DSC_0208-1024x683-1.jpg?resize=768%2C512&amp;ssl=1 768w, https:\/\/i0.wp.com\/mundoitam.com\/wp-content\/uploads\/2020\/10\/DSC_0208-1024x683-1.jpg?resize=960%2C640&amp;ssl=1 960w, https:\/\/i0.wp.com\/mundoitam.com\/wp-content\/uploads\/2020\/10\/DSC_0208-1024x683-1.jpg?resize=450%2C300&amp;ssl=1 450w\" sizes=\"auto, (max-width: 700px) 100vw, 700px\" \/><figcaption id=\"caption-attachment-15978\" class=\"wp-caption-text\">Founders of Plateforme des Confessions Religieuses de Centrafrique (PCRC) \/ Image: @ITAM.<\/figcaption><\/figure>\n<p style=\"text-align: justify;\">Finally, Max Kaiser and Burghard Petersen participated in the panel <em>\u201cLeadership to Create a Citizen Consciousness.\u201d<\/em> Max Kaiser, advisor to the United Nations on corruption, said that civil society must be involved in influencing political decisions, so that they benefit society. Burghard Petersen, strategy director at EarthX, called on those present to give priority to environmental issues. Although both social leaders work in different areas, they concluded that <strong>the work of a single person cannot generate a long-lasting change<\/strong>: Only the innovative ideas and proposals that we build together generate change.<\/p>\n<figure id=\"attachment_10932\" aria-describedby=\"caption-attachment-10932\" style=\"width: 700px\" class=\"wp-caption aligncenter\"><img data-recalc-dims=\"1\" loading=\"lazy\" decoding=\"async\" data-attachment-id=\"10932\" data-permalink=\"https:\/\/mundoitam.com\/en\/2020\/10\/26\/global-social-leaders-share-careers-ideas-and-perspectives-at-itam\/burghard-petersen-earthx-director-de-estrategia-2\/\" data-orig-file=\"https:\/\/i0.wp.com\/mundoitam.com\/wp-content\/uploads\/2018\/12\/Burghard-Petersen-EarthX-Director-de-estrategia.jpg?fit=6000%2C4000&amp;ssl=1\" data-orig-size=\"6000,4000\" data-comments-opened=\"1\" data-image-meta=\"{&quot;aperture&quot;:&quot;5&quot;,&quot;credit&quot;:&quot;&quot;,&quot;camera&quot;:&quot;NIKON D3300&quot;,&quot;caption&quot;:&quot;&quot;,&quot;created_timestamp&quot;:&quot;1542290649&quot;,&quot;copyright&quot;:&quot;&quot;,&quot;focal_length&quot;:&quot;150&quot;,&quot;iso&quot;:&quot;1600&quot;,&quot;shutter_speed&quot;:&quot;0.02&quot;,&quot;title&quot;:&quot;&quot;,&quot;orientation&quot;:&quot;1&quot;}\" data-image-title=\"Burghard Petersen, EarthX, Director de estrategia\" data-image-description=\"\" data-image-caption=\"&lt;p&gt;Burghard Petersen, EarthX, Director of strategy. PHOTO: ITAM.&lt;\/p&gt;\n\" data-large-file=\"https:\/\/i0.wp.com\/mundoitam.com\/wp-content\/uploads\/2018\/12\/Burghard-Petersen-EarthX-Director-de-estrategia.jpg?fit=1000%2C667&amp;ssl=1\" class=\"wp-image-10932\" src=\"https:\/\/i0.wp.com\/mundoitam.com\/wp-content\/uploads\/2018\/12\/Burghard-Petersen-EarthX-Director-de-estrategia.jpg?resize=700%2C467&#038;ssl=1\" alt=\"\" width=\"700\" height=\"467\" srcset=\"https:\/\/i0.wp.com\/mundoitam.com\/wp-content\/uploads\/2018\/12\/Burghard-Petersen-EarthX-Director-de-estrategia.jpg?w=6000&amp;ssl=1 6000w, https:\/\/i0.wp.com\/mundoitam.com\/wp-content\/uploads\/2018\/12\/Burghard-Petersen-EarthX-Director-de-estrategia.jpg?resize=300%2C200&amp;ssl=1 300w, https:\/\/i0.wp.com\/mundoitam.com\/wp-content\/uploads\/2018\/12\/Burghard-Petersen-EarthX-Director-de-estrategia.jpg?resize=768%2C512&amp;ssl=1 768w, https:\/\/i0.wp.com\/mundoitam.com\/wp-content\/uploads\/2018\/12\/Burghard-Petersen-EarthX-Director-de-estrategia.jpg?resize=1024%2C683&amp;ssl=1 1024w, https:\/\/i0.wp.com\/mundoitam.com\/wp-content\/uploads\/2018\/12\/Burghard-Petersen-EarthX-Director-de-estrategia.jpg?resize=960%2C640&amp;ssl=1 960w, https:\/\/i0.wp.com\/mundoitam.com\/wp-content\/uploads\/2018\/12\/Burghard-Petersen-EarthX-Director-de-estrategia.jpg?resize=450%2C300&amp;ssl=1 450w, https:\/\/i0.wp.com\/mundoitam.com\/wp-content\/uploads\/2018\/12\/Burghard-Petersen-EarthX-Director-de-estrategia.jpg?w=2000&amp;ssl=1 2000w, https:\/\/i0.wp.com\/mundoitam.com\/wp-content\/uploads\/2018\/12\/Burghard-Petersen-EarthX-Director-de-estrategia.jpg?w=3000&amp;ssl=1 3000w\" sizes=\"auto, (max-width: 700px) 100vw, 700px\" \/><figcaption id=\"caption-attachment-10932\" class=\"wp-caption-text\">Burghard Petersen, EarthX, Director of strategy. PHOTO: ITAM.<\/figcaption><\/figure>\n<p style=\"text-align: justify;\">In conclusion, <strong>Alejandra Peralta Borja<\/strong>, VP for Advancement and Institutional Communication at ITAM and coordinator of this seminar, was enthusiastic about the outstanding participation of the ITAM community in social issues. Alfredo Orellana, who heads the ITAM\u2019s Alumni Association, said <strong>he has witnessed the commitment and influence of ITAM graduates in various fields, especially in the social leadership in our country.<\/strong><\/p>\n<h2 style=\"text-align: justify;\">The winners of the 2019 T\u00e4llberg\/ Eliasson Global Leadership Prize<\/h2>\n<p style=\"text-align: justify;\">The three winners of the 2019 T\u00e4llberg \/ Eliasson Prize were <strong>Anne Goldfeld, Saul Griffith and Faustin Linyekula<\/strong>. To learn more about them and their contributions to improving the world around us, we invite you to watch the following video:<\/p>\n<div class=\"jetpack-video-wrapper\"><span class=\"embed-youtube\" style=\"text-align:center; display: block;\"><iframe loading=\"lazy\" class=\"youtube-player\" width=\"1000\" height=\"563\" src=\"https:\/\/www.youtube.com\/embed\/bE-Atl6y8sk?version=3&#038;rel=1&#038;showsearch=0&#038;showinfo=1&#038;iv_load_policy=1&#038;fs=1&#038;hl=en-US&#038;autohide=2&#038;wmode=transparent\" allowfullscreen=\"true\" style=\"border:0;\" sandbox=\"allow-scripts allow-same-origin allow-popups allow-presentation allow-popups-to-escape-sandbox\"><\/iframe><\/span><\/div>\n<div class=\"mundo-despues-del-contenido\" id=\"mundo-25761211\"><style type=\"text\/css\">\r\n .ad-square h3 { \r\n\tfont-size: 11px;\r\n    font-weight: 300;\r\n    letter-spacing: 2.3px;\r\n    color: #6a6c6e;\r\n    font-weight: normal;\r\n    margin: 18px 0;  \r\n\tfont-family: \"Lato\", \"Helvetica Neue\", Helvetica, Arial, sans-serif;\r\n\t}\r\n<\/style>\r\n\r\n<center> <div class=\"ad-square\">\r\n\t\t\t\t\t\t\t<h3>ANUNCIO<\/h3>\r\n<a href=\"https:\/\/aspirantes.itam.mx\/proceso-admision\/?utm_source=itam&utm_medium=mundoitam&utm_campaign=organico\" target=\"_blank\"><img decoding=\"async\" width=\"800\" src=\"https:\/\/mundoitam.com\/wp-content\/uploads\/2021\/06\/banner-aspitantes-1.png \" alt=\"Anuncio\" style=\"border: none; display: block;\"><\/a>\r\n\r\n<\/div> <\/center> <\/div>","protected":false},"excerpt":{"rendered":"<p>ITAM\u2019s 5th Social Commitment Seminar, held in Mexico City in November 2018, brought together social leaders dedicated to serving a variety of causes throughout the world. In this context, ITAM was the venue for the presentation of the Eliasson Global Leadership Prizes 2018, awarded by the T\u00e4llberg Foundation \u201cto leaders from any country and any&#8230; <\/p>\n<div class=\"link-more\"><a href=\"https:\/\/mundoitam.com\/en\/2020\/10\/26\/global-social-leaders-share-careers-ideas-and-perspectives-at-itam\/\">Read More<\/a><\/div>\n","protected":false},"author":10,"featured_media":10934,"comment_status":"open","ping_status":"open","sticky":false,"template":"","format":"image","meta":{"_jetpack_newsletter_access":"","_jetpack_dont_email_post_to_subs":false,"_jetpack_newsletter_tier_id":0,"_jetpack_memberships_contains_paywalled_content":false,"_jetpack_memberships_contains_paid_content":false,"footnotes":"","jetpack_publicize_message":"","jetpack_publicize_feature_enabled":true,"jetpack_social_post_already_shared":true,"jetpack_social_options":{"image_generator_settings":{"template":"highway","default_image_id":0,"font":"","enabled":false},"version":2},"_wpas_customize_per_network":false,"jetpack_post_was_ever_published":false},"categories":[579146073],"tags":[579146942,579146950,579146948,579146947,579146951,579146949],"class_list":["post-15965","post","type-post","status-publish","format-image","has-post-thumbnail","hentry","category-education-and-social-responsability","tag-alan-stoga-en","tag-compromiso-social-en","tag-dina-buchbinder-en","tag-eliasson-global-leadership-prizes-2018-en","tag-lideres-sociales-en","tag-seminario-de-compromiso-social-del-itam-en","post_format-post-format-image"],"yoast_head":"<!-- This site is optimized with the Yoast SEO plugin v27.5 - https:\/\/yoast.com\/product\/yoast-seo-wordpress\/ -->\n<title>Social leaders from around the world shared ideas and perspectives at ITAM.<\/title>\n<meta name=\"description\" content=\"ITAM&#039;s 5th Social Commitment Seminar reunited social leaders that defend various causes from around the world. Meet them. November 2018\" \/>\n<meta name=\"robots\" content=\"index, follow, max-snippet:-1, max-image-preview:large, max-video-preview:-1\" \/>\n<link rel=\"canonical\" href=\"https:\/\/mundoitam.com\/en\/2020\/10\/26\/global-social-leaders-share-careers-ideas-and-perspectives-at-itam\/\" \/>\n<meta property=\"og:locale\" content=\"en_US\" \/>\n<meta property=\"og:type\" content=\"article\" \/>\n<meta property=\"og:title\" content=\"Social leaders from around the world shared ideas and perspectives at ITAM.\" \/>\n<meta property=\"og:description\" content=\"ITAM&#039;s 5th Social Commitment Seminar reunited social leaders that defend various causes from around the world. Meet them. November 2018\" \/>\n<meta property=\"og:url\" content=\"https:\/\/mundoitam.com\/en\/2020\/10\/26\/global-social-leaders-share-careers-ideas-and-perspectives-at-itam\/\" \/>\n<meta property=\"og:site_name\" content=\"Mundo ITAM\" \/>\n<meta property=\"article:publisher\" content=\"https:\/\/www.facebook.com\/itam.mx\/\" \/>\n<meta property=\"article:published_time\" content=\"2020-10-26T19:08:04+00:00\" \/>\n<meta property=\"article:modified_time\" content=\"2020-10-26T19:27:55+00:00\" \/>\n<meta property=\"og:image\" content=\"https:\/\/mundoitam.com\/wp-content\/uploads\/2018\/12\/DSC_0247-1024x546.jpg\" \/>\n\t<meta property=\"og:image:width\" content=\"1024\" \/>\n\t<meta property=\"og:image:height\" content=\"546\" \/>\n\t<meta property=\"og:image:type\" content=\"image\/jpeg\" \/>\n<meta name=\"author\" content=\"Mundo ITAM\" \/>\n<meta name=\"twitter:card\" content=\"summary_large_image\" \/>\n<meta name=\"twitter:creator\" content=\"@ITAM_mx\" \/>\n<meta name=\"twitter:site\" content=\"@ITAM_mx\" \/>\n<meta name=\"twitter:label1\" content=\"Written by\" \/>\n\t<meta name=\"twitter:data1\" content=\"Mundo ITAM\" \/>\n\t<meta name=\"twitter:label2\" content=\"Est. reading time\" \/>\n\t<meta name=\"twitter:data2\" content=\"5 minutes\" \/>\n<script type=\"application\/ld+json\" class=\"yoast-schema-graph\">{\"@context\":\"https:\\\/\\\/schema.org\",\"@graph\":[{\"@type\":\"Article\",\"@id\":\"https:\\\/\\\/mundoitam.com\\\/en\\\/2020\\\/10\\\/26\\\/global-social-leaders-share-careers-ideas-and-perspectives-at-itam\\\/#article\",\"isPartOf\":{\"@id\":\"https:\\\/\\\/mundoitam.com\\\/en\\\/2020\\\/10\\\/26\\\/global-social-leaders-share-careers-ideas-and-perspectives-at-itam\\\/\"},\"author\":{\"name\":\"Mundo ITAM\",\"@id\":\"https:\\\/\\\/mundoitam.com\\\/en\\\/#\\\/schema\\\/person\\\/d1c2a212b8cca3de9f3e2092961fe46c\"},\"headline\":\"Global Social Leaders Share Careers, Ideas and Perspectives at ITAM\",\"datePublished\":\"2020-10-26T19:08:04+00:00\",\"dateModified\":\"2020-10-26T19:27:55+00:00\",\"mainEntityOfPage\":{\"@id\":\"https:\\\/\\\/mundoitam.com\\\/en\\\/2020\\\/10\\\/26\\\/global-social-leaders-share-careers-ideas-and-perspectives-at-itam\\\/\"},\"wordCount\":1008,\"commentCount\":0,\"publisher\":{\"@id\":\"https:\\\/\\\/mundoitam.com\\\/en\\\/#organization\"},\"image\":{\"@id\":\"https:\\\/\\\/mundoitam.com\\\/en\\\/2020\\\/10\\\/26\\\/global-social-leaders-share-careers-ideas-and-perspectives-at-itam\\\/#primaryimage\"},\"thumbnailUrl\":\"https:\\\/\\\/i0.wp.com\\\/mundoitam.com\\\/wp-content\\\/uploads\\\/2018\\\/12\\\/DSC_0247.jpg?fit=5361%2C2857&ssl=1\",\"keywords\":[\"Alan Stoga\",\"Compromiso Social\",\"Dina Buchbinder\",\"Eliasson Global Leadership Prizes 2018\",\"l\u00edderes sociales\",\"Seminario de Compromiso Social del ITAM\"],\"articleSection\":[\"Education and Social Responsability\"],\"inLanguage\":\"en-US\",\"potentialAction\":[{\"@type\":\"CommentAction\",\"name\":\"Comment\",\"target\":[\"https:\\\/\\\/mundoitam.com\\\/en\\\/2020\\\/10\\\/26\\\/global-social-leaders-share-careers-ideas-and-perspectives-at-itam\\\/#respond\"]}]},{\"@type\":\"WebPage\",\"@id\":\"https:\\\/\\\/mundoitam.com\\\/en\\\/2020\\\/10\\\/26\\\/global-social-leaders-share-careers-ideas-and-perspectives-at-itam\\\/\",\"url\":\"https:\\\/\\\/mundoitam.com\\\/en\\\/2020\\\/10\\\/26\\\/global-social-leaders-share-careers-ideas-and-perspectives-at-itam\\\/\",\"name\":\"Social leaders from around the world shared ideas and perspectives at ITAM.\",\"isPartOf\":{\"@id\":\"https:\\\/\\\/mundoitam.com\\\/en\\\/#website\"},\"primaryImageOfPage\":{\"@id\":\"https:\\\/\\\/mundoitam.com\\\/en\\\/2020\\\/10\\\/26\\\/global-social-leaders-share-careers-ideas-and-perspectives-at-itam\\\/#primaryimage\"},\"image\":{\"@id\":\"https:\\\/\\\/mundoitam.com\\\/en\\\/2020\\\/10\\\/26\\\/global-social-leaders-share-careers-ideas-and-perspectives-at-itam\\\/#primaryimage\"},\"thumbnailUrl\":\"https:\\\/\\\/i0.wp.com\\\/mundoitam.com\\\/wp-content\\\/uploads\\\/2018\\\/12\\\/DSC_0247.jpg?fit=5361%2C2857&ssl=1\",\"datePublished\":\"2020-10-26T19:08:04+00:00\",\"dateModified\":\"2020-10-26T19:27:55+00:00\",\"description\":\"ITAM's 5th Social Commitment Seminar reunited social leaders that defend various causes from around the world. Meet them. November 2018\",\"breadcrumb\":{\"@id\":\"https:\\\/\\\/mundoitam.com\\\/en\\\/2020\\\/10\\\/26\\\/global-social-leaders-share-careers-ideas-and-perspectives-at-itam\\\/#breadcrumb\"},\"inLanguage\":\"en-US\",\"potentialAction\":[{\"@type\":\"ReadAction\",\"target\":[\"https:\\\/\\\/mundoitam.com\\\/en\\\/2020\\\/10\\\/26\\\/global-social-leaders-share-careers-ideas-and-perspectives-at-itam\\\/\"]}]},{\"@type\":\"ImageObject\",\"inLanguage\":\"en-US\",\"@id\":\"https:\\\/\\\/mundoitam.com\\\/en\\\/2020\\\/10\\\/26\\\/global-social-leaders-share-careers-ideas-and-perspectives-at-itam\\\/#primaryimage\",\"url\":\"https:\\\/\\\/i0.wp.com\\\/mundoitam.com\\\/wp-content\\\/uploads\\\/2018\\\/12\\\/DSC_0247.jpg?fit=5361%2C2857&ssl=1\",\"contentUrl\":\"https:\\\/\\\/i0.wp.com\\\/mundoitam.com\\\/wp-content\\\/uploads\\\/2018\\\/12\\\/DSC_0247.jpg?fit=5361%2C2857&ssl=1\",\"width\":5361,\"height\":2857,\"caption\":\"Seminario de Compromiso Social 2018. FOTO: ITAM\"},{\"@type\":\"BreadcrumbList\",\"@id\":\"https:\\\/\\\/mundoitam.com\\\/en\\\/2020\\\/10\\\/26\\\/global-social-leaders-share-careers-ideas-and-perspectives-at-itam\\\/#breadcrumb\",\"itemListElement\":[{\"@type\":\"ListItem\",\"position\":1,\"name\":\"Portada\",\"item\":\"https:\\\/\\\/mundoitam.com\\\/en\\\/\"},{\"@type\":\"ListItem\",\"position\":2,\"name\":\"Global Social Leaders Share Careers, Ideas and Perspectives at ITAM\"}]},{\"@type\":\"WebSite\",\"@id\":\"https:\\\/\\\/mundoitam.com\\\/en\\\/#website\",\"url\":\"https:\\\/\\\/mundoitam.com\\\/en\\\/\",\"name\":\"Mundo ITAM\",\"description\":\"ITAM's digital media\",\"publisher\":{\"@id\":\"https:\\\/\\\/mundoitam.com\\\/en\\\/#organization\"},\"potentialAction\":[{\"@type\":\"SearchAction\",\"target\":{\"@type\":\"EntryPoint\",\"urlTemplate\":\"https:\\\/\\\/mundoitam.com\\\/en\\\/?s={search_term_string}\"},\"query-input\":{\"@type\":\"PropertyValueSpecification\",\"valueRequired\":true,\"valueName\":\"search_term_string\"}}],\"inLanguage\":\"en-US\"},{\"@type\":\"Organization\",\"@id\":\"https:\\\/\\\/mundoitam.com\\\/en\\\/#organization\",\"name\":\"ITAM\",\"url\":\"https:\\\/\\\/mundoitam.com\\\/en\\\/\",\"logo\":{\"@type\":\"ImageObject\",\"inLanguage\":\"en-US\",\"@id\":\"https:\\\/\\\/mundoitam.com\\\/en\\\/#\\\/schema\\\/logo\\\/image\\\/\",\"url\":\"https:\\\/\\\/i0.wp.com\\\/mundoitam.com\\\/wp-content\\\/uploads\\\/2018\\\/04\\\/unnamed.jpg?fit=900%2C900&ssl=1\",\"contentUrl\":\"https:\\\/\\\/i0.wp.com\\\/mundoitam.com\\\/wp-content\\\/uploads\\\/2018\\\/04\\\/unnamed.jpg?fit=900%2C900&ssl=1\",\"width\":900,\"height\":900,\"caption\":\"ITAM\"},\"image\":{\"@id\":\"https:\\\/\\\/mundoitam.com\\\/en\\\/#\\\/schema\\\/logo\\\/image\\\/\"},\"sameAs\":[\"https:\\\/\\\/www.facebook.com\\\/itam.mx\\\/\",\"https:\\\/\\\/x.com\\\/ITAM_mx\"]},{\"@type\":\"Person\",\"@id\":\"https:\\\/\\\/mundoitam.com\\\/en\\\/#\\\/schema\\\/person\\\/d1c2a212b8cca3de9f3e2092961fe46c\",\"name\":\"Mundo ITAM\",\"image\":{\"@type\":\"ImageObject\",\"inLanguage\":\"en-US\",\"@id\":\"https:\\\/\\\/secure.gravatar.com\\\/avatar\\\/effa39c51b7a22496338eaaffc67c59dcdc37718d0646f09dc7d534e3111533f?s=96&d=identicon&r=g\",\"url\":\"https:\\\/\\\/secure.gravatar.com\\\/avatar\\\/effa39c51b7a22496338eaaffc67c59dcdc37718d0646f09dc7d534e3111533f?s=96&d=identicon&r=g\",\"contentUrl\":\"https:\\\/\\\/secure.gravatar.com\\\/avatar\\\/effa39c51b7a22496338eaaffc67c59dcdc37718d0646f09dc7d534e3111533f?s=96&d=identicon&r=g\",\"caption\":\"Mundo ITAM\"},\"description\":\"Mundo ITAM es el blog oficial del Instituto Tecnol\u00f3gico Aut\u00f3nomo de M\u00e9xico. Aqu\u00ed podr\u00e1s informarte y aprender acerca de los temas que acaparan los titulares en M\u00e9xico y el mundo, a partir de los textos y videos de nuestras conferencias. Podr\u00e1s conoce a nuestros profesores destacados, en los \u00e1mbitos p\u00fablico y privado de nuestro pa\u00eds, gracias a las entrevistas exclusivas que aqu\u00ed te presentamos.\",\"url\":\"https:\\\/\\\/mundoitam.com\\\/en\\\/author\\\/mundoitam\\\/\"}]}<\/script>\n<!-- \/ Yoast SEO plugin. -->","yoast_head_json":{"title":"Social leaders from around the world shared ideas and perspectives at ITAM.","description":"ITAM's 5th Social Commitment Seminar reunited social leaders that defend various causes from around the world. Meet them. November 2018","robots":{"index":"index","follow":"follow","max-snippet":"max-snippet:-1","max-image-preview":"max-image-preview:large","max-video-preview":"max-video-preview:-1"},"canonical":"https:\/\/mundoitam.com\/en\/2020\/10\/26\/global-social-leaders-share-careers-ideas-and-perspectives-at-itam\/","og_locale":"en_US","og_type":"article","og_title":"Social leaders from around the world shared ideas and perspectives at ITAM.","og_description":"ITAM's 5th Social Commitment Seminar reunited social leaders that defend various causes from around the world. Meet them. November 2018","og_url":"https:\/\/mundoitam.com\/en\/2020\/10\/26\/global-social-leaders-share-careers-ideas-and-perspectives-at-itam\/","og_site_name":"Mundo ITAM","article_publisher":"https:\/\/www.facebook.com\/itam.mx\/","article_published_time":"2020-10-26T19:08:04+00:00","article_modified_time":"2020-10-26T19:27:55+00:00","og_image":[{"width":1024,"height":546,"url":"https:\/\/mundoitam.com\/wp-content\/uploads\/2018\/12\/DSC_0247-1024x546.jpg","type":"image\/jpeg"}],"author":"Mundo ITAM","twitter_card":"summary_large_image","twitter_creator":"@ITAM_mx","twitter_site":"@ITAM_mx","twitter_misc":{"Written by":"Mundo ITAM","Est. reading time":"5 minutes"},"schema":{"@context":"https:\/\/schema.org","@graph":[{"@type":"Article","@id":"https:\/\/mundoitam.com\/en\/2020\/10\/26\/global-social-leaders-share-careers-ideas-and-perspectives-at-itam\/#article","isPartOf":{"@id":"https:\/\/mundoitam.com\/en\/2020\/10\/26\/global-social-leaders-share-careers-ideas-and-perspectives-at-itam\/"},"author":{"name":"Mundo ITAM","@id":"https:\/\/mundoitam.com\/en\/#\/schema\/person\/d1c2a212b8cca3de9f3e2092961fe46c"},"headline":"Global Social Leaders Share Careers, Ideas and Perspectives at ITAM","datePublished":"2020-10-26T19:08:04+00:00","dateModified":"2020-10-26T19:27:55+00:00","mainEntityOfPage":{"@id":"https:\/\/mundoitam.com\/en\/2020\/10\/26\/global-social-leaders-share-careers-ideas-and-perspectives-at-itam\/"},"wordCount":1008,"commentCount":0,"publisher":{"@id":"https:\/\/mundoitam.com\/en\/#organization"},"image":{"@id":"https:\/\/mundoitam.com\/en\/2020\/10\/26\/global-social-leaders-share-careers-ideas-and-perspectives-at-itam\/#primaryimage"},"thumbnailUrl":"https:\/\/i0.wp.com\/mundoitam.com\/wp-content\/uploads\/2018\/12\/DSC_0247.jpg?fit=5361%2C2857&ssl=1","keywords":["Alan Stoga","Compromiso Social","Dina Buchbinder","Eliasson Global Leadership Prizes 2018","l\u00edderes sociales","Seminario de Compromiso Social del ITAM"],"articleSection":["Education and Social Responsability"],"inLanguage":"en-US","potentialAction":[{"@type":"CommentAction","name":"Comment","target":["https:\/\/mundoitam.com\/en\/2020\/10\/26\/global-social-leaders-share-careers-ideas-and-perspectives-at-itam\/#respond"]}]},{"@type":"WebPage","@id":"https:\/\/mundoitam.com\/en\/2020\/10\/26\/global-social-leaders-share-careers-ideas-and-perspectives-at-itam\/","url":"https:\/\/mundoitam.com\/en\/2020\/10\/26\/global-social-leaders-share-careers-ideas-and-perspectives-at-itam\/","name":"Social leaders from around the world shared ideas and perspectives at ITAM.","isPartOf":{"@id":"https:\/\/mundoitam.com\/en\/#website"},"primaryImageOfPage":{"@id":"https:\/\/mundoitam.com\/en\/2020\/10\/26\/global-social-leaders-share-careers-ideas-and-perspectives-at-itam\/#primaryimage"},"image":{"@id":"https:\/\/mundoitam.com\/en\/2020\/10\/26\/global-social-leaders-share-careers-ideas-and-perspectives-at-itam\/#primaryimage"},"thumbnailUrl":"https:\/\/i0.wp.com\/mundoitam.com\/wp-content\/uploads\/2018\/12\/DSC_0247.jpg?fit=5361%2C2857&ssl=1","datePublished":"2020-10-26T19:08:04+00:00","dateModified":"2020-10-26T19:27:55+00:00","description":"ITAM's 5th Social Commitment Seminar reunited social leaders that defend various causes from around the world. Meet them. November 2018","breadcrumb":{"@id":"https:\/\/mundoitam.com\/en\/2020\/10\/26\/global-social-leaders-share-careers-ideas-and-perspectives-at-itam\/#breadcrumb"},"inLanguage":"en-US","potentialAction":[{"@type":"ReadAction","target":["https:\/\/mundoitam.com\/en\/2020\/10\/26\/global-social-leaders-share-careers-ideas-and-perspectives-at-itam\/"]}]},{"@type":"ImageObject","inLanguage":"en-US","@id":"https:\/\/mundoitam.com\/en\/2020\/10\/26\/global-social-leaders-share-careers-ideas-and-perspectives-at-itam\/#primaryimage","url":"https:\/\/i0.wp.com\/mundoitam.com\/wp-content\/uploads\/2018\/12\/DSC_0247.jpg?fit=5361%2C2857&ssl=1","contentUrl":"https:\/\/i0.wp.com\/mundoitam.com\/wp-content\/uploads\/2018\/12\/DSC_0247.jpg?fit=5361%2C2857&ssl=1","width":5361,"height":2857,"caption":"Seminario de Compromiso Social 2018. FOTO: ITAM"},{"@type":"BreadcrumbList","@id":"https:\/\/mundoitam.com\/en\/2020\/10\/26\/global-social-leaders-share-careers-ideas-and-perspectives-at-itam\/#breadcrumb","itemListElement":[{"@type":"ListItem","position":1,"name":"Portada","item":"https:\/\/mundoitam.com\/en\/"},{"@type":"ListItem","position":2,"name":"Global Social Leaders Share Careers, Ideas and Perspectives at ITAM"}]},{"@type":"WebSite","@id":"https:\/\/mundoitam.com\/en\/#website","url":"https:\/\/mundoitam.com\/en\/","name":"Mundo ITAM","description":"ITAM's digital media","publisher":{"@id":"https:\/\/mundoitam.com\/en\/#organization"},"potentialAction":[{"@type":"SearchAction","target":{"@type":"EntryPoint","urlTemplate":"https:\/\/mundoitam.com\/en\/?s={search_term_string}"},"query-input":{"@type":"PropertyValueSpecification","valueRequired":true,"valueName":"search_term_string"}}],"inLanguage":"en-US"},{"@type":"Organization","@id":"https:\/\/mundoitam.com\/en\/#organization","name":"ITAM","url":"https:\/\/mundoitam.com\/en\/","logo":{"@type":"ImageObject","inLanguage":"en-US","@id":"https:\/\/mundoitam.com\/en\/#\/schema\/logo\/image\/","url":"https:\/\/i0.wp.com\/mundoitam.com\/wp-content\/uploads\/2018\/04\/unnamed.jpg?fit=900%2C900&ssl=1","contentUrl":"https:\/\/i0.wp.com\/mundoitam.com\/wp-content\/uploads\/2018\/04\/unnamed.jpg?fit=900%2C900&ssl=1","width":900,"height":900,"caption":"ITAM"},"image":{"@id":"https:\/\/mundoitam.com\/en\/#\/schema\/logo\/image\/"},"sameAs":["https:\/\/www.facebook.com\/itam.mx\/","https:\/\/x.com\/ITAM_mx"]},{"@type":"Person","@id":"https:\/\/mundoitam.com\/en\/#\/schema\/person\/d1c2a212b8cca3de9f3e2092961fe46c","name":"Mundo ITAM","image":{"@type":"ImageObject","inLanguage":"en-US","@id":"https:\/\/secure.gravatar.com\/avatar\/effa39c51b7a22496338eaaffc67c59dcdc37718d0646f09dc7d534e3111533f?s=96&d=identicon&r=g","url":"https:\/\/secure.gravatar.com\/avatar\/effa39c51b7a22496338eaaffc67c59dcdc37718d0646f09dc7d534e3111533f?s=96&d=identicon&r=g","contentUrl":"https:\/\/secure.gravatar.com\/avatar\/effa39c51b7a22496338eaaffc67c59dcdc37718d0646f09dc7d534e3111533f?s=96&d=identicon&r=g","caption":"Mundo ITAM"},"description":"Mundo ITAM es el blog oficial del Instituto Tecnol\u00f3gico Aut\u00f3nomo de M\u00e9xico. Aqu\u00ed podr\u00e1s informarte y aprender acerca de los temas que acaparan los titulares en M\u00e9xico y el mundo, a partir de los textos y videos de nuestras conferencias. Podr\u00e1s conoce a nuestros profesores destacados, en los \u00e1mbitos p\u00fablico y privado de nuestro pa\u00eds, gracias a las entrevistas exclusivas que aqu\u00ed te presentamos.","url":"https:\/\/mundoitam.com\/en\/author\/mundoitam\/"}]}},"jetpack_publicize_connections":[],"jetpack_featured_media_url":"https:\/\/i0.wp.com\/mundoitam.com\/wp-content\/uploads\/2018\/12\/DSC_0247.jpg?fit=5361%2C2857&ssl=1","jetpack_sharing_enabled":true,"jetpack_shortlink":"https:\/\/wp.me\/pCVpr-49v","jetpack_likes_enabled":true,"jetpack-related-posts":[{"id":17532,"url":"https:\/\/mundoitam.com\/en\/2021\/05\/25\/10-years-of-the-social-commitment-seminar-of-itam\/","url_meta":{"origin":15965,"position":0},"title":"10 years of the Social Commitment Seminar of ITAM","author":"Mundo ITAM","date":"25 May 2021","format":false,"excerpt":"In 2020, was the 10 anniversaries of the first edition of the ITAM Social Commitment Seminar. After one decade, our institute is prude to have created this space for reflection and a meeting place for the actors of civil society organizations dedicated to human and social development. The Social Commitment\u2026","rel":"","context":"In &quot;Educaci\u00f3n, cultura y responsabilidad social&quot;","block_context":{"text":"Educaci\u00f3n, cultura y responsabilidad social","link":"https:\/\/mundoitam.com\/category\/educacion-cultura-y-responsabilidad-social\/"},"img":{"alt_text":"Seminario de Compromiso Social 2017","src":"https:\/\/i0.wp.com\/mundoitam.com\/wp-content\/uploads\/2021\/04\/SCs-2017-portada.jpg?fit=1200%2C800&ssl=1&resize=350%2C200","width":350,"height":200,"srcset":"https:\/\/i0.wp.com\/mundoitam.com\/wp-content\/uploads\/2021\/04\/SCs-2017-portada.jpg?fit=1200%2C800&ssl=1&resize=350%2C200 1x, https:\/\/i0.wp.com\/mundoitam.com\/wp-content\/uploads\/2021\/04\/SCs-2017-portada.jpg?fit=1200%2C800&ssl=1&resize=525%2C300 1.5x, https:\/\/i0.wp.com\/mundoitam.com\/wp-content\/uploads\/2021\/04\/SCs-2017-portada.jpg?fit=1200%2C800&ssl=1&resize=700%2C400 2x, https:\/\/i0.wp.com\/mundoitam.com\/wp-content\/uploads\/2021\/04\/SCs-2017-portada.jpg?fit=1200%2C800&ssl=1&resize=1050%2C600 3x"},"classes":[]},{"id":10922,"url":"https:\/\/mundoitam.com\/2018\/12\/20\/lideres-sociales-trayectorias-itam\/","url_meta":{"origin":15965,"position":1},"title":"L\u00edderes sociales del mundo compartieron trayectorias, ideas y perspectivas en el ITAM","author":"Mundo ITAM","date":"20 December 2018","format":"image","excerpt":"La quinta edici\u00f3n del Seminario de Compromiso Social del ITAM, llevada a cabo en la Ciudad de M\u00e9xico en noviembre del 2018, reuni\u00f3 a diversos l\u00edderes sociales que centran sus esfuerzos en defender importantes causas alrededor del mundo. En el contexto de este seminario, el ITAM fue la sede para\u2026","rel":"","context":"In &quot;Educaci\u00f3n, cultura y responsabilidad social&quot;","block_context":{"text":"Educaci\u00f3n, cultura y responsabilidad social","link":"https:\/\/mundoitam.com\/category\/educacion-cultura-y-responsabilidad-social\/"},"img":{"alt_text":"Seminario de Compromiso Social 2018","src":"https:\/\/i0.wp.com\/mundoitam.com\/wp-content\/uploads\/2018\/12\/DSC_0247.jpg?fit=1200%2C640&ssl=1&resize=350%2C200","width":350,"height":200,"srcset":"https:\/\/i0.wp.com\/mundoitam.com\/wp-content\/uploads\/2018\/12\/DSC_0247.jpg?fit=1200%2C640&ssl=1&resize=350%2C200 1x, https:\/\/i0.wp.com\/mundoitam.com\/wp-content\/uploads\/2018\/12\/DSC_0247.jpg?fit=1200%2C640&ssl=1&resize=525%2C300 1.5x, https:\/\/i0.wp.com\/mundoitam.com\/wp-content\/uploads\/2018\/12\/DSC_0247.jpg?fit=1200%2C640&ssl=1&resize=700%2C400 2x, https:\/\/i0.wp.com\/mundoitam.com\/wp-content\/uploads\/2018\/12\/DSC_0247.jpg?fit=1200%2C640&ssl=1&resize=1050%2C600 3x"},"classes":[]},{"id":25020,"url":"https:\/\/mundoitam.com\/en\/2024\/01\/15\/itam-hosted-its-emblematic-economic-perspectives-seminar-for-2024\/","url_meta":{"origin":15965,"position":2},"title":"ITAM hosted its emblematic Economic Perspectives Seminar for 2024","author":"Mundo ITAM","date":"15 January 2024","format":"image","excerpt":"The 2024 Economic Perspectives Seminar, hosted at ITAM, offered a comprehensive program on the economic situation at both national and global level.","rel":"","context":"In &quot;Politics and Economics&quot;","block_context":{"text":"Politics and Economics","link":"https:\/\/mundoitam.com\/en\/category\/politics-and-economics\/"},"img":{"alt_text":"Carlos Slim Alberto Bailleres Arturo Fernandez con alumnos y exalumnos del ITAM","src":"https:\/\/i0.wp.com\/mundoitam.com\/wp-content\/uploads\/2024\/01\/Carlos-Slim-alberto-bailleres-arturo-fernandez-con-alumnos-y-exalumnos-del-itam-1.jpg?fit=1200%2C800&ssl=1&resize=350%2C200","width":350,"height":200,"srcset":"https:\/\/i0.wp.com\/mundoitam.com\/wp-content\/uploads\/2024\/01\/Carlos-Slim-alberto-bailleres-arturo-fernandez-con-alumnos-y-exalumnos-del-itam-1.jpg?fit=1200%2C800&ssl=1&resize=350%2C200 1x, https:\/\/i0.wp.com\/mundoitam.com\/wp-content\/uploads\/2024\/01\/Carlos-Slim-alberto-bailleres-arturo-fernandez-con-alumnos-y-exalumnos-del-itam-1.jpg?fit=1200%2C800&ssl=1&resize=525%2C300 1.5x, https:\/\/i0.wp.com\/mundoitam.com\/wp-content\/uploads\/2024\/01\/Carlos-Slim-alberto-bailleres-arturo-fernandez-con-alumnos-y-exalumnos-del-itam-1.jpg?fit=1200%2C800&ssl=1&resize=700%2C400 2x, https:\/\/i0.wp.com\/mundoitam.com\/wp-content\/uploads\/2024\/01\/Carlos-Slim-alberto-bailleres-arturo-fernandez-con-alumnos-y-exalumnos-del-itam-1.jpg?fit=1200%2C800&ssl=1&resize=1050%2C600 3x"},"classes":[]},{"id":16230,"url":"https:\/\/mundoitam.com\/en\/2020\/11\/07\/european-union-experts-update-in-itam-classrooms\/","url_meta":{"origin":15965,"position":3},"title":"European Union Experts Update in ITAM Classrooms","author":"Mundo ITAM","date":"7 November 2020","format":false,"excerpt":"Indicative Program for academics & experts of EU Affairs at ITAM, a project organized and funded by the European Union that has the purpose of updating and discussing with attendees the political and economic issues that involve this political community.","rel":"","context":"In &quot;Politics and Economics&quot;","block_context":{"text":"Politics and Economics","link":"https:\/\/mundoitam.com\/en\/category\/politics-and-economics\/"},"img":{"alt_text":"Erika Guzm\u00e1n, Stephan Sberro, Carme Colomina, Claudia Casta\u00f1eda y Jes\u00fas Ballesteros en el Seminario del Colegio de Europa. Foto: ITAM","src":"https:\/\/i0.wp.com\/mundoitam.com\/wp-content\/uploads\/2018\/08\/Erika-Guzm%C3%A1n-Stephan-Sberro-Carme-Colomina-Claudia-Casta%C3%B1eda-y-Jes%C3%BAs-Ballesteros-en-el-Seminario-del-Colegio-de-Europa-e1533320763876-892x1024.jpg?resize=350%2C200&ssl=1","width":350,"height":200,"srcset":"https:\/\/i0.wp.com\/mundoitam.com\/wp-content\/uploads\/2018\/08\/Erika-Guzm%C3%A1n-Stephan-Sberro-Carme-Colomina-Claudia-Casta%C3%B1eda-y-Jes%C3%BAs-Ballesteros-en-el-Seminario-del-Colegio-de-Europa-e1533320763876-892x1024.jpg?resize=350%2C200&ssl=1 1x, https:\/\/i0.wp.com\/mundoitam.com\/wp-content\/uploads\/2018\/08\/Erika-Guzm%C3%A1n-Stephan-Sberro-Carme-Colomina-Claudia-Casta%C3%B1eda-y-Jes%C3%BAs-Ballesteros-en-el-Seminario-del-Colegio-de-Europa-e1533320763876-892x1024.jpg?resize=525%2C300&ssl=1 1.5x, https:\/\/i0.wp.com\/mundoitam.com\/wp-content\/uploads\/2018\/08\/Erika-Guzm%C3%A1n-Stephan-Sberro-Carme-Colomina-Claudia-Casta%C3%B1eda-y-Jes%C3%BAs-Ballesteros-en-el-Seminario-del-Colegio-de-Europa-e1533320763876-892x1024.jpg?resize=700%2C400&ssl=1 2x"},"classes":[]},{"id":7803,"url":"https:\/\/mundoitam.com\/en\/2018\/06\/20\/chevening-scholarship-ceremony-at-the-british-embassy\/","url_meta":{"origin":15965,"position":4},"title":"Chevening Scholarship Ceremony at the British Embassy","author":"Mundo ITAM","date":"20 June 2018","format":false,"excerpt":"The Chevening Scholarship is made available to youth with proven leadership skills from 144 countries and territories by the British government to pursue their university studies in the United Kingdom. This scholarship is intended for future world leaders to grow academically and professionally, to provide a networking opportunity, to experience\u2026","rel":"","context":"In &quot;Education and Social Responsability&quot;","block_context":{"text":"Education and Social Responsability","link":"https:\/\/mundoitam.com\/en\/category\/education-and-social-responsability\/"},"img":{"alt_text":"","src":"https:\/\/i0.wp.com\/mundoitam.com\/wp-content\/uploads\/2016\/10\/entrega-de-las-becas-chevening-de-la-embajada-britc3a1nica1.jpg?fit=1200%2C800&ssl=1&resize=350%2C200","width":350,"height":200,"srcset":"https:\/\/i0.wp.com\/mundoitam.com\/wp-content\/uploads\/2016\/10\/entrega-de-las-becas-chevening-de-la-embajada-britc3a1nica1.jpg?fit=1200%2C800&ssl=1&resize=350%2C200 1x, https:\/\/i0.wp.com\/mundoitam.com\/wp-content\/uploads\/2016\/10\/entrega-de-las-becas-chevening-de-la-embajada-britc3a1nica1.jpg?fit=1200%2C800&ssl=1&resize=525%2C300 1.5x, https:\/\/i0.wp.com\/mundoitam.com\/wp-content\/uploads\/2016\/10\/entrega-de-las-becas-chevening-de-la-embajada-britc3a1nica1.jpg?fit=1200%2C800&ssl=1&resize=700%2C400 2x, https:\/\/i0.wp.com\/mundoitam.com\/wp-content\/uploads\/2016\/10\/entrega-de-las-becas-chevening-de-la-embajada-britc3a1nica1.jpg?fit=1200%2C800&ssl=1&resize=1050%2C600 3x"},"classes":[]},{"id":25198,"url":"https:\/\/mundoitam.com\/en\/2024\/02\/07\/meeting-of-digital-transformation-leaders-itam-and-marshall-school-of-business\/","url_meta":{"origin":15965,"position":5},"title":"Meeting of Digital Transformation Leaders: ITAM and Marshall School of Business","author":"Mundo ITAM","date":"7 February 2024","format":false,"excerpt":"Explore the latest tendencies in digital transformation with our outstanding event, where ITAM and USC Marshall School of Business leaders gathered to discuss the challenges and opportunities in the current digital landscape.","rel":"","context":"In &quot;Tecnolog\u00eda y ciencia&quot;","block_context":{"text":"Tecnolog\u00eda y ciencia","link":"https:\/\/mundoitam.com\/category\/tecnologia-y-ciencia\/"},"img":{"alt_text":"Encuentro de L\u00edderes en Transformaci\u00f3n Digital: ITAM y Marshall School of Business de la Universidad del Sur de California (USC","src":"https:\/\/i0.wp.com\/mundoitam.com\/wp-content\/uploads\/2024\/02\/from-ITAM-to-you-1.png?fit=900%2C1200&ssl=1&resize=350%2C200","width":350,"height":200,"srcset":"https:\/\/i0.wp.com\/mundoitam.com\/wp-content\/uploads\/2024\/02\/from-ITAM-to-you-1.png?fit=900%2C1200&ssl=1&resize=350%2C200 1x, https:\/\/i0.wp.com\/mundoitam.com\/wp-content\/uploads\/2024\/02\/from-ITAM-to-you-1.png?fit=900%2C1200&ssl=1&resize=525%2C300 1.5x, https:\/\/i0.wp.com\/mundoitam.com\/wp-content\/uploads\/2024\/02\/from-ITAM-to-you-1.png?fit=900%2C1200&ssl=1&resize=700%2C400 2x"},"classes":[]}],"amp_enabled":true,"_links":{"self":[{"href":"https:\/\/mundoitam.com\/en\/wp-json\/wp\/v2\/posts\/15965","targetHints":{"allow":["GET"]}}],"collection":[{"href":"https:\/\/mundoitam.com\/en\/wp-json\/wp\/v2\/posts"}],"about":[{"href":"https:\/\/mundoitam.com\/en\/wp-json\/wp\/v2\/types\/post"}],"author":[{"embeddable":true,"href":"https:\/\/mundoitam.com\/en\/wp-json\/wp\/v2\/users\/10"}],"replies":[{"embeddable":true,"href":"https:\/\/mundoitam.com\/en\/wp-json\/wp\/v2\/comments?post=15965"}],"version-history":[{"count":11,"href":"https:\/\/mundoitam.com\/en\/wp-json\/wp\/v2\/posts\/15965\/revisions"}],"predecessor-version":[{"id":15984,"href":"https:\/\/mundoitam.com\/en\/wp-json\/wp\/v2\/posts\/15965\/revisions\/15984"}],"wp:featuredmedia":[{"embeddable":true,"href":"https:\/\/mundoitam.com\/en\/wp-json\/wp\/v2\/media\/10934"}],"wp:attachment":[{"href":"https:\/\/mundoitam.com\/en\/wp-json\/wp\/v2\/media?parent=15965"}],"wp:term":[{"taxonomy":"category","embeddable":true,"href":"https:\/\/mundoitam.com\/en\/wp-json\/wp\/v2\/categories?post=15965"},{"taxonomy":"post_tag","embeddable":true,"href":"https:\/\/mundoitam.com\/en\/wp-json\/wp\/v2\/tags?post=15965"}],"curies":[{"name":"wp","href":"https:\/\/api.w.org\/{rel}","templated":true}]}}