{"id":16228,"date":"2020-11-07T22:39:01","date_gmt":"2020-11-08T03:39:01","guid":{"rendered":"https:\/\/mundoitam.com\/2020\/11\/07\/ndependent-candidates-in-the-electoral-labyrinth-university-reflections\/"},"modified":"2020-11-08T23:32:33","modified_gmt":"2020-11-09T04:32:33","slug":"ndependent-candidates-in-the-electoral-labyrinth-university-reflections","status":"publish","type":"post","link":"https:\/\/mundoitam.com\/en\/2020\/11\/07\/ndependent-candidates-in-the-electoral-labyrinth-university-reflections\/","title":{"rendered":"Independent Candidates in the Electoral Labyrinth: University Reflections"},"content":{"rendered":"<p>An unprecedented phenomenon occurred in the 2018 Mexican presidential elections: <strong>independent candidates appeared on the ballots<\/strong>. At the <strong>Permanent Seminar for the Analysis of Electoral Justice in Mexico<\/strong>, legal and political science experts presented their positions on the financing of these candidates and on the Special Sanctioning Procedure that some of them had to go through during the campaign. The permanent seminar consists of a <strong>series of conferences and debates<\/strong> with the participation of experts in electoral justice and the support of universities such as UIA, CIDE, UNAM, UP, ITAM, ITESM, as well as other institutions including FEPADE and Strategia Electoral.<\/p><div class=\"mundo-contenido\" style=\"margin-top: 20px;margin-bottom: 20px;\" id=\"mundo-611185883\"><style type=\"text\/css\">\r\n .ad-square h3 { \r\n\tfont-size: 11px;\r\n    font-weight: 300;\r\n    letter-spacing: 2.3px;\r\n    color: #6a6c6e;\r\n    font-weight: normal;\r\n    margin: 18px 0;  \r\n\tfont-family: \"Lato\", \"Helvetica Neue\", Helvetica, Arial, sans-serif;\r\n\t}\r\n<\/style>\r\n\r\n<!--<center> <div class=\"ad-square\">\r\n\t\t\t\t\t\t\t<h3>ANUNCIO<\/h3>\r\n<a href=\"https:\/\/noche.itam.mx\/\" target=\"_blank\"><img decoding=\"async\" width=\"300\" src=\"https:\/\/mundoitam.com\/wp-content\/uploads\/2021\/11\/noche-itam-v2.png\" alt=\"Anuncio\" style=\"border: none; display: block;\"><\/a>\r\n\r\n<\/div> <\/center>--><\/div>\n<p><iframe loading=\"lazy\" src=\"https:\/\/www.youtube.com\/embed\/9mquQaN2Lis\" width=\"560\" height=\"315\" frameborder=\"0\" allowfullscreen=\"allowfullscreen\"><\/iframe><\/p>\n<p>For the organization of an electoral candidacy, the Supreme Court of Justice of the Nation (SCJN) differentiated within the budget between political parties and independent candidates. Parties are financed primarily with public resources, while <strong>independent candidates must resort to private financing to be truly competitive.<\/strong><\/p>\n<p>The speakers said that a <strong>candidacy with possibilities of winning is a public good<\/strong>, that is, it is neither rival nor exclusive in consumption. Defined in this way, the public good exists because it puts pressure on the government in turn to do well its job.<\/p>\n<p>In addition, independent candidates obtain private and economic benefits if they win the election. The panelists warned that a perverse incentive exists for parties with little chance of winning to use their campaign money to benefit a particular actor. A typical example of this would be <strong>buying campaign material from a company created by the same party leader.<\/strong><\/p>\n<h2>Figures on Funding for Independent Candidates in the 2018 Elections<\/h2>\n<p>Figures on the financing of <strong>independent candidates in the 2018 elections<\/strong> were presented during the event. When he was barely seeking to become a candidate, Jaime Rodr\u00edguez Calder\u00f3n was in the lead in the contributions he received, which were four times higher than those of Armando R\u00edos Piter, who was in second place. Nearly all the contributions to the Michoac\u00e1n candidate were awarded in kind, while all the other candidates received cash.<\/p>\n<figure id=\"attachment_10330\" aria-describedby=\"caption-attachment-10330\" style=\"width: 768px\" class=\"wp-caption aligncenter\"><a href=\"https:\/\/upload.wikimedia.org\/wikipedia\/commons\/3\/34\/Jaime_Heliodoro_Rodr%C3%ADguez_Calder%C3%B3n_%22El_Bronco%22.jpg\" target=\"_blank\" rel=\"noopener noreferrer\"><img data-recalc-dims=\"1\" loading=\"lazy\" decoding=\"async\" class=\"wp-image-10330 size-medium_large\" src=\"https:\/\/i0.wp.com\/mundoitam.com\/wp-content\/uploads\/2018\/08\/Jaime_Heliodoro_Rodr%C3%ADguez_Calder%C3%B3n__El_Bronco_.jpg?resize=768%2C512&#038;ssl=1\" alt=\"candidatos independientes 2018\" width=\"768\" height=\"512\" srcset=\"https:\/\/i0.wp.com\/mundoitam.com\/wp-content\/uploads\/2018\/08\/Jaime_Heliodoro_Rodr%C3%ADguez_Calder%C3%B3n__El_Bronco_.jpg?resize=768%2C512&amp;ssl=1 768w, https:\/\/i0.wp.com\/mundoitam.com\/wp-content\/uploads\/2018\/08\/Jaime_Heliodoro_Rodr%C3%ADguez_Calder%C3%B3n__El_Bronco_.jpg?resize=300%2C200&amp;ssl=1 300w, https:\/\/i0.wp.com\/mundoitam.com\/wp-content\/uploads\/2018\/08\/Jaime_Heliodoro_Rodr%C3%ADguez_Calder%C3%B3n__El_Bronco_.jpg?resize=1024%2C683&amp;ssl=1 1024w, https:\/\/i0.wp.com\/mundoitam.com\/wp-content\/uploads\/2018\/08\/Jaime_Heliodoro_Rodr%C3%ADguez_Calder%C3%B3n__El_Bronco_.jpg?resize=960%2C640&amp;ssl=1 960w, https:\/\/i0.wp.com\/mundoitam.com\/wp-content\/uploads\/2018\/08\/Jaime_Heliodoro_Rodr%C3%ADguez_Calder%C3%B3n__El_Bronco_.jpg?resize=450%2C300&amp;ssl=1 450w, https:\/\/i0.wp.com\/mundoitam.com\/wp-content\/uploads\/2018\/08\/Jaime_Heliodoro_Rodr%C3%ADguez_Calder%C3%B3n__El_Bronco_.jpg?w=2000&amp;ssl=1 2000w, https:\/\/i0.wp.com\/mundoitam.com\/wp-content\/uploads\/2018\/08\/Jaime_Heliodoro_Rodr%C3%ADguez_Calder%C3%B3n__El_Bronco_.jpg?w=3000&amp;ssl=1 3000w\" sizes=\"auto, (max-width: 768px) 100vw, 768px\" \/><\/a><figcaption id=\"caption-attachment-10330\" class=\"wp-caption-text\">2018 Independent candidate for the Mexican presidency, Jaime Rodr\u00edguez Calder\u00f3n \/ Photo, courtesy of Wikimedia.org (CC)<\/figcaption><\/figure>\n<p>For their part, Margarita Zavala and Mar\u00eda de Jes\u00fas Patricio Mart\u00ednez <strong>were far behind in last place.<\/strong> The difference in contributions between Rodr\u00edguez Calder\u00f3n and Zavala, on the other hand, decreased considerably after they were accepted as presidential candidates. In the end, it was a complex process that received various criticisms on social media:<\/p>\n<blockquote><p><em>There is no justification for authority to get involved in party propaganda. It makes no sense in a deliberative democracy. If the propaganda is damaging to other parties: What a shame, but that\u2019s what it\u2019s for: <a href=\"https:\/\/twitter.com\/MarvanMaria?ref_src=twsrc%5Etfw\">@MarvanMaria\u00a0 <\/a><\/em><a href=\"https:\/\/t.co\/P8XxkuYCeo\">pic.twitter.com\/P8XxkuYCeo<\/a><\/p>\n<p>\u2014 Strategia Electoral (@Eleccionesymas) <a href=\"https:\/\/twitter.com\/Eleccionesymas\/status\/1009866536864055296?ref_src=twsrc%5Etfw\">21 June de 2018<\/a><\/p><\/blockquote>\n<p>Although <strong>independent candidates<\/strong> work to obtain financing from different sources, they must fight against the well-oiled party machine. That is why the panelists explained that the favorable sentence for Rodr\u00edguez Calder\u00f3n in the Electoral Court of the Federal Judicial Branch was a consequence of his fight against this inequality of access, despite the proven fact that 810,995 signatures of support of his presidential candidacy were annulled due to some type of irregularity.<\/p>\n<h2>What is the Special Sanctioning Procedure?<\/h2>\n<p>After an analysis of the situation, the participants of the <strong>Permanent Seminar for Analysis of Electoral Justice<\/strong> <strong>in Mexico<\/strong> spoke about the special sanctioning procedure (PES), of jurisprudential nature, which has four basic assumptions: <strong>regulating radio and TV time purchases, overseeing equality in the use of public resources, avoiding violations of rules on electoral propaganda, and monitoring pre-campaigns.<\/strong><\/p>\n<p>The following presentation-summary [in Spanish] is a visual aid that facilitates better understanding the PES:<\/p>\n<p><a href=\"https:\/\/es.slideshare.net\/SenArelyGomezG\/procedimiento-especial-sancionador\" target=\"_blank\" rel=\"noopener noreferrer\"><img data-recalc-dims=\"1\" loading=\"lazy\" decoding=\"async\" class=\"aligncenter wp-image-10332\" src=\"https:\/\/i0.wp.com\/mundoitam.com\/wp-content\/uploads\/2018\/08\/procedimiento-especial-sancionador-4-638.jpg?resize=700%2C526&#038;ssl=1\" alt=\"candidatos independientes y sanciones electorales\" width=\"700\" height=\"526\" srcset=\"https:\/\/i0.wp.com\/mundoitam.com\/wp-content\/uploads\/2018\/08\/procedimiento-especial-sancionador-4-638.jpg?resize=300%2C225&amp;ssl=1 300w, https:\/\/i0.wp.com\/mundoitam.com\/wp-content\/uploads\/2018\/08\/procedimiento-especial-sancionador-4-638.jpg?resize=400%2C300&amp;ssl=1 400w, https:\/\/i0.wp.com\/mundoitam.com\/wp-content\/uploads\/2018\/08\/procedimiento-especial-sancionador-4-638.jpg?w=638&amp;ssl=1 638w\" sizes=\"auto, (max-width: 700px) 100vw, 700px\" \/><\/a><br \/>\nThe panelists indicated that there are processes that take more than 100 days to resolve, as the procedures are not very agile. This means that the measures taken are not very effective when the sentence is applied after the end of the campaign. They also mentioned three issues that must be discussed for future legislation: <strong>the appearance of minors in propaganda<\/strong>, overexposure, or the use of local propaganda to promote federal candidates and vice versa, as well as <strong>political violence and gender political violence.<\/strong><\/p>\n<h2>Independent Candidates and Politics in Mexico<\/h2>\n<p>Similarly, the panelists said that Mexico is far from embodying the essential assumptions of any electoral democracy, that is, when the government can defend the achievements of its party and <strong>the opposition parties are free to criticize<\/strong>. Likewise, it is very difficult for citizens to exercise their freedom of expression in the full sense of the word. In addition, they explained that the increase in the campaign rules requires more structure for the parties to deal with them, otherwise, they will only be making the campaigns more costly.<\/p>\n<p>Sebasti\u00e1n Garrido, Adri\u00e1n Lucardi, Felipe Fuentes Barrera, Arturo Espinosa Silis, Horacio Vives Segl, and Clicerio Coello attended this session of the seminary.<\/p>\n<div class=\"mundo-despues-del-contenido\" id=\"mundo-868260766\"><style type=\"text\/css\">\r\n .ad-square h3 { \r\n\tfont-size: 11px;\r\n    font-weight: 300;\r\n    letter-spacing: 2.3px;\r\n    color: #6a6c6e;\r\n    font-weight: normal;\r\n    margin: 18px 0;  \r\n\tfont-family: \"Lato\", \"Helvetica Neue\", Helvetica, Arial, sans-serif;\r\n\t}\r\n<\/style>\r\n\r\n<center> <div class=\"ad-square\">\r\n\t\t\t\t\t\t\t<h3>ANUNCIO<\/h3>\r\n<a href=\"https:\/\/aspirantes.itam.mx\/proceso-admision\/?utm_source=itam&utm_medium=mundoitam&utm_campaign=organico\" target=\"_blank\"><img decoding=\"async\" width=\"800\" src=\"https:\/\/mundoitam.com\/wp-content\/uploads\/2021\/06\/banner-aspitantes-1.png \" alt=\"Anuncio\" style=\"border: none; display: block;\"><\/a>\r\n\r\n<\/div> <\/center> <\/div>","protected":false},"excerpt":{"rendered":"<p>They experts in law and political science presented at the Seminar permanent analysis of the Electoral Justice in Mexico their positions on the financing of these nominations and on the Special Procedure Sanctioning.<\/p>\n","protected":false},"author":10,"featured_media":0,"comment_status":"open","ping_status":"open","sticky":false,"template":"","format":"image","meta":{"_jetpack_newsletter_access":"","_jetpack_dont_email_post_to_subs":false,"_jetpack_newsletter_tier_id":0,"_jetpack_memberships_contains_paywalled_content":false,"_jetpack_memberships_contains_paid_content":false,"footnotes":"","jetpack_publicize_message":"","jetpack_publicize_feature_enabled":true,"jetpack_social_post_already_shared":true,"jetpack_social_options":{"image_generator_settings":{"template":"highway","default_image_id":0,"font":"","enabled":false},"version":2},"_wpas_customize_per_network":false,"jetpack_post_was_ever_published":false},"categories":[579146068],"tags":[579146997,579146992,579146995,579146996,579146994,579146993],"class_list":["post-16228","post","type-post","status-publish","format-image","hentry","category-politics-and-economics","tag-electoral-justice-mexico","tag-financing-of-independent-candidacies-2018","tag-independent-candidates","tag-independent-candidates-itam","tag-permanent-seminar-for-the-analysis-of-electoral-justice-in-mexico","tag-special-penalty-procedure","post_format-post-format-image"],"yoast_head":"<!-- This site is optimized with the Yoast SEO plugin v27.4 - https:\/\/yoast.com\/product\/yoast-seo-wordpress\/ -->\n<title>Independent candidates 2018, funding and legislation<\/title>\n<meta name=\"description\" content=\"Is the funding of independent candidates fair? The permanent seminar on the analysis of the Electoral Justice in Mexico was discussed at ITAM.\" \/>\n<meta name=\"robots\" content=\"index, follow, max-snippet:-1, max-image-preview:large, max-video-preview:-1\" \/>\n<link rel=\"canonical\" href=\"https:\/\/mundoitam.com\/en\/2020\/11\/07\/ndependent-candidates-in-the-electoral-labyrinth-university-reflections\/\" \/>\n<meta property=\"og:locale\" content=\"en_US\" \/>\n<meta property=\"og:type\" content=\"article\" \/>\n<meta property=\"og:title\" content=\"Independent candidates 2018, funding and legislation\" \/>\n<meta property=\"og:description\" content=\"Is the funding of independent candidates fair? The permanent seminar on the analysis of the Electoral Justice in Mexico was discussed at ITAM.\" \/>\n<meta property=\"og:url\" content=\"https:\/\/mundoitam.com\/en\/2020\/11\/07\/ndependent-candidates-in-the-electoral-labyrinth-university-reflections\/\" \/>\n<meta property=\"og:site_name\" content=\"Mundo ITAM\" \/>\n<meta property=\"article:publisher\" content=\"https:\/\/www.facebook.com\/itam.mx\/\" \/>\n<meta property=\"article:published_time\" content=\"2020-11-08T03:39:01+00:00\" \/>\n<meta property=\"article:modified_time\" content=\"2020-11-09T04:32:33+00:00\" \/>\n<meta property=\"og:image\" content=\"https:\/\/mundoitam.com\/wp-content\/uploads\/2018\/08\/procedimiento-especial-sancionador-4-638-300x225.jpg\" \/>\n<meta name=\"author\" content=\"Mundo ITAM\" \/>\n<meta name=\"twitter:card\" content=\"summary_large_image\" \/>\n<meta name=\"twitter:creator\" content=\"@ITAM_mx\" \/>\n<meta name=\"twitter:site\" content=\"@ITAM_mx\" \/>\n<meta name=\"twitter:label1\" content=\"Written by\" \/>\n\t<meta name=\"twitter:data1\" content=\"Mundo ITAM\" \/>\n\t<meta name=\"twitter:label2\" content=\"Est. reading time\" \/>\n\t<meta name=\"twitter:data2\" content=\"4 minutes\" \/>\n<script type=\"application\/ld+json\" class=\"yoast-schema-graph\">{\"@context\":\"https:\\\/\\\/schema.org\",\"@graph\":[{\"@type\":\"Article\",\"@id\":\"https:\\\/\\\/mundoitam.com\\\/en\\\/2020\\\/11\\\/07\\\/ndependent-candidates-in-the-electoral-labyrinth-university-reflections\\\/#article\",\"isPartOf\":{\"@id\":\"https:\\\/\\\/mundoitam.com\\\/en\\\/2020\\\/11\\\/07\\\/ndependent-candidates-in-the-electoral-labyrinth-university-reflections\\\/\"},\"author\":{\"name\":\"Mundo ITAM\",\"@id\":\"https:\\\/\\\/mundoitam.com\\\/en\\\/#\\\/schema\\\/person\\\/d1c2a212b8cca3de9f3e2092961fe46c\"},\"headline\":\"Independent Candidates in the Electoral Labyrinth: University Reflections\",\"datePublished\":\"2020-11-08T03:39:01+00:00\",\"dateModified\":\"2020-11-09T04:32:33+00:00\",\"mainEntityOfPage\":{\"@id\":\"https:\\\/\\\/mundoitam.com\\\/en\\\/2020\\\/11\\\/07\\\/ndependent-candidates-in-the-electoral-labyrinth-university-reflections\\\/\"},\"wordCount\":826,\"commentCount\":0,\"publisher\":{\"@id\":\"https:\\\/\\\/mundoitam.com\\\/en\\\/#organization\"},\"image\":{\"@id\":\"https:\\\/\\\/mundoitam.com\\\/en\\\/2020\\\/11\\\/07\\\/ndependent-candidates-in-the-electoral-labyrinth-university-reflections\\\/#primaryimage\"},\"thumbnailUrl\":\"https:\\\/\\\/mundoitam.com\\\/wp-content\\\/uploads\\\/2018\\\/08\\\/procedimiento-especial-sancionador-4-638-300x225.jpg\",\"keywords\":[\"electoral justice Mexico\",\"financing of independent candidacies 2018\",\"independent candidates\",\"independent candidates ITAM\",\"Permanent seminar for the analysis of Electoral Justice in Mexico\",\"Special Penalty Procedure\"],\"articleSection\":[\"Politics and Economics\"],\"inLanguage\":\"en-US\",\"potentialAction\":[{\"@type\":\"CommentAction\",\"name\":\"Comment\",\"target\":[\"https:\\\/\\\/mundoitam.com\\\/en\\\/2020\\\/11\\\/07\\\/ndependent-candidates-in-the-electoral-labyrinth-university-reflections\\\/#respond\"]}]},{\"@type\":\"WebPage\",\"@id\":\"https:\\\/\\\/mundoitam.com\\\/en\\\/2020\\\/11\\\/07\\\/ndependent-candidates-in-the-electoral-labyrinth-university-reflections\\\/\",\"url\":\"https:\\\/\\\/mundoitam.com\\\/en\\\/2020\\\/11\\\/07\\\/ndependent-candidates-in-the-electoral-labyrinth-university-reflections\\\/\",\"name\":\"Independent candidates 2018, funding and legislation\",\"isPartOf\":{\"@id\":\"https:\\\/\\\/mundoitam.com\\\/en\\\/#website\"},\"primaryImageOfPage\":{\"@id\":\"https:\\\/\\\/mundoitam.com\\\/en\\\/2020\\\/11\\\/07\\\/ndependent-candidates-in-the-electoral-labyrinth-university-reflections\\\/#primaryimage\"},\"image\":{\"@id\":\"https:\\\/\\\/mundoitam.com\\\/en\\\/2020\\\/11\\\/07\\\/ndependent-candidates-in-the-electoral-labyrinth-university-reflections\\\/#primaryimage\"},\"thumbnailUrl\":\"https:\\\/\\\/mundoitam.com\\\/wp-content\\\/uploads\\\/2018\\\/08\\\/procedimiento-especial-sancionador-4-638-300x225.jpg\",\"datePublished\":\"2020-11-08T03:39:01+00:00\",\"dateModified\":\"2020-11-09T04:32:33+00:00\",\"description\":\"Is the funding of independent candidates fair? The permanent seminar on the analysis of the Electoral Justice in Mexico was discussed at ITAM.\",\"breadcrumb\":{\"@id\":\"https:\\\/\\\/mundoitam.com\\\/en\\\/2020\\\/11\\\/07\\\/ndependent-candidates-in-the-electoral-labyrinth-university-reflections\\\/#breadcrumb\"},\"inLanguage\":\"en-US\",\"potentialAction\":[{\"@type\":\"ReadAction\",\"target\":[\"https:\\\/\\\/mundoitam.com\\\/en\\\/2020\\\/11\\\/07\\\/ndependent-candidates-in-the-electoral-labyrinth-university-reflections\\\/\"]}]},{\"@type\":\"ImageObject\",\"inLanguage\":\"en-US\",\"@id\":\"https:\\\/\\\/mundoitam.com\\\/en\\\/2020\\\/11\\\/07\\\/ndependent-candidates-in-the-electoral-labyrinth-university-reflections\\\/#primaryimage\",\"url\":\"https:\\\/\\\/mundoitam.com\\\/wp-content\\\/uploads\\\/2018\\\/08\\\/procedimiento-especial-sancionador-4-638-300x225.jpg\",\"contentUrl\":\"https:\\\/\\\/mundoitam.com\\\/wp-content\\\/uploads\\\/2018\\\/08\\\/procedimiento-especial-sancionador-4-638-300x225.jpg\"},{\"@type\":\"BreadcrumbList\",\"@id\":\"https:\\\/\\\/mundoitam.com\\\/en\\\/2020\\\/11\\\/07\\\/ndependent-candidates-in-the-electoral-labyrinth-university-reflections\\\/#breadcrumb\",\"itemListElement\":[{\"@type\":\"ListItem\",\"position\":1,\"name\":\"Portada\",\"item\":\"https:\\\/\\\/mundoitam.com\\\/en\\\/\"},{\"@type\":\"ListItem\",\"position\":2,\"name\":\"Independent Candidates in the Electoral Labyrinth: University Reflections\"}]},{\"@type\":\"WebSite\",\"@id\":\"https:\\\/\\\/mundoitam.com\\\/en\\\/#website\",\"url\":\"https:\\\/\\\/mundoitam.com\\\/en\\\/\",\"name\":\"Mundo ITAM\",\"description\":\"ITAM's digital media\",\"publisher\":{\"@id\":\"https:\\\/\\\/mundoitam.com\\\/en\\\/#organization\"},\"potentialAction\":[{\"@type\":\"SearchAction\",\"target\":{\"@type\":\"EntryPoint\",\"urlTemplate\":\"https:\\\/\\\/mundoitam.com\\\/en\\\/?s={search_term_string}\"},\"query-input\":{\"@type\":\"PropertyValueSpecification\",\"valueRequired\":true,\"valueName\":\"search_term_string\"}}],\"inLanguage\":\"en-US\"},{\"@type\":\"Organization\",\"@id\":\"https:\\\/\\\/mundoitam.com\\\/en\\\/#organization\",\"name\":\"ITAM\",\"url\":\"https:\\\/\\\/mundoitam.com\\\/en\\\/\",\"logo\":{\"@type\":\"ImageObject\",\"inLanguage\":\"en-US\",\"@id\":\"https:\\\/\\\/mundoitam.com\\\/en\\\/#\\\/schema\\\/logo\\\/image\\\/\",\"url\":\"https:\\\/\\\/i0.wp.com\\\/mundoitam.com\\\/wp-content\\\/uploads\\\/2018\\\/04\\\/unnamed.jpg?fit=900%2C900&ssl=1\",\"contentUrl\":\"https:\\\/\\\/i0.wp.com\\\/mundoitam.com\\\/wp-content\\\/uploads\\\/2018\\\/04\\\/unnamed.jpg?fit=900%2C900&ssl=1\",\"width\":900,\"height\":900,\"caption\":\"ITAM\"},\"image\":{\"@id\":\"https:\\\/\\\/mundoitam.com\\\/en\\\/#\\\/schema\\\/logo\\\/image\\\/\"},\"sameAs\":[\"https:\\\/\\\/www.facebook.com\\\/itam.mx\\\/\",\"https:\\\/\\\/x.com\\\/ITAM_mx\"]},{\"@type\":\"Person\",\"@id\":\"https:\\\/\\\/mundoitam.com\\\/en\\\/#\\\/schema\\\/person\\\/d1c2a212b8cca3de9f3e2092961fe46c\",\"name\":\"Mundo ITAM\",\"image\":{\"@type\":\"ImageObject\",\"inLanguage\":\"en-US\",\"@id\":\"https:\\\/\\\/secure.gravatar.com\\\/avatar\\\/effa39c51b7a22496338eaaffc67c59dcdc37718d0646f09dc7d534e3111533f?s=96&d=identicon&r=g\",\"url\":\"https:\\\/\\\/secure.gravatar.com\\\/avatar\\\/effa39c51b7a22496338eaaffc67c59dcdc37718d0646f09dc7d534e3111533f?s=96&d=identicon&r=g\",\"contentUrl\":\"https:\\\/\\\/secure.gravatar.com\\\/avatar\\\/effa39c51b7a22496338eaaffc67c59dcdc37718d0646f09dc7d534e3111533f?s=96&d=identicon&r=g\",\"caption\":\"Mundo ITAM\"},\"description\":\"Mundo ITAM es el blog oficial del Instituto Tecnol\u00f3gico Aut\u00f3nomo de M\u00e9xico. Aqu\u00ed podr\u00e1s informarte y aprender acerca de los temas que acaparan los titulares en M\u00e9xico y el mundo, a partir de los textos y videos de nuestras conferencias. Podr\u00e1s conoce a nuestros profesores destacados, en los \u00e1mbitos p\u00fablico y privado de nuestro pa\u00eds, gracias a las entrevistas exclusivas que aqu\u00ed te presentamos.\",\"url\":\"https:\\\/\\\/mundoitam.com\\\/en\\\/author\\\/mundoitam\\\/\"}]}<\/script>\n<!-- \/ Yoast SEO plugin. -->","yoast_head_json":{"title":"Independent candidates 2018, funding and legislation","description":"Is the funding of independent candidates fair? The permanent seminar on the analysis of the Electoral Justice in Mexico was discussed at ITAM.","robots":{"index":"index","follow":"follow","max-snippet":"max-snippet:-1","max-image-preview":"max-image-preview:large","max-video-preview":"max-video-preview:-1"},"canonical":"https:\/\/mundoitam.com\/en\/2020\/11\/07\/ndependent-candidates-in-the-electoral-labyrinth-university-reflections\/","og_locale":"en_US","og_type":"article","og_title":"Independent candidates 2018, funding and legislation","og_description":"Is the funding of independent candidates fair? The permanent seminar on the analysis of the Electoral Justice in Mexico was discussed at ITAM.","og_url":"https:\/\/mundoitam.com\/en\/2020\/11\/07\/ndependent-candidates-in-the-electoral-labyrinth-university-reflections\/","og_site_name":"Mundo ITAM","article_publisher":"https:\/\/www.facebook.com\/itam.mx\/","article_published_time":"2020-11-08T03:39:01+00:00","article_modified_time":"2020-11-09T04:32:33+00:00","og_image":[{"url":"https:\/\/mundoitam.com\/wp-content\/uploads\/2018\/08\/procedimiento-especial-sancionador-4-638-300x225.jpg","type":"","width":"","height":""}],"author":"Mundo ITAM","twitter_card":"summary_large_image","twitter_creator":"@ITAM_mx","twitter_site":"@ITAM_mx","twitter_misc":{"Written by":"Mundo ITAM","Est. reading time":"4 minutes"},"schema":{"@context":"https:\/\/schema.org","@graph":[{"@type":"Article","@id":"https:\/\/mundoitam.com\/en\/2020\/11\/07\/ndependent-candidates-in-the-electoral-labyrinth-university-reflections\/#article","isPartOf":{"@id":"https:\/\/mundoitam.com\/en\/2020\/11\/07\/ndependent-candidates-in-the-electoral-labyrinth-university-reflections\/"},"author":{"name":"Mundo ITAM","@id":"https:\/\/mundoitam.com\/en\/#\/schema\/person\/d1c2a212b8cca3de9f3e2092961fe46c"},"headline":"Independent Candidates in the Electoral Labyrinth: University Reflections","datePublished":"2020-11-08T03:39:01+00:00","dateModified":"2020-11-09T04:32:33+00:00","mainEntityOfPage":{"@id":"https:\/\/mundoitam.com\/en\/2020\/11\/07\/ndependent-candidates-in-the-electoral-labyrinth-university-reflections\/"},"wordCount":826,"commentCount":0,"publisher":{"@id":"https:\/\/mundoitam.com\/en\/#organization"},"image":{"@id":"https:\/\/mundoitam.com\/en\/2020\/11\/07\/ndependent-candidates-in-the-electoral-labyrinth-university-reflections\/#primaryimage"},"thumbnailUrl":"https:\/\/mundoitam.com\/wp-content\/uploads\/2018\/08\/procedimiento-especial-sancionador-4-638-300x225.jpg","keywords":["electoral justice Mexico","financing of independent candidacies 2018","independent candidates","independent candidates ITAM","Permanent seminar for the analysis of Electoral Justice in Mexico","Special Penalty Procedure"],"articleSection":["Politics and Economics"],"inLanguage":"en-US","potentialAction":[{"@type":"CommentAction","name":"Comment","target":["https:\/\/mundoitam.com\/en\/2020\/11\/07\/ndependent-candidates-in-the-electoral-labyrinth-university-reflections\/#respond"]}]},{"@type":"WebPage","@id":"https:\/\/mundoitam.com\/en\/2020\/11\/07\/ndependent-candidates-in-the-electoral-labyrinth-university-reflections\/","url":"https:\/\/mundoitam.com\/en\/2020\/11\/07\/ndependent-candidates-in-the-electoral-labyrinth-university-reflections\/","name":"Independent candidates 2018, funding and legislation","isPartOf":{"@id":"https:\/\/mundoitam.com\/en\/#website"},"primaryImageOfPage":{"@id":"https:\/\/mundoitam.com\/en\/2020\/11\/07\/ndependent-candidates-in-the-electoral-labyrinth-university-reflections\/#primaryimage"},"image":{"@id":"https:\/\/mundoitam.com\/en\/2020\/11\/07\/ndependent-candidates-in-the-electoral-labyrinth-university-reflections\/#primaryimage"},"thumbnailUrl":"https:\/\/mundoitam.com\/wp-content\/uploads\/2018\/08\/procedimiento-especial-sancionador-4-638-300x225.jpg","datePublished":"2020-11-08T03:39:01+00:00","dateModified":"2020-11-09T04:32:33+00:00","description":"Is the funding of independent candidates fair? The permanent seminar on the analysis of the Electoral Justice in Mexico was discussed at ITAM.","breadcrumb":{"@id":"https:\/\/mundoitam.com\/en\/2020\/11\/07\/ndependent-candidates-in-the-electoral-labyrinth-university-reflections\/#breadcrumb"},"inLanguage":"en-US","potentialAction":[{"@type":"ReadAction","target":["https:\/\/mundoitam.com\/en\/2020\/11\/07\/ndependent-candidates-in-the-electoral-labyrinth-university-reflections\/"]}]},{"@type":"ImageObject","inLanguage":"en-US","@id":"https:\/\/mundoitam.com\/en\/2020\/11\/07\/ndependent-candidates-in-the-electoral-labyrinth-university-reflections\/#primaryimage","url":"https:\/\/mundoitam.com\/wp-content\/uploads\/2018\/08\/procedimiento-especial-sancionador-4-638-300x225.jpg","contentUrl":"https:\/\/mundoitam.com\/wp-content\/uploads\/2018\/08\/procedimiento-especial-sancionador-4-638-300x225.jpg"},{"@type":"BreadcrumbList","@id":"https:\/\/mundoitam.com\/en\/2020\/11\/07\/ndependent-candidates-in-the-electoral-labyrinth-university-reflections\/#breadcrumb","itemListElement":[{"@type":"ListItem","position":1,"name":"Portada","item":"https:\/\/mundoitam.com\/en\/"},{"@type":"ListItem","position":2,"name":"Independent Candidates in the Electoral Labyrinth: University Reflections"}]},{"@type":"WebSite","@id":"https:\/\/mundoitam.com\/en\/#website","url":"https:\/\/mundoitam.com\/en\/","name":"Mundo ITAM","description":"ITAM's digital media","publisher":{"@id":"https:\/\/mundoitam.com\/en\/#organization"},"potentialAction":[{"@type":"SearchAction","target":{"@type":"EntryPoint","urlTemplate":"https:\/\/mundoitam.com\/en\/?s={search_term_string}"},"query-input":{"@type":"PropertyValueSpecification","valueRequired":true,"valueName":"search_term_string"}}],"inLanguage":"en-US"},{"@type":"Organization","@id":"https:\/\/mundoitam.com\/en\/#organization","name":"ITAM","url":"https:\/\/mundoitam.com\/en\/","logo":{"@type":"ImageObject","inLanguage":"en-US","@id":"https:\/\/mundoitam.com\/en\/#\/schema\/logo\/image\/","url":"https:\/\/i0.wp.com\/mundoitam.com\/wp-content\/uploads\/2018\/04\/unnamed.jpg?fit=900%2C900&ssl=1","contentUrl":"https:\/\/i0.wp.com\/mundoitam.com\/wp-content\/uploads\/2018\/04\/unnamed.jpg?fit=900%2C900&ssl=1","width":900,"height":900,"caption":"ITAM"},"image":{"@id":"https:\/\/mundoitam.com\/en\/#\/schema\/logo\/image\/"},"sameAs":["https:\/\/www.facebook.com\/itam.mx\/","https:\/\/x.com\/ITAM_mx"]},{"@type":"Person","@id":"https:\/\/mundoitam.com\/en\/#\/schema\/person\/d1c2a212b8cca3de9f3e2092961fe46c","name":"Mundo ITAM","image":{"@type":"ImageObject","inLanguage":"en-US","@id":"https:\/\/secure.gravatar.com\/avatar\/effa39c51b7a22496338eaaffc67c59dcdc37718d0646f09dc7d534e3111533f?s=96&d=identicon&r=g","url":"https:\/\/secure.gravatar.com\/avatar\/effa39c51b7a22496338eaaffc67c59dcdc37718d0646f09dc7d534e3111533f?s=96&d=identicon&r=g","contentUrl":"https:\/\/secure.gravatar.com\/avatar\/effa39c51b7a22496338eaaffc67c59dcdc37718d0646f09dc7d534e3111533f?s=96&d=identicon&r=g","caption":"Mundo ITAM"},"description":"Mundo ITAM es el blog oficial del Instituto Tecnol\u00f3gico Aut\u00f3nomo de M\u00e9xico. Aqu\u00ed podr\u00e1s informarte y aprender acerca de los temas que acaparan los titulares en M\u00e9xico y el mundo, a partir de los textos y videos de nuestras conferencias. Podr\u00e1s conoce a nuestros profesores destacados, en los \u00e1mbitos p\u00fablico y privado de nuestro pa\u00eds, gracias a las entrevistas exclusivas que aqu\u00ed te presentamos.","url":"https:\/\/mundoitam.com\/en\/author\/mundoitam\/"}]}},"jetpack_publicize_connections":[],"jetpack_featured_media_url":"","jetpack_sharing_enabled":true,"jetpack_shortlink":"https:\/\/wp.me\/pCVpr-4dK","jetpack_likes_enabled":true,"jetpack-related-posts":[{"id":16230,"url":"https:\/\/mundoitam.com\/en\/2020\/11\/07\/european-union-experts-update-in-itam-classrooms\/","url_meta":{"origin":16228,"position":0},"title":"European Union Experts Update in ITAM Classrooms","author":"Mundo ITAM","date":"7 November 2020","format":false,"excerpt":"Indicative Program for academics & experts of EU Affairs at ITAM, a project organized and funded by the European Union that has the purpose of updating and discussing with attendees the political and economic issues that involve this political community.","rel":"","context":"In &quot;Politics and Economics&quot;","block_context":{"text":"Politics and Economics","link":"https:\/\/mundoitam.com\/en\/category\/politics-and-economics\/"},"img":{"alt_text":"Erika Guzm\u00e1n, Stephan Sberro, Carme Colomina, Claudia Casta\u00f1eda y Jes\u00fas Ballesteros en el Seminario del Colegio de Europa. Foto: ITAM","src":"https:\/\/i0.wp.com\/mundoitam.com\/wp-content\/uploads\/2018\/08\/Erika-Guzm%C3%A1n-Stephan-Sberro-Carme-Colomina-Claudia-Casta%C3%B1eda-y-Jes%C3%BAs-Ballesteros-en-el-Seminario-del-Colegio-de-Europa-e1533320763876-892x1024.jpg?resize=350%2C200&ssl=1","width":350,"height":200,"srcset":"https:\/\/i0.wp.com\/mundoitam.com\/wp-content\/uploads\/2018\/08\/Erika-Guzm%C3%A1n-Stephan-Sberro-Carme-Colomina-Claudia-Casta%C3%B1eda-y-Jes%C3%BAs-Ballesteros-en-el-Seminario-del-Colegio-de-Europa-e1533320763876-892x1024.jpg?resize=350%2C200&ssl=1 1x, https:\/\/i0.wp.com\/mundoitam.com\/wp-content\/uploads\/2018\/08\/Erika-Guzm%C3%A1n-Stephan-Sberro-Carme-Colomina-Claudia-Casta%C3%B1eda-y-Jes%C3%BAs-Ballesteros-en-el-Seminario-del-Colegio-de-Europa-e1533320763876-892x1024.jpg?resize=525%2C300&ssl=1 1.5x, https:\/\/i0.wp.com\/mundoitam.com\/wp-content\/uploads\/2018\/08\/Erika-Guzm%C3%A1n-Stephan-Sberro-Carme-Colomina-Claudia-Casta%C3%B1eda-y-Jes%C3%BAs-Ballesteros-en-el-Seminario-del-Colegio-de-Europa-e1533320763876-892x1024.jpg?resize=700%2C400&ssl=1 2x"},"classes":[]},{"id":26137,"url":"https:\/\/mundoitam.com\/en\/2024\/06\/18\/luis-enrique-nieto-barajas-and-manuel-mendoza-ramirez-statistics-and-rapid-count\/","url_meta":{"origin":16228,"position":1},"title":"Luis Enrique Nieto Barajas and Manuel Mendoza Ram\u00edrez | Statistics and Rapid Count","author":"Mundo ITAM","date":"18 June 2024","format":false,"excerpt":"Join Luis Enrique Nieto and Manuel Mendoza in their analysis and roles in the rapid count.","rel":"","context":"In &quot;Researching&quot;","block_context":{"text":"Researching","link":"https:\/\/mundoitam.com\/en\/category\/researching\/"},"img":{"alt_text":"Luis Enrique Nieto Barajas y Manuel Mendoza Ram\u00edrez | Estad\u00edstica y Conteo R\u00e1pido","src":"https:\/\/i0.wp.com\/mundoitam.com\/wp-content\/uploads\/2024\/06\/Estadistica_Conteo_Rapido.jpg?fit=900%2C1200&ssl=1&resize=350%2C200","width":350,"height":200,"srcset":"https:\/\/i0.wp.com\/mundoitam.com\/wp-content\/uploads\/2024\/06\/Estadistica_Conteo_Rapido.jpg?fit=900%2C1200&ssl=1&resize=350%2C200 1x, https:\/\/i0.wp.com\/mundoitam.com\/wp-content\/uploads\/2024\/06\/Estadistica_Conteo_Rapido.jpg?fit=900%2C1200&ssl=1&resize=525%2C300 1.5x, https:\/\/i0.wp.com\/mundoitam.com\/wp-content\/uploads\/2024\/06\/Estadistica_Conteo_Rapido.jpg?fit=900%2C1200&ssl=1&resize=700%2C400 2x"},"classes":[]},{"id":25020,"url":"https:\/\/mundoitam.com\/en\/2024\/01\/15\/itam-hosted-its-emblematic-economic-perspectives-seminar-for-2024\/","url_meta":{"origin":16228,"position":2},"title":"ITAM hosted its emblematic Economic Perspectives Seminar for 2024","author":"Mundo ITAM","date":"15 January 2024","format":"image","excerpt":"The 2024 Economic Perspectives Seminar, hosted at ITAM, offered a comprehensive program on the economic situation at both national and global level.","rel":"","context":"In &quot;Politics and Economics&quot;","block_context":{"text":"Politics and Economics","link":"https:\/\/mundoitam.com\/en\/category\/politics-and-economics\/"},"img":{"alt_text":"Carlos Slim Alberto Bailleres Arturo Fernandez con alumnos y exalumnos del ITAM","src":"https:\/\/i0.wp.com\/mundoitam.com\/wp-content\/uploads\/2024\/01\/Carlos-Slim-alberto-bailleres-arturo-fernandez-con-alumnos-y-exalumnos-del-itam-1.jpg?fit=1200%2C800&ssl=1&resize=350%2C200","width":350,"height":200,"srcset":"https:\/\/i0.wp.com\/mundoitam.com\/wp-content\/uploads\/2024\/01\/Carlos-Slim-alberto-bailleres-arturo-fernandez-con-alumnos-y-exalumnos-del-itam-1.jpg?fit=1200%2C800&ssl=1&resize=350%2C200 1x, https:\/\/i0.wp.com\/mundoitam.com\/wp-content\/uploads\/2024\/01\/Carlos-Slim-alberto-bailleres-arturo-fernandez-con-alumnos-y-exalumnos-del-itam-1.jpg?fit=1200%2C800&ssl=1&resize=525%2C300 1.5x, https:\/\/i0.wp.com\/mundoitam.com\/wp-content\/uploads\/2024\/01\/Carlos-Slim-alberto-bailleres-arturo-fernandez-con-alumnos-y-exalumnos-del-itam-1.jpg?fit=1200%2C800&ssl=1&resize=700%2C400 2x, https:\/\/i0.wp.com\/mundoitam.com\/wp-content\/uploads\/2024\/01\/Carlos-Slim-alberto-bailleres-arturo-fernandez-con-alumnos-y-exalumnos-del-itam-1.jpg?fit=1200%2C800&ssl=1&resize=1050%2C600 3x"},"classes":[]},{"id":25286,"url":"https:\/\/mundoitam.com\/en\/2024\/02\/09\/mexico-and-the-world-in-the-us-electoral-perspective-panel\/","url_meta":{"origin":16228,"position":3},"title":"Mexico and the world in the US electoral perspective panel","author":"Mundo ITAM","date":"9 February 2024","format":false,"excerpt":"During the 2024 Economic Perspectives Seminar a panel was introduced on the reality of the relation between Mexico and USA and what it implies with the following political changes that the neighboring country is about to experience. The panel was presented by Rafael Fernandez de Castro Director for the Mexico-United\u2026","rel":"","context":"In &quot;Politics and Economics&quot;","block_context":{"text":"Politics and Economics","link":"https:\/\/mundoitam.com\/en\/category\/politics-and-economics\/"},"img":{"alt_text":"Rafael Fern\u00e1ndez de Castro, Centro de Estudios M\u00e9xico-Estados Unidos UCSD, Director. Arturo Sarukh\u00e1n, Sarukh\u00e1n y asociados, Presidente. Jorge Su\u00e1rez-V\u00e9lez, Allen & Company, Director. Moderadora: Ana Mar\u00eda Salazar, Grupo Salazar Slack SC, Directora. Foto:ITAM.","src":"https:\/\/i0.wp.com\/mundoitam.com\/wp-content\/uploads\/2024\/02\/Seimnario12.png?fit=900%2C1200&ssl=1&resize=350%2C200","width":350,"height":200,"srcset":"https:\/\/i0.wp.com\/mundoitam.com\/wp-content\/uploads\/2024\/02\/Seimnario12.png?fit=900%2C1200&ssl=1&resize=350%2C200 1x, https:\/\/i0.wp.com\/mundoitam.com\/wp-content\/uploads\/2024\/02\/Seimnario12.png?fit=900%2C1200&ssl=1&resize=525%2C300 1.5x, https:\/\/i0.wp.com\/mundoitam.com\/wp-content\/uploads\/2024\/02\/Seimnario12.png?fit=900%2C1200&ssl=1&resize=700%2C400 2x"},"classes":[]},{"id":27266,"url":"https:\/\/mundoitam.com\/en\/2024\/11\/11\/2024-seminar-in-computer-science-perspectives\/","url_meta":{"origin":16228,"position":4},"title":"2024 Seminar in Computer Science Perspectives","author":"Mundo ITAM","date":"11 November 2024","format":false,"excerpt":"The 2024 Seminar on Computer Science Perspectives at ITAM gathered experts from academia and corporate background to debate the impact of artificial intelligence in society and business. From innovative technological advances to ethical and social challenges presented by AI, the event offered an integral vision of the future that awaits\u2026","rel":"","context":"In &quot;Alumni&quot;","block_context":{"text":"Alumni","link":"https:\/\/mundoitam.com\/en\/category\/alumni\/"},"img":{"alt_text":"Seminario de Perspectivas en Computaci\u00f3n 2024","src":"https:\/\/i0.wp.com\/mundoitam.com\/wp-content\/uploads\/2024\/09\/Seminario-de-Perspectivas-en-Computacion-2024.jpg?fit=900%2C1200&ssl=1&resize=350%2C200","width":350,"height":200,"srcset":"https:\/\/i0.wp.com\/mundoitam.com\/wp-content\/uploads\/2024\/09\/Seminario-de-Perspectivas-en-Computacion-2024.jpg?fit=900%2C1200&ssl=1&resize=350%2C200 1x, https:\/\/i0.wp.com\/mundoitam.com\/wp-content\/uploads\/2024\/09\/Seminario-de-Perspectivas-en-Computacion-2024.jpg?fit=900%2C1200&ssl=1&resize=525%2C300 1.5x, https:\/\/i0.wp.com\/mundoitam.com\/wp-content\/uploads\/2024\/09\/Seminario-de-Perspectivas-en-Computacion-2024.jpg?fit=900%2C1200&ssl=1&resize=700%2C400 2x"},"classes":[]},{"id":23611,"url":"https:\/\/mundoitam.com\/en\/2023\/05\/26\/2023-perspectives-seminar-women-talent-and-development\/","url_meta":{"origin":16228,"position":5},"title":"2023 Perspectives Seminar: Women, talent and development","author":"Mundo ITAM","date":"26 May 2023","format":"image","excerpt":"Learn about the current professional panorama that women face during the 2023 Perspectives Seminar: Women, talent and development hosted by ITAM.","rel":"","context":"In &quot;Conferencias&quot;","block_context":{"text":"Conferencias","link":"https:\/\/mundoitam.com\/category\/conferencias\/"},"img":{"alt_text":"","src":"https:\/\/i0.wp.com\/mundoitam.com\/wp-content\/uploads\/2023\/05\/portada-3.jpg?fit=1200%2C478&ssl=1&resize=350%2C200","width":350,"height":200,"srcset":"https:\/\/i0.wp.com\/mundoitam.com\/wp-content\/uploads\/2023\/05\/portada-3.jpg?fit=1200%2C478&ssl=1&resize=350%2C200 1x, https:\/\/i0.wp.com\/mundoitam.com\/wp-content\/uploads\/2023\/05\/portada-3.jpg?fit=1200%2C478&ssl=1&resize=525%2C300 1.5x, https:\/\/i0.wp.com\/mundoitam.com\/wp-content\/uploads\/2023\/05\/portada-3.jpg?fit=1200%2C478&ssl=1&resize=700%2C400 2x, https:\/\/i0.wp.com\/mundoitam.com\/wp-content\/uploads\/2023\/05\/portada-3.jpg?fit=1200%2C478&ssl=1&resize=1050%2C600 3x"},"classes":[]}],"amp_enabled":true,"_links":{"self":[{"href":"https:\/\/mundoitam.com\/en\/wp-json\/wp\/v2\/posts\/16228","targetHints":{"allow":["GET"]}}],"collection":[{"href":"https:\/\/mundoitam.com\/en\/wp-json\/wp\/v2\/posts"}],"about":[{"href":"https:\/\/mundoitam.com\/en\/wp-json\/wp\/v2\/types\/post"}],"author":[{"embeddable":true,"href":"https:\/\/mundoitam.com\/en\/wp-json\/wp\/v2\/users\/10"}],"replies":[{"embeddable":true,"href":"https:\/\/mundoitam.com\/en\/wp-json\/wp\/v2\/comments?post=16228"}],"version-history":[{"count":6,"href":"https:\/\/mundoitam.com\/en\/wp-json\/wp\/v2\/posts\/16228\/revisions"}],"predecessor-version":[{"id":16266,"href":"https:\/\/mundoitam.com\/en\/wp-json\/wp\/v2\/posts\/16228\/revisions\/16266"}],"wp:attachment":[{"href":"https:\/\/mundoitam.com\/en\/wp-json\/wp\/v2\/media?parent=16228"}],"wp:term":[{"taxonomy":"category","embeddable":true,"href":"https:\/\/mundoitam.com\/en\/wp-json\/wp\/v2\/categories?post=16228"},{"taxonomy":"post_tag","embeddable":true,"href":"https:\/\/mundoitam.com\/en\/wp-json\/wp\/v2\/tags?post=16228"}],"curies":[{"name":"wp","href":"https:\/\/api.w.org\/{rel}","templated":true}]}}