{"id":16233,"date":"2020-11-07T23:01:20","date_gmt":"2020-11-08T04:01:20","guid":{"rendered":"https:\/\/mundoitam.com\/2020\/11\/07\/macroeconomics-at-itam-2018-meeting-of-the-society-for-economic-dynamics\/"},"modified":"2020-11-08T22:39:55","modified_gmt":"2020-11-09T03:39:55","slug":"macroeconomics-at-itam-2018-meeting-of-the-society-for-economic-dynamics","status":"publish","type":"post","link":"https:\/\/mundoitam.com\/en\/2020\/11\/07\/macroeconomics-at-itam-2018-meeting-of-the-society-for-economic-dynamics\/","title":{"rendered":"Macroeconomics at ITAM: 2018 Meeting of the Society for Economic Dynamics"},"content":{"rendered":"<p>Macroeconomics is the branch of economics that <strong>studies the integrated process of allocating scarce resources in human societies<\/strong>. To do this, macroeconomists analyze the factors of production, the set of goods and services, rates of growth and unemployment, as well as the level of prices and other aggregates (including the impact of public policies on social reality), to \u201cidentify the main determinants and how they affect each one of the phenomena that it analyzes.\u201d (Roca, 2015). But before delving into the topic, here is a short video [in Spanish] to understand it better:<\/p><div class=\"mundo-contenido\" style=\"margin-top: 20px;margin-bottom: 20px;\" id=\"mundo-590568015\"><style type=\"text\/css\">\r\n .ad-square h3 { \r\n\tfont-size: 11px;\r\n    font-weight: 300;\r\n    letter-spacing: 2.3px;\r\n    color: #6a6c6e;\r\n    font-weight: normal;\r\n    margin: 18px 0;  \r\n\tfont-family: \"Lato\", \"Helvetica Neue\", Helvetica, Arial, sans-serif;\r\n\t}\r\n<\/style>\r\n\r\n<!--<center> <div class=\"ad-square\">\r\n\t\t\t\t\t\t\t<h3>ANUNCIO<\/h3>\r\n<a href=\"https:\/\/noche.itam.mx\/\" target=\"_blank\"><img decoding=\"async\" width=\"300\" src=\"https:\/\/mundoitam.com\/wp-content\/uploads\/2021\/11\/noche-itam-v2.png\" alt=\"Anuncio\" style=\"border: none; display: block;\"><\/a>\r\n\r\n<\/div> <\/center>--><\/div>\n<div class=\"jetpack-video-wrapper\"><span class=\"embed-youtube\" style=\"text-align:center; display: block;\"><iframe loading=\"lazy\" class=\"youtube-player\" width=\"1000\" height=\"563\" src=\"https:\/\/www.youtube.com\/embed\/lN1XAE_6fSE?version=3&#038;rel=1&#038;showsearch=0&#038;showinfo=1&#038;iv_load_policy=1&#038;fs=1&#038;hl=en-US&#038;autohide=2&#038;wmode=transparent\" allowfullscreen=\"true\" style=\"border:0;\" sandbox=\"allow-scripts allow-same-origin allow-popups allow-presentation allow-popups-to-escape-sandbox\"><\/iframe><\/span><\/div>\n<p>Recently, <strong>in matters of macroeconomics<\/strong>, the <em>Society for Economic Dynamics<\/em> is at the forefront of thought. It was founded by Thomas Sargent in 1990 and is based on the premise that the field of economics needs a rigorous scientific approach that requires essential categories. Such as the theoretical framework of <strong>dynamic economics<\/strong>, which follows in the footsteps of <strong>Michael Kalecki<\/strong> and his influential work published by the Fondo de Cultural Econ\u00f3mica in 1973.<\/p>\n<p><a href=\"https:\/\/i0.wp.com\/mundoitam.com\/wp-content\/uploads\/2018\/08\/51A5r-X4M0L._SX315_BO1204203200_.jpg?ssl=1\"><img data-recalc-dims=\"1\" loading=\"lazy\" decoding=\"async\" class=\"aligncenter wp-image-10258 size-full\" src=\"https:\/\/i0.wp.com\/mundoitam.com\/wp-content\/uploads\/2018\/08\/51A5r-X4M0L._SX315_BO1204203200_.jpg?resize=317%2C499&#038;ssl=1\" alt=\"\" width=\"317\" height=\"499\" srcset=\"https:\/\/i0.wp.com\/mundoitam.com\/wp-content\/uploads\/2018\/08\/51A5r-X4M0L._SX315_BO1204203200_.jpg?w=317&amp;ssl=1 317w, https:\/\/i0.wp.com\/mundoitam.com\/wp-content\/uploads\/2018\/08\/51A5r-X4M0L._SX315_BO1204203200_.jpg?resize=191%2C300&amp;ssl=1 191w\" sizes=\"auto, (max-width: 317px) 100vw, 317px\" \/><\/a><\/p>\n<p>That study on the <strong>determinants of investment and their effect on the boom and bust economic<\/strong> cycles outlined a theoretical model for the future, but, as Douglas C. North, Nobel Prize for Economic Sciences in 1993, pointed out:<\/p>\n<blockquote><p><em>We have no such theory. Rather, it provides the initial scaffolding of <strong>an analytical structure<\/strong> <strong>capable of increasing our understanding of the historical evolution of economies<\/strong>, as well as a necessarily rudimentary guidance for a policy to be pursued in the present task of improving economic performance. The analytical framework is a modification of neoclassical theory. <strong>What it retains is the basic assumption of scarcity and therefore competition, as well as the analytical tools of microeconomic theory.<\/strong> What it modifies is the assumption of rationality, what it adds is the dimension of time (p. 568).<\/em><\/p><\/blockquote>\n<p><em>The Society for Economic Dynamics<\/em> (SED) recovered that research legacy and linked it to the interests and needs of the community of economists, first in the United States, and then throughout the world. Even more importantly, that driving group set out to convert its magazine and its annual meetings in an <strong>open door for young people<\/strong> seeking to make their own contributions to economic science.<\/p>\n<p><a href=\"https:\/\/www.economicdynamics.org\/red\/\" target=\"_blank\" rel=\"noopener noreferrer\"><img data-recalc-dims=\"1\" loading=\"lazy\" decoding=\"async\" class=\"wp-image-10256 size-full aligncenter\" src=\"https:\/\/i0.wp.com\/mundoitam.com\/wp-content\/uploads\/2018\/08\/review-of-economic-dynamics.jpg?resize=563%2C768&#038;ssl=1\" alt=\"macroeconom\u00eda en la SED\" width=\"563\" height=\"768\" srcset=\"https:\/\/i0.wp.com\/mundoitam.com\/wp-content\/uploads\/2018\/08\/review-of-economic-dynamics.jpg?w=563&amp;ssl=1 563w, https:\/\/i0.wp.com\/mundoitam.com\/wp-content\/uploads\/2018\/08\/review-of-economic-dynamics.jpg?resize=220%2C300&amp;ssl=1 220w\" sizes=\"auto, (max-width: 563px) 100vw, 563px\" \/><\/a><\/p>\n<p>For this reason, the SED launched the <strong>Review of Economic Dynamics<\/strong> in 1998, which, together with its annual meetings, has become a platform for academic discussion, recognized in the disputed field of economic debate. Finally, the dynamics of the business cycle can only be understood from a <strong>precise knowledge of the past and present processes<\/strong> which define, in essence, the same evolution of the economy.<\/p>\n<p>That is why in 2015, and during the SED Warsaw Congress, ITAM, with the support of the Bank of Mexico, <strong>applied to host the annual meeting<\/strong>. On that occasion, the organization selected Edinburgh to be the host, but a year later the Mexican site was proposed again at the Toulouse congress. This time it was accepted. Three years later, the R\u00edo Hondo campus hosted hundreds of economists ready to present and discuss the results of their research.<\/p>\n<figure id=\"attachment_10254\" aria-describedby=\"caption-attachment-10254\" style=\"width: 768px\" class=\"wp-caption aligncenter\"><a href=\"https:\/\/sed2018.itam.mx\/\" target=\"_blank\" rel=\"noopener noreferrer\"><img data-recalc-dims=\"1\" loading=\"lazy\" decoding=\"async\" class=\"wp-image-10254 size-medium_large\" src=\"https:\/\/i0.wp.com\/mundoitam.com\/wp-content\/uploads\/2018\/08\/sed-itam.png?resize=768%2C318&#038;ssl=1\" alt=\"macroeconom\u00eda en elITAM\" width=\"768\" height=\"318\" srcset=\"https:\/\/i0.wp.com\/mundoitam.com\/wp-content\/uploads\/2018\/08\/sed-itam.png?resize=768%2C318&amp;ssl=1 768w, https:\/\/i0.wp.com\/mundoitam.com\/wp-content\/uploads\/2018\/08\/sed-itam.png?resize=300%2C124&amp;ssl=1 300w, https:\/\/i0.wp.com\/mundoitam.com\/wp-content\/uploads\/2018\/08\/sed-itam.png?resize=1024%2C424&amp;ssl=1 1024w, https:\/\/i0.wp.com\/mundoitam.com\/wp-content\/uploads\/2018\/08\/sed-itam.png?resize=600%2C248&amp;ssl=1 600w, https:\/\/i0.wp.com\/mundoitam.com\/wp-content\/uploads\/2018\/08\/sed-itam.png?w=1223&amp;ssl=1 1223w\" sizes=\"auto, (max-width: 768px) 100vw, 768px\" \/><\/a><figcaption id=\"caption-attachment-10254\" class=\"wp-caption-text\">Click on the image to find out more about the 2018 SED Conference.<\/figcaption><\/figure>\n<h2>Macroeconomics, SED, and Academic Debate<\/h2>\n<p>The <em>Society for Economic Dynamics<\/em> (SED) is one of the<strong> most important academic societies in the field of macroeconomics.<\/strong> As a prestigious scholarly network, today it involves university students from around the world and its annual meeting is becoming a benchmark for all those who want to know the progress in this fruitful field. <strong>A quick glance at the parallel sessions that took place at ITAM<\/strong> between June 27-30, 2018 allows us to understand the wealth of these contributions:<\/p>\n<p><a href=\"https:\/\/sed2018.itam.mx\/pdf\/brochure.pdf\" target=\"_blank\" rel=\"noopener noreferrer\"><img data-recalc-dims=\"1\" loading=\"lazy\" decoding=\"async\" class=\"aligncenter wp-image-10264 size-full\" src=\"https:\/\/i0.wp.com\/mundoitam.com\/wp-content\/uploads\/2018\/08\/Screenshot_3.png?resize=814%2C494&#038;ssl=1\" alt=\"\" width=\"814\" height=\"494\" srcset=\"https:\/\/i0.wp.com\/mundoitam.com\/wp-content\/uploads\/2018\/08\/Screenshot_3.png?w=814&amp;ssl=1 814w, https:\/\/i0.wp.com\/mundoitam.com\/wp-content\/uploads\/2018\/08\/Screenshot_3.png?resize=300%2C182&amp;ssl=1 300w, https:\/\/i0.wp.com\/mundoitam.com\/wp-content\/uploads\/2018\/08\/Screenshot_3.png?resize=768%2C466&amp;ssl=1 768w, https:\/\/i0.wp.com\/mundoitam.com\/wp-content\/uploads\/2018\/08\/Screenshot_3.png?resize=494%2C300&amp;ssl=1 494w\" sizes=\"auto, (max-width: 814px) 100vw, 814px\" \/><\/a><br \/>\n<strong>This is the second time that ITAM hosts<\/strong> this important congress, but this time the scale was much greater, said Dr. Diego Dom\u00ednguez, ITAM\u2019s Economics Department Chair and member of the organizing committee. Compared to the 150 attendees in 1996, 650 were registered in 2018. Over three days, 168 lectures were delivered through simultaneous sessions (up to 14 at a time) that allowed presenting three publications in each one. It was a record in participation and debate.<\/p>\n<h2>Macroeconomics in Mexico City: Joseph Altonji, Nancy Stokey, and Enrique Mendoza<\/h2>\n<p>The inauguration of SED 2018 took place on June 27 with the participation of ITAM academics, Bank of Mexico officials, and the virtual participation of <strong>Tom Sargent, Nobel Prize in Economics in 2011<\/strong>. The founder of SED and professor at New York University won the renowned award for another fundamental macroeconomic problem, the cause and effect relationship between economics and politics, that is, between interest rates and public spending.<\/p>\n<p><a href=\"https:\/\/i0.wp.com\/mundoitam.com\/wp-content\/uploads\/2018\/08\/SED2018.png?ssl=1\" target=\"_blank\" rel=\"noopener noreferrer\"><img data-recalc-dims=\"1\" loading=\"lazy\" decoding=\"async\" class=\"aligncenter wp-image-10266 size-full\" src=\"https:\/\/i0.wp.com\/mundoitam.com\/wp-content\/uploads\/2018\/08\/SED2018.png?resize=850%2C650&#038;ssl=1\" alt=\"\" width=\"850\" height=\"650\" srcset=\"https:\/\/i0.wp.com\/mundoitam.com\/wp-content\/uploads\/2018\/08\/SED2018.png?w=850&amp;ssl=1 850w, https:\/\/i0.wp.com\/mundoitam.com\/wp-content\/uploads\/2018\/08\/SED2018.png?resize=300%2C229&amp;ssl=1 300w, https:\/\/i0.wp.com\/mundoitam.com\/wp-content\/uploads\/2018\/08\/SED2018.png?resize=768%2C587&amp;ssl=1 768w, https:\/\/i0.wp.com\/mundoitam.com\/wp-content\/uploads\/2018\/08\/SED2018.png?resize=392%2C300&amp;ssl=1 392w\" sizes=\"auto, (max-width: 850px) 100vw, 850px\" \/><\/a>The objective of this event was for<strong> members of the public and academic sectors to exchange ideas<\/strong> on the most important and current issues in macroeconomics. Later, there was time for discussion in more than 70 of the official sessions and other parallel ones that took place in many corners of the R\u00edo Hondo campus.<\/p>\n<p>The next day, <strong>academics from around the world gathered at ITAM<\/strong>. Among the members of our faculty who presented a paper are Marina M\u00e9ndez, Carlos Urrutia, Felipe Meza, Alexandros Fakos, Felix Wellschmied, and Tiago Tavares, as well as <strong>Tim Kehoe<\/strong>, who has been a visiting professor at our institute on several occasions.<\/p>\n<figure id=\"attachment_8166\" aria-describedby=\"caption-attachment-8166\" style=\"width: 850px\" class=\"wp-caption aligncenter\"><a href=\"https:\/\/i0.wp.com\/mundoitam.com\/wp-content\/uploads\/2018\/08\/Enrique-Mendoza-Nancy-Stokey-y-Joe-Altonji-.jpg?ssl=1\" target=\"_blank\" rel=\"noopener noreferrer\"><img data-recalc-dims=\"1\" loading=\"lazy\" decoding=\"async\" class=\"wp-image-8166\" src=\"https:\/\/i0.wp.com\/mundoitam.com\/wp-content\/uploads\/2018\/08\/Enrique-Mendoza-Nancy-Stokey-y-Joe-Altonji-.jpg?resize=850%2C441&#038;ssl=1\" alt=\"Enrique Mendoza, Nancy Stokey y Joe Altonji en el SED 2018. Foto: ITAM\" width=\"850\" height=\"441\" srcset=\"https:\/\/i0.wp.com\/mundoitam.com\/wp-content\/uploads\/2018\/08\/Enrique-Mendoza-Nancy-Stokey-y-Joe-Altonji-.jpg?resize=1024%2C531&amp;ssl=1 1024w, https:\/\/i0.wp.com\/mundoitam.com\/wp-content\/uploads\/2018\/08\/Enrique-Mendoza-Nancy-Stokey-y-Joe-Altonji-.jpg?resize=300%2C156&amp;ssl=1 300w, https:\/\/i0.wp.com\/mundoitam.com\/wp-content\/uploads\/2018\/08\/Enrique-Mendoza-Nancy-Stokey-y-Joe-Altonji-.jpg?resize=768%2C398&amp;ssl=1 768w, https:\/\/i0.wp.com\/mundoitam.com\/wp-content\/uploads\/2018\/08\/Enrique-Mendoza-Nancy-Stokey-y-Joe-Altonji-.jpg?resize=578%2C300&amp;ssl=1 578w, https:\/\/i0.wp.com\/mundoitam.com\/wp-content\/uploads\/2018\/08\/Enrique-Mendoza-Nancy-Stokey-y-Joe-Altonji-.jpg?w=1594&amp;ssl=1 1594w\" sizes=\"auto, (max-width: 850px) 100vw, 850px\" \/><\/a><figcaption id=\"caption-attachment-8166\" class=\"wp-caption-text\">Enrique Mendoza, Nancy Stokey and Joe Altonji at SED 2018 \/ Photo: @SED<\/figcaption><\/figure>\n<p>In addition to the simultaneous sessions, three plenary conferences were held in the ITAM gymnasium. Enrique Mendoza, economics professor at the University of Pennsylvania, presented a method to explain and prevent <strong>financial crises in developing countries<\/strong>. Nancy Stokey, a leading economist at the University of Chicago, spoke about the spread of <strong>technology<\/strong> and its adoption in different settings. Jose Altonji, professor at Yale University, presented his perspective on the evolution of the <strong>income of families and marriages<\/strong>, as well as on the <strong>dynamics and distribution of wages over time.<\/strong><\/p>\n<h2>The Best Logistics for the Best Macroeconomics Forum<\/h2>\n<p><strong>Dr. Diego Dom\u00ednguez and Dr. Germ\u00e1n Rojas<\/strong>, ITAM professors who participated in the organization of the event, mentioned that the annual SED meeting would not have been possible without the enthusiastic participation of the students who volunteered to take part in the logistics. It is worth mentioning that at the end of June the semester had already concluded and, therefore, the students who collaborated did so outside school hours. <strong>Their commitment to the institution was rewarded<\/strong> with the opportunity to participate in some sessions, attend the presentations of the researchers, and even go the gala dinner that took place at the Interactive Museum of Economics (MIDE).<\/p>\n<figure id=\"attachment_8167\" aria-describedby=\"caption-attachment-8167\" style=\"width: 1000px\" class=\"wp-caption aligncenter\"><img data-recalc-dims=\"1\" loading=\"lazy\" decoding=\"async\" class=\"wp-image-8167 size-large\" src=\"https:\/\/i0.wp.com\/mundoitam.com\/wp-content\/uploads\/2018\/08\/DSC_0109-e1533233888725-1024x592.jpg?resize=1000%2C578&#038;ssl=1\" alt=\"Dr. Germ\u00e1n Rojas, Dr. Robert Lucas, Dr. Diego Dom\u00ednguez y Dra. Nancy Stokey en el congreso anual SED 2018. Foto: ITAM\" width=\"1000\" height=\"578\" srcset=\"https:\/\/i0.wp.com\/mundoitam.com\/wp-content\/uploads\/2018\/08\/DSC_0109-e1533233888725.jpg?resize=1024%2C592&amp;ssl=1 1024w, https:\/\/i0.wp.com\/mundoitam.com\/wp-content\/uploads\/2018\/08\/DSC_0109-e1533233888725.jpg?resize=300%2C173&amp;ssl=1 300w, https:\/\/i0.wp.com\/mundoitam.com\/wp-content\/uploads\/2018\/08\/DSC_0109-e1533233888725.jpg?resize=768%2C444&amp;ssl=1 768w, https:\/\/i0.wp.com\/mundoitam.com\/wp-content\/uploads\/2018\/08\/DSC_0109-e1533233888725.jpg?resize=519%2C300&amp;ssl=1 519w, https:\/\/i0.wp.com\/mundoitam.com\/wp-content\/uploads\/2018\/08\/DSC_0109-e1533233888725.jpg?w=2000&amp;ssl=1 2000w, https:\/\/i0.wp.com\/mundoitam.com\/wp-content\/uploads\/2018\/08\/DSC_0109-e1533233888725.jpg?w=3000&amp;ssl=1 3000w\" sizes=\"auto, (max-width: 1000px) 100vw, 1000px\" \/><figcaption id=\"caption-attachment-8167\" class=\"wp-caption-text\">Dr. Germ\u00e1n Rojas, Dr. Robert Lucas, Dr. Diego Dom\u00ednguez, and Dr. Nancy Stokey at the annual SED 2018 congress. Photo: ITAM<\/figcaption><\/figure>\n<p>It took<strong> three days of intense logistical work<\/strong> to get the classrooms ready, prepare meals for the attendees, and attend to all their needs. It can be said that the Society for Economic Dynamics Annual Meeting 2018 was a success and the guests were very pleased. Among them were members of the organizing committee for the next edition, including <strong>SED acting president Ellen McGrattan.<\/strong> That meeting will take place in St. Louis, Missouri, in the United States. The Federal Reserve System (FED) and the University of Washington will be its co-organizers.<\/p>\n<p>Something we do not want to leave out. They are economists, but they are also human beings. And man does not live by reason alone. So, during the World Cup, there were screens to watch the international soccer games.<\/p>\n<p><a href=\"https:\/\/i0.wp.com\/mundoitam.com\/wp-content\/uploads\/2018\/08\/Screenshot_4.png?ssl=1\" target=\"_blank\" rel=\"noopener noreferrer\"><img data-recalc-dims=\"1\" loading=\"lazy\" decoding=\"async\" class=\"aligncenter wp-image-10268 size-full\" src=\"https:\/\/i0.wp.com\/mundoitam.com\/wp-content\/uploads\/2018\/08\/Screenshot_4.png?resize=531%2C163&#038;ssl=1\" alt=\"\" width=\"531\" height=\"163\" srcset=\"https:\/\/i0.wp.com\/mundoitam.com\/wp-content\/uploads\/2018\/08\/Screenshot_4.png?w=531&amp;ssl=1 531w, https:\/\/i0.wp.com\/mundoitam.com\/wp-content\/uploads\/2018\/08\/Screenshot_4.png?resize=300%2C92&amp;ssl=1 300w\" sizes=\"auto, (max-width: 531px) 100vw, 531px\" \/><\/a><br \/>\nSoccer is also macroeconomics\u2026<\/p>\n<div class=\"mundo-despues-del-contenido\" id=\"mundo-3559352704\"><style type=\"text\/css\">\r\n .ad-square h3 { \r\n\tfont-size: 11px;\r\n    font-weight: 300;\r\n    letter-spacing: 2.3px;\r\n    color: #6a6c6e;\r\n    font-weight: normal;\r\n    margin: 18px 0;  \r\n\tfont-family: \"Lato\", \"Helvetica Neue\", Helvetica, Arial, sans-serif;\r\n\t}\r\n<\/style>\r\n\r\n<center> <div class=\"ad-square\">\r\n\t\t\t\t\t\t\t<h3>ANUNCIO<\/h3>\r\n<a href=\"https:\/\/aspirantes.itam.mx\/proceso-admision\/?utm_source=itam&utm_medium=mundoitam&utm_campaign=organico\" target=\"_blank\"><img decoding=\"async\" width=\"800\" src=\"https:\/\/mundoitam.com\/wp-content\/uploads\/2021\/06\/banner-aspitantes-1.png \" alt=\"Anuncio\" style=\"border: none; display: block;\"><\/a>\r\n\r\n<\/div> <\/center> <\/div>","protected":false},"excerpt":{"rendered":"<p>For the second time, ITAM hosted the annual congress of the SED. The Society for Economic Dynammics (SED), one of the most important academic societies in the study and research of macroeconomics, organizes an annual conference in which macroeconomic research and publications are presented to fellow researchers.<\/p>\n","protected":false},"author":10,"featured_media":0,"comment_status":"open","ping_status":"open","sticky":false,"template":"","format":"image","meta":{"jetpack_post_was_ever_published":false,"_jetpack_newsletter_access":"","_jetpack_dont_email_post_to_subs":false,"_jetpack_newsletter_tier_id":0,"_jetpack_memberships_contains_paywalled_content":false,"_jetpack_memberships_contains_paid_content":false,"footnotes":"","jetpack_publicize_message":"","jetpack_publicize_feature_enabled":true,"jetpack_social_post_already_shared":true,"jetpack_social_options":{"image_generator_settings":{"template":"highway","default_image_id":0,"font":"","enabled":false},"version":2},"_wpas_customize_per_network":false},"categories":[579146068],"tags":[579147008,579147011,579147012,579147014,579147010,579147009,579147013],"class_list":["post-16233","post","type-post","status-publish","format-image","hentry","category-politics-and-economics","tag-macroeconomics","tag-macroeconomics-itam","tag-sed-en","tag-sed-anual-meeting-itam-en","tag-society-for-economic-dyanmics-en","tag-society-for-economic-dynammics-2018-en","tag-what-is-macroeconomics","post_format-post-format-image"],"yoast_head":"<!-- This site is optimized with the Yoast SEO plugin v27.3 - https:\/\/yoast.com\/product\/yoast-seo-wordpress\/ -->\n<title>Macroeconomics: SED economists meet at ITAM<\/title>\n<meta name=\"description\" content=\"For the second time, ITAM hosted the annual meeting of the Society for Economic Dynamics (SED), a key body in macroeconomic research\" \/>\n<meta name=\"robots\" content=\"index, follow, max-snippet:-1, max-image-preview:large, max-video-preview:-1\" \/>\n<link rel=\"canonical\" href=\"https:\/\/mundoitam.com\/en\/2020\/11\/07\/macroeconomics-at-itam-2018-meeting-of-the-society-for-economic-dynamics\/\" \/>\n<meta property=\"og:locale\" content=\"en_US\" \/>\n<meta property=\"og:type\" content=\"article\" \/>\n<meta property=\"og:title\" content=\"Macroeconomics: SED economists meet at ITAM\" \/>\n<meta property=\"og:description\" content=\"For the second time, ITAM hosted the annual meeting of the Society for Economic Dynamics (SED), a key body in macroeconomic research\" \/>\n<meta property=\"og:url\" content=\"https:\/\/mundoitam.com\/en\/2020\/11\/07\/macroeconomics-at-itam-2018-meeting-of-the-society-for-economic-dynamics\/\" \/>\n<meta property=\"og:site_name\" content=\"Mundo ITAM\" \/>\n<meta property=\"article:publisher\" content=\"https:\/\/www.facebook.com\/itam.mx\/\" \/>\n<meta property=\"article:published_time\" content=\"2020-11-08T04:01:20+00:00\" \/>\n<meta property=\"article:modified_time\" content=\"2020-11-09T03:39:55+00:00\" \/>\n<meta property=\"og:image\" content=\"https:\/\/mundoitam.com\/wp-content\/uploads\/2018\/08\/51A5r-X4M0L._SX315_BO1204203200_.jpg\" \/>\n<meta name=\"author\" content=\"Mundo ITAM\" \/>\n<meta name=\"twitter:card\" content=\"summary_large_image\" \/>\n<meta name=\"twitter:creator\" content=\"@ITAM_mx\" \/>\n<meta name=\"twitter:site\" content=\"@ITAM_mx\" \/>\n<meta name=\"twitter:label1\" content=\"Written by\" \/>\n\t<meta name=\"twitter:data1\" content=\"Mundo ITAM\" \/>\n\t<meta name=\"twitter:label2\" content=\"Est. reading time\" \/>\n\t<meta name=\"twitter:data2\" content=\"6 minutes\" \/>\n<script type=\"application\/ld+json\" class=\"yoast-schema-graph\">{\"@context\":\"https:\\\/\\\/schema.org\",\"@graph\":[{\"@type\":\"Article\",\"@id\":\"https:\\\/\\\/mundoitam.com\\\/en\\\/2020\\\/11\\\/07\\\/macroeconomics-at-itam-2018-meeting-of-the-society-for-economic-dynamics\\\/#article\",\"isPartOf\":{\"@id\":\"https:\\\/\\\/mundoitam.com\\\/en\\\/2020\\\/11\\\/07\\\/macroeconomics-at-itam-2018-meeting-of-the-society-for-economic-dynamics\\\/\"},\"author\":{\"name\":\"Mundo ITAM\",\"@id\":\"https:\\\/\\\/mundoitam.com\\\/en\\\/#\\\/schema\\\/person\\\/d1c2a212b8cca3de9f3e2092961fe46c\"},\"headline\":\"Macroeconomics at ITAM: 2018 Meeting of the Society for Economic Dynamics\",\"datePublished\":\"2020-11-08T04:01:20+00:00\",\"dateModified\":\"2020-11-09T03:39:55+00:00\",\"mainEntityOfPage\":{\"@id\":\"https:\\\/\\\/mundoitam.com\\\/en\\\/2020\\\/11\\\/07\\\/macroeconomics-at-itam-2018-meeting-of-the-society-for-economic-dynamics\\\/\"},\"wordCount\":1269,\"commentCount\":0,\"publisher\":{\"@id\":\"https:\\\/\\\/mundoitam.com\\\/en\\\/#organization\"},\"image\":{\"@id\":\"https:\\\/\\\/mundoitam.com\\\/en\\\/2020\\\/11\\\/07\\\/macroeconomics-at-itam-2018-meeting-of-the-society-for-economic-dynamics\\\/#primaryimage\"},\"thumbnailUrl\":\"https:\\\/\\\/mundoitam.com\\\/wp-content\\\/uploads\\\/2018\\\/08\\\/51A5r-X4M0L._SX315_BO1204203200_.jpg\",\"keywords\":[\"macroeconomics\",\"macroeconomics ITAM\",\"SED\",\"SED Anual Meeting ITAM\",\"Society for Economic Dyanmics\",\"society for economic dynammics 2018\",\"What is macroeconomics\"],\"articleSection\":[\"Politics and Economics\"],\"inLanguage\":\"en-US\",\"potentialAction\":[{\"@type\":\"CommentAction\",\"name\":\"Comment\",\"target\":[\"https:\\\/\\\/mundoitam.com\\\/en\\\/2020\\\/11\\\/07\\\/macroeconomics-at-itam-2018-meeting-of-the-society-for-economic-dynamics\\\/#respond\"]}]},{\"@type\":\"WebPage\",\"@id\":\"https:\\\/\\\/mundoitam.com\\\/en\\\/2020\\\/11\\\/07\\\/macroeconomics-at-itam-2018-meeting-of-the-society-for-economic-dynamics\\\/\",\"url\":\"https:\\\/\\\/mundoitam.com\\\/en\\\/2020\\\/11\\\/07\\\/macroeconomics-at-itam-2018-meeting-of-the-society-for-economic-dynamics\\\/\",\"name\":\"Macroeconomics: SED economists meet at ITAM\",\"isPartOf\":{\"@id\":\"https:\\\/\\\/mundoitam.com\\\/en\\\/#website\"},\"primaryImageOfPage\":{\"@id\":\"https:\\\/\\\/mundoitam.com\\\/en\\\/2020\\\/11\\\/07\\\/macroeconomics-at-itam-2018-meeting-of-the-society-for-economic-dynamics\\\/#primaryimage\"},\"image\":{\"@id\":\"https:\\\/\\\/mundoitam.com\\\/en\\\/2020\\\/11\\\/07\\\/macroeconomics-at-itam-2018-meeting-of-the-society-for-economic-dynamics\\\/#primaryimage\"},\"thumbnailUrl\":\"https:\\\/\\\/mundoitam.com\\\/wp-content\\\/uploads\\\/2018\\\/08\\\/51A5r-X4M0L._SX315_BO1204203200_.jpg\",\"datePublished\":\"2020-11-08T04:01:20+00:00\",\"dateModified\":\"2020-11-09T03:39:55+00:00\",\"description\":\"For the second time, ITAM hosted the annual meeting of the Society for Economic Dynamics (SED), a key body in macroeconomic research\",\"breadcrumb\":{\"@id\":\"https:\\\/\\\/mundoitam.com\\\/en\\\/2020\\\/11\\\/07\\\/macroeconomics-at-itam-2018-meeting-of-the-society-for-economic-dynamics\\\/#breadcrumb\"},\"inLanguage\":\"en-US\",\"potentialAction\":[{\"@type\":\"ReadAction\",\"target\":[\"https:\\\/\\\/mundoitam.com\\\/en\\\/2020\\\/11\\\/07\\\/macroeconomics-at-itam-2018-meeting-of-the-society-for-economic-dynamics\\\/\"]}]},{\"@type\":\"ImageObject\",\"inLanguage\":\"en-US\",\"@id\":\"https:\\\/\\\/mundoitam.com\\\/en\\\/2020\\\/11\\\/07\\\/macroeconomics-at-itam-2018-meeting-of-the-society-for-economic-dynamics\\\/#primaryimage\",\"url\":\"https:\\\/\\\/mundoitam.com\\\/wp-content\\\/uploads\\\/2018\\\/08\\\/51A5r-X4M0L._SX315_BO1204203200_.jpg\",\"contentUrl\":\"https:\\\/\\\/mundoitam.com\\\/wp-content\\\/uploads\\\/2018\\\/08\\\/51A5r-X4M0L._SX315_BO1204203200_.jpg\"},{\"@type\":\"BreadcrumbList\",\"@id\":\"https:\\\/\\\/mundoitam.com\\\/en\\\/2020\\\/11\\\/07\\\/macroeconomics-at-itam-2018-meeting-of-the-society-for-economic-dynamics\\\/#breadcrumb\",\"itemListElement\":[{\"@type\":\"ListItem\",\"position\":1,\"name\":\"Portada\",\"item\":\"https:\\\/\\\/mundoitam.com\\\/en\\\/\"},{\"@type\":\"ListItem\",\"position\":2,\"name\":\"Macroeconomics at ITAM: 2018 Meeting of the Society for Economic Dynamics\"}]},{\"@type\":\"WebSite\",\"@id\":\"https:\\\/\\\/mundoitam.com\\\/en\\\/#website\",\"url\":\"https:\\\/\\\/mundoitam.com\\\/en\\\/\",\"name\":\"Mundo ITAM\",\"description\":\"ITAM's digital media\",\"publisher\":{\"@id\":\"https:\\\/\\\/mundoitam.com\\\/en\\\/#organization\"},\"potentialAction\":[{\"@type\":\"SearchAction\",\"target\":{\"@type\":\"EntryPoint\",\"urlTemplate\":\"https:\\\/\\\/mundoitam.com\\\/en\\\/?s={search_term_string}\"},\"query-input\":{\"@type\":\"PropertyValueSpecification\",\"valueRequired\":true,\"valueName\":\"search_term_string\"}}],\"inLanguage\":\"en-US\"},{\"@type\":\"Organization\",\"@id\":\"https:\\\/\\\/mundoitam.com\\\/en\\\/#organization\",\"name\":\"ITAM\",\"url\":\"https:\\\/\\\/mundoitam.com\\\/en\\\/\",\"logo\":{\"@type\":\"ImageObject\",\"inLanguage\":\"en-US\",\"@id\":\"https:\\\/\\\/mundoitam.com\\\/en\\\/#\\\/schema\\\/logo\\\/image\\\/\",\"url\":\"https:\\\/\\\/i0.wp.com\\\/mundoitam.com\\\/wp-content\\\/uploads\\\/2018\\\/04\\\/unnamed.jpg?fit=900%2C900&ssl=1\",\"contentUrl\":\"https:\\\/\\\/i0.wp.com\\\/mundoitam.com\\\/wp-content\\\/uploads\\\/2018\\\/04\\\/unnamed.jpg?fit=900%2C900&ssl=1\",\"width\":900,\"height\":900,\"caption\":\"ITAM\"},\"image\":{\"@id\":\"https:\\\/\\\/mundoitam.com\\\/en\\\/#\\\/schema\\\/logo\\\/image\\\/\"},\"sameAs\":[\"https:\\\/\\\/www.facebook.com\\\/itam.mx\\\/\",\"https:\\\/\\\/x.com\\\/ITAM_mx\"]},{\"@type\":\"Person\",\"@id\":\"https:\\\/\\\/mundoitam.com\\\/en\\\/#\\\/schema\\\/person\\\/d1c2a212b8cca3de9f3e2092961fe46c\",\"name\":\"Mundo ITAM\",\"image\":{\"@type\":\"ImageObject\",\"inLanguage\":\"en-US\",\"@id\":\"https:\\\/\\\/secure.gravatar.com\\\/avatar\\\/effa39c51b7a22496338eaaffc67c59dcdc37718d0646f09dc7d534e3111533f?s=96&d=identicon&r=g\",\"url\":\"https:\\\/\\\/secure.gravatar.com\\\/avatar\\\/effa39c51b7a22496338eaaffc67c59dcdc37718d0646f09dc7d534e3111533f?s=96&d=identicon&r=g\",\"contentUrl\":\"https:\\\/\\\/secure.gravatar.com\\\/avatar\\\/effa39c51b7a22496338eaaffc67c59dcdc37718d0646f09dc7d534e3111533f?s=96&d=identicon&r=g\",\"caption\":\"Mundo ITAM\"},\"description\":\"Mundo ITAM es el blog oficial del Instituto Tecnol\u00f3gico Aut\u00f3nomo de M\u00e9xico. Aqu\u00ed podr\u00e1s informarte y aprender acerca de los temas que acaparan los titulares en M\u00e9xico y el mundo, a partir de los textos y videos de nuestras conferencias. Podr\u00e1s conoce a nuestros profesores destacados, en los \u00e1mbitos p\u00fablico y privado de nuestro pa\u00eds, gracias a las entrevistas exclusivas que aqu\u00ed te presentamos.\",\"url\":\"https:\\\/\\\/mundoitam.com\\\/en\\\/author\\\/mundoitam\\\/\"}]}<\/script>\n<!-- \/ Yoast SEO plugin. -->","yoast_head_json":{"title":"Macroeconomics: SED economists meet at ITAM","description":"For the second time, ITAM hosted the annual meeting of the Society for Economic Dynamics (SED), a key body in macroeconomic research","robots":{"index":"index","follow":"follow","max-snippet":"max-snippet:-1","max-image-preview":"max-image-preview:large","max-video-preview":"max-video-preview:-1"},"canonical":"https:\/\/mundoitam.com\/en\/2020\/11\/07\/macroeconomics-at-itam-2018-meeting-of-the-society-for-economic-dynamics\/","og_locale":"en_US","og_type":"article","og_title":"Macroeconomics: SED economists meet at ITAM","og_description":"For the second time, ITAM hosted the annual meeting of the Society for Economic Dynamics (SED), a key body in macroeconomic research","og_url":"https:\/\/mundoitam.com\/en\/2020\/11\/07\/macroeconomics-at-itam-2018-meeting-of-the-society-for-economic-dynamics\/","og_site_name":"Mundo ITAM","article_publisher":"https:\/\/www.facebook.com\/itam.mx\/","article_published_time":"2020-11-08T04:01:20+00:00","article_modified_time":"2020-11-09T03:39:55+00:00","og_image":[{"url":"https:\/\/mundoitam.com\/wp-content\/uploads\/2018\/08\/51A5r-X4M0L._SX315_BO1204203200_.jpg","type":"","width":"","height":""}],"author":"Mundo ITAM","twitter_card":"summary_large_image","twitter_creator":"@ITAM_mx","twitter_site":"@ITAM_mx","twitter_misc":{"Written by":"Mundo ITAM","Est. reading time":"6 minutes"},"schema":{"@context":"https:\/\/schema.org","@graph":[{"@type":"Article","@id":"https:\/\/mundoitam.com\/en\/2020\/11\/07\/macroeconomics-at-itam-2018-meeting-of-the-society-for-economic-dynamics\/#article","isPartOf":{"@id":"https:\/\/mundoitam.com\/en\/2020\/11\/07\/macroeconomics-at-itam-2018-meeting-of-the-society-for-economic-dynamics\/"},"author":{"name":"Mundo ITAM","@id":"https:\/\/mundoitam.com\/en\/#\/schema\/person\/d1c2a212b8cca3de9f3e2092961fe46c"},"headline":"Macroeconomics at ITAM: 2018 Meeting of the Society for Economic Dynamics","datePublished":"2020-11-08T04:01:20+00:00","dateModified":"2020-11-09T03:39:55+00:00","mainEntityOfPage":{"@id":"https:\/\/mundoitam.com\/en\/2020\/11\/07\/macroeconomics-at-itam-2018-meeting-of-the-society-for-economic-dynamics\/"},"wordCount":1269,"commentCount":0,"publisher":{"@id":"https:\/\/mundoitam.com\/en\/#organization"},"image":{"@id":"https:\/\/mundoitam.com\/en\/2020\/11\/07\/macroeconomics-at-itam-2018-meeting-of-the-society-for-economic-dynamics\/#primaryimage"},"thumbnailUrl":"https:\/\/mundoitam.com\/wp-content\/uploads\/2018\/08\/51A5r-X4M0L._SX315_BO1204203200_.jpg","keywords":["macroeconomics","macroeconomics ITAM","SED","SED Anual Meeting ITAM","Society for Economic Dyanmics","society for economic dynammics 2018","What is macroeconomics"],"articleSection":["Politics and Economics"],"inLanguage":"en-US","potentialAction":[{"@type":"CommentAction","name":"Comment","target":["https:\/\/mundoitam.com\/en\/2020\/11\/07\/macroeconomics-at-itam-2018-meeting-of-the-society-for-economic-dynamics\/#respond"]}]},{"@type":"WebPage","@id":"https:\/\/mundoitam.com\/en\/2020\/11\/07\/macroeconomics-at-itam-2018-meeting-of-the-society-for-economic-dynamics\/","url":"https:\/\/mundoitam.com\/en\/2020\/11\/07\/macroeconomics-at-itam-2018-meeting-of-the-society-for-economic-dynamics\/","name":"Macroeconomics: SED economists meet at ITAM","isPartOf":{"@id":"https:\/\/mundoitam.com\/en\/#website"},"primaryImageOfPage":{"@id":"https:\/\/mundoitam.com\/en\/2020\/11\/07\/macroeconomics-at-itam-2018-meeting-of-the-society-for-economic-dynamics\/#primaryimage"},"image":{"@id":"https:\/\/mundoitam.com\/en\/2020\/11\/07\/macroeconomics-at-itam-2018-meeting-of-the-society-for-economic-dynamics\/#primaryimage"},"thumbnailUrl":"https:\/\/mundoitam.com\/wp-content\/uploads\/2018\/08\/51A5r-X4M0L._SX315_BO1204203200_.jpg","datePublished":"2020-11-08T04:01:20+00:00","dateModified":"2020-11-09T03:39:55+00:00","description":"For the second time, ITAM hosted the annual meeting of the Society for Economic Dynamics (SED), a key body in macroeconomic research","breadcrumb":{"@id":"https:\/\/mundoitam.com\/en\/2020\/11\/07\/macroeconomics-at-itam-2018-meeting-of-the-society-for-economic-dynamics\/#breadcrumb"},"inLanguage":"en-US","potentialAction":[{"@type":"ReadAction","target":["https:\/\/mundoitam.com\/en\/2020\/11\/07\/macroeconomics-at-itam-2018-meeting-of-the-society-for-economic-dynamics\/"]}]},{"@type":"ImageObject","inLanguage":"en-US","@id":"https:\/\/mundoitam.com\/en\/2020\/11\/07\/macroeconomics-at-itam-2018-meeting-of-the-society-for-economic-dynamics\/#primaryimage","url":"https:\/\/mundoitam.com\/wp-content\/uploads\/2018\/08\/51A5r-X4M0L._SX315_BO1204203200_.jpg","contentUrl":"https:\/\/mundoitam.com\/wp-content\/uploads\/2018\/08\/51A5r-X4M0L._SX315_BO1204203200_.jpg"},{"@type":"BreadcrumbList","@id":"https:\/\/mundoitam.com\/en\/2020\/11\/07\/macroeconomics-at-itam-2018-meeting-of-the-society-for-economic-dynamics\/#breadcrumb","itemListElement":[{"@type":"ListItem","position":1,"name":"Portada","item":"https:\/\/mundoitam.com\/en\/"},{"@type":"ListItem","position":2,"name":"Macroeconomics at ITAM: 2018 Meeting of the Society for Economic Dynamics"}]},{"@type":"WebSite","@id":"https:\/\/mundoitam.com\/en\/#website","url":"https:\/\/mundoitam.com\/en\/","name":"Mundo ITAM","description":"ITAM's digital media","publisher":{"@id":"https:\/\/mundoitam.com\/en\/#organization"},"potentialAction":[{"@type":"SearchAction","target":{"@type":"EntryPoint","urlTemplate":"https:\/\/mundoitam.com\/en\/?s={search_term_string}"},"query-input":{"@type":"PropertyValueSpecification","valueRequired":true,"valueName":"search_term_string"}}],"inLanguage":"en-US"},{"@type":"Organization","@id":"https:\/\/mundoitam.com\/en\/#organization","name":"ITAM","url":"https:\/\/mundoitam.com\/en\/","logo":{"@type":"ImageObject","inLanguage":"en-US","@id":"https:\/\/mundoitam.com\/en\/#\/schema\/logo\/image\/","url":"https:\/\/i0.wp.com\/mundoitam.com\/wp-content\/uploads\/2018\/04\/unnamed.jpg?fit=900%2C900&ssl=1","contentUrl":"https:\/\/i0.wp.com\/mundoitam.com\/wp-content\/uploads\/2018\/04\/unnamed.jpg?fit=900%2C900&ssl=1","width":900,"height":900,"caption":"ITAM"},"image":{"@id":"https:\/\/mundoitam.com\/en\/#\/schema\/logo\/image\/"},"sameAs":["https:\/\/www.facebook.com\/itam.mx\/","https:\/\/x.com\/ITAM_mx"]},{"@type":"Person","@id":"https:\/\/mundoitam.com\/en\/#\/schema\/person\/d1c2a212b8cca3de9f3e2092961fe46c","name":"Mundo ITAM","image":{"@type":"ImageObject","inLanguage":"en-US","@id":"https:\/\/secure.gravatar.com\/avatar\/effa39c51b7a22496338eaaffc67c59dcdc37718d0646f09dc7d534e3111533f?s=96&d=identicon&r=g","url":"https:\/\/secure.gravatar.com\/avatar\/effa39c51b7a22496338eaaffc67c59dcdc37718d0646f09dc7d534e3111533f?s=96&d=identicon&r=g","contentUrl":"https:\/\/secure.gravatar.com\/avatar\/effa39c51b7a22496338eaaffc67c59dcdc37718d0646f09dc7d534e3111533f?s=96&d=identicon&r=g","caption":"Mundo ITAM"},"description":"Mundo ITAM es el blog oficial del Instituto Tecnol\u00f3gico Aut\u00f3nomo de M\u00e9xico. Aqu\u00ed podr\u00e1s informarte y aprender acerca de los temas que acaparan los titulares en M\u00e9xico y el mundo, a partir de los textos y videos de nuestras conferencias. Podr\u00e1s conoce a nuestros profesores destacados, en los \u00e1mbitos p\u00fablico y privado de nuestro pa\u00eds, gracias a las entrevistas exclusivas que aqu\u00ed te presentamos.","url":"https:\/\/mundoitam.com\/en\/author\/mundoitam\/"}]}},"jetpack_publicize_connections":[],"jetpack_featured_media_url":"","jetpack_sharing_enabled":true,"jetpack_shortlink":"https:\/\/wp.me\/pCVpr-4dP","jetpack_likes_enabled":true,"jetpack-related-posts":[{"id":15757,"url":"https:\/\/mundoitam.com\/en\/2020\/09\/25\/rafael-guerra-a-student-who-transformed-challenges-into-commitment\/","url_meta":{"origin":16233,"position":0},"title":"Rafael Guerra, a Student Who Transformed Challenges into Commitment","author":"Mundo ITAM","date":"25 September 2020","format":"image","excerpt":"ITAM has a social commitment with the young talents of Mexico.","rel":"","context":"In &quot;Education and Social Responsability&quot;","block_context":{"text":"Education and Social Responsability","link":"https:\/\/mundoitam.com\/en\/category\/education-and-social-responsability\/"},"img":{"alt_text":"Rafael Guerra. PHOTO: ITAM","src":"https:\/\/i0.wp.com\/mundoitam.com\/wp-content\/uploads\/2018\/08\/Captura-de-pantalla-2018-07-20-10.06.03.png?fit=1200%2C675&ssl=1&resize=350%2C200","width":350,"height":200,"srcset":"https:\/\/i0.wp.com\/mundoitam.com\/wp-content\/uploads\/2018\/08\/Captura-de-pantalla-2018-07-20-10.06.03.png?fit=1200%2C675&ssl=1&resize=350%2C200 1x, https:\/\/i0.wp.com\/mundoitam.com\/wp-content\/uploads\/2018\/08\/Captura-de-pantalla-2018-07-20-10.06.03.png?fit=1200%2C675&ssl=1&resize=525%2C300 1.5x, https:\/\/i0.wp.com\/mundoitam.com\/wp-content\/uploads\/2018\/08\/Captura-de-pantalla-2018-07-20-10.06.03.png?fit=1200%2C675&ssl=1&resize=700%2C400 2x, https:\/\/i0.wp.com\/mundoitam.com\/wp-content\/uploads\/2018\/08\/Captura-de-pantalla-2018-07-20-10.06.03.png?fit=1200%2C675&ssl=1&resize=1050%2C600 3x"},"classes":[]},{"id":22648,"url":"https:\/\/mundoitam.com\/en\/2023\/02\/03\/jose-maria-barrero-research-dont-force-people-to-come-back-to-the-office-full-time\/","url_meta":{"origin":16233,"position":1},"title":"Jos\u00e9 Mar\u00eda Barrero Research | Don\u2019t Force People to Come Back to the Office Full Time","author":"Mundo ITAM","date":"3 February 2023","format":false,"excerpt":"\"Home office is here to stay\" Jos\u00e9 Mar\u00eda Barrero states. Learn about the implications Covid-19 has had in the professional world with this research capsule.","rel":"","context":"In &quot;Meet the Faculty&quot;","block_context":{"text":"Meet the Faculty","link":"https:\/\/mundoitam.com\/en\/category\/meet-the-faculty\/"},"img":{"alt_text":"Jos\u00e9 Mar\u00eda Barrero","src":"https:\/\/i0.wp.com\/mundoitam.com\/wp-content\/uploads\/2023\/02\/Jose-Maria-Barrero.jpg?fit=960%2C960&ssl=1&resize=350%2C200","width":350,"height":200,"srcset":"https:\/\/i0.wp.com\/mundoitam.com\/wp-content\/uploads\/2023\/02\/Jose-Maria-Barrero.jpg?fit=960%2C960&ssl=1&resize=350%2C200 1x, https:\/\/i0.wp.com\/mundoitam.com\/wp-content\/uploads\/2023\/02\/Jose-Maria-Barrero.jpg?fit=960%2C960&ssl=1&resize=525%2C300 1.5x, https:\/\/i0.wp.com\/mundoitam.com\/wp-content\/uploads\/2023\/02\/Jose-Maria-Barrero.jpg?fit=960%2C960&ssl=1&resize=700%2C400 2x"},"classes":[]},{"id":16968,"url":"https:\/\/mundoitam.com\/en\/2021\/03\/05\/challenges-in-mexico-city-2021-2024\/","url_meta":{"origin":16233,"position":2},"title":"Challenges in Mexico City 2021-2024","author":"Mundo ITAM","date":"5 March 2021","format":false,"excerpt":"In June 2021, Mexico will hold federal elections. This proposes different challenges, so on February 18 the first gathering for alumni was held with the theme: \"Challenges in Mexico City 2021-2024\", an event organized by Xiuh Tenorio - President of the Alumni Association - and the Alumni Office. In this\u2026","rel":"","context":"In &quot;Politics and Economics&quot;","block_context":{"text":"Politics and Economics","link":"https:\/\/mundoitam.com\/en\/category\/politics-and-economics\/"},"img":{"alt_text":"Ana Monta\u00f1o, moderadora del evento","src":"https:\/\/i0.wp.com\/mundoitam.com\/wp-content\/uploads\/2021\/03\/Captura-de-Pantalla-2021-03-01-a-las-16.22.22-300x166.png?resize=350%2C200&ssl=1","width":350,"height":200},"classes":[]},{"id":16230,"url":"https:\/\/mundoitam.com\/en\/2020\/11\/07\/european-union-experts-update-in-itam-classrooms\/","url_meta":{"origin":16233,"position":3},"title":"European Union Experts Update in ITAM Classrooms","author":"Mundo ITAM","date":"7 November 2020","format":false,"excerpt":"Indicative Program for academics & experts of EU Affairs at ITAM, a project organized and funded by the European Union that has the purpose of updating and discussing with attendees the political and economic issues that involve this political community.","rel":"","context":"In &quot;Politics and Economics&quot;","block_context":{"text":"Politics and Economics","link":"https:\/\/mundoitam.com\/en\/category\/politics-and-economics\/"},"img":{"alt_text":"Erika Guzm\u00e1n, Stephan Sberro, Carme Colomina, Claudia Casta\u00f1eda y Jes\u00fas Ballesteros en el Seminario del Colegio de Europa. Foto: ITAM","src":"https:\/\/i0.wp.com\/mundoitam.com\/wp-content\/uploads\/2018\/08\/Erika-Guzm%C3%A1n-Stephan-Sberro-Carme-Colomina-Claudia-Casta%C3%B1eda-y-Jes%C3%BAs-Ballesteros-en-el-Seminario-del-Colegio-de-Europa-e1533320763876-892x1024.jpg?resize=350%2C200&ssl=1","width":350,"height":200,"srcset":"https:\/\/i0.wp.com\/mundoitam.com\/wp-content\/uploads\/2018\/08\/Erika-Guzm%C3%A1n-Stephan-Sberro-Carme-Colomina-Claudia-Casta%C3%B1eda-y-Jes%C3%BAs-Ballesteros-en-el-Seminario-del-Colegio-de-Europa-e1533320763876-892x1024.jpg?resize=350%2C200&ssl=1 1x, https:\/\/i0.wp.com\/mundoitam.com\/wp-content\/uploads\/2018\/08\/Erika-Guzm%C3%A1n-Stephan-Sberro-Carme-Colomina-Claudia-Casta%C3%B1eda-y-Jes%C3%BAs-Ballesteros-en-el-Seminario-del-Colegio-de-Europa-e1533320763876-892x1024.jpg?resize=525%2C300&ssl=1 1.5x, https:\/\/i0.wp.com\/mundoitam.com\/wp-content\/uploads\/2018\/08\/Erika-Guzm%C3%A1n-Stephan-Sberro-Carme-Colomina-Claudia-Casta%C3%B1eda-y-Jes%C3%BAs-Ballesteros-en-el-Seminario-del-Colegio-de-Europa-e1533320763876-892x1024.jpg?resize=700%2C400&ssl=1 2x"},"classes":[]},{"id":16792,"url":"https:\/\/mundoitam.com\/en\/2021\/02\/15\/2021-economic-outlook-seminar-how-to-accelerate-the-economic-recovery\/","url_meta":{"origin":16233,"position":4},"title":"2021 Economic Outlook Seminar: How to accelerate the economic recovery","author":"Mundo ITAM","date":"15 February 2021","format":"image","excerpt":"The ITAM 2021 Economic Outlook Seminar focused on how to accelerate the recovery of the economy after the crisis derived from the pandemic. Those who participated in the seminar include Finance Minister Arturo Herrero, Banco de M\u00e9xico Governor Alejandro D\u00edaz de Le\u00f3n, among other prominent speakers. The Post Covid-19 Economic\u2026","rel":"","context":"In &quot;Politics and Economics&quot;","block_context":{"text":"Politics and Economics","link":"https:\/\/mundoitam.com\/en\/category\/politics-and-economics\/"},"img":{"alt_text":"","src":"https:\/\/i0.wp.com\/mundoitam.com\/wp-content\/uploads\/2021\/01\/SPE2021-01-nombres-1.jpg?fit=1200%2C621&ssl=1&resize=350%2C200","width":350,"height":200,"srcset":"https:\/\/i0.wp.com\/mundoitam.com\/wp-content\/uploads\/2021\/01\/SPE2021-01-nombres-1.jpg?fit=1200%2C621&ssl=1&resize=350%2C200 1x, https:\/\/i0.wp.com\/mundoitam.com\/wp-content\/uploads\/2021\/01\/SPE2021-01-nombres-1.jpg?fit=1200%2C621&ssl=1&resize=525%2C300 1.5x, https:\/\/i0.wp.com\/mundoitam.com\/wp-content\/uploads\/2021\/01\/SPE2021-01-nombres-1.jpg?fit=1200%2C621&ssl=1&resize=700%2C400 2x, https:\/\/i0.wp.com\/mundoitam.com\/wp-content\/uploads\/2021\/01\/SPE2021-01-nombres-1.jpg?fit=1200%2C621&ssl=1&resize=1050%2C600 3x"},"classes":[]},{"id":10697,"url":"https:\/\/mundoitam.com\/en\/2018\/10\/10\/deglobalization-cyclical-or-structural-challenge\/","url_meta":{"origin":16233,"position":5},"title":"\u201cDeglobalization? Cyclical or structural? Challenge, Opportunity or Catastrophe?\u201d, conference by Dr. Ernesto Zedillo","author":"Mundo ITAM","date":"10 October 2018","format":false,"excerpt":"Dr. Ernesto Zedillo presents his thoughts on the current state of globalization and the recent developments in Mexico-US relations at ITAM","rel":"","context":"In &quot;Conferencias&quot;","block_context":{"text":"Conferencias","link":"https:\/\/mundoitam.com\/category\/conferencias\/"},"img":{"alt_text":"","src":"https:\/\/i0.wp.com\/mundoitam.com\/wp-content\/uploads\/2017\/10\/DSC_0191.jpg?fit=1200%2C800&ssl=1&resize=350%2C200","width":350,"height":200,"srcset":"https:\/\/i0.wp.com\/mundoitam.com\/wp-content\/uploads\/2017\/10\/DSC_0191.jpg?fit=1200%2C800&ssl=1&resize=350%2C200 1x, https:\/\/i0.wp.com\/mundoitam.com\/wp-content\/uploads\/2017\/10\/DSC_0191.jpg?fit=1200%2C800&ssl=1&resize=525%2C300 1.5x, https:\/\/i0.wp.com\/mundoitam.com\/wp-content\/uploads\/2017\/10\/DSC_0191.jpg?fit=1200%2C800&ssl=1&resize=700%2C400 2x, https:\/\/i0.wp.com\/mundoitam.com\/wp-content\/uploads\/2017\/10\/DSC_0191.jpg?fit=1200%2C800&ssl=1&resize=1050%2C600 3x"},"classes":[]}],"amp_enabled":true,"_links":{"self":[{"href":"https:\/\/mundoitam.com\/en\/wp-json\/wp\/v2\/posts\/16233","targetHints":{"allow":["GET"]}}],"collection":[{"href":"https:\/\/mundoitam.com\/en\/wp-json\/wp\/v2\/posts"}],"about":[{"href":"https:\/\/mundoitam.com\/en\/wp-json\/wp\/v2\/types\/post"}],"author":[{"embeddable":true,"href":"https:\/\/mundoitam.com\/en\/wp-json\/wp\/v2\/users\/10"}],"replies":[{"embeddable":true,"href":"https:\/\/mundoitam.com\/en\/wp-json\/wp\/v2\/comments?post=16233"}],"version-history":[{"count":10,"href":"https:\/\/mundoitam.com\/en\/wp-json\/wp\/v2\/posts\/16233\/revisions"}],"predecessor-version":[{"id":16243,"href":"https:\/\/mundoitam.com\/en\/wp-json\/wp\/v2\/posts\/16233\/revisions\/16243"}],"wp:attachment":[{"href":"https:\/\/mundoitam.com\/en\/wp-json\/wp\/v2\/media?parent=16233"}],"wp:term":[{"taxonomy":"category","embeddable":true,"href":"https:\/\/mundoitam.com\/en\/wp-json\/wp\/v2\/categories?post=16233"},{"taxonomy":"post_tag","embeddable":true,"href":"https:\/\/mundoitam.com\/en\/wp-json\/wp\/v2\/tags?post=16233"}],"curies":[{"name":"wp","href":"https:\/\/api.w.org\/{rel}","templated":true}]}}