{"id":16335,"date":"2020-11-26T12:50:51","date_gmt":"2020-11-26T17:50:51","guid":{"rendered":"https:\/\/mundoitam.com\/2020\/11\/26\/itam-and-ie-university-sign-an-agreement-to-offer-a-double-degree-in-law\/"},"modified":"2020-11-26T12:50:51","modified_gmt":"2020-11-26T17:50:51","slug":"itam-and-ie-university-sign-an-agreement-to-offer-a-double-degree-in-law","status":"publish","type":"post","link":"https:\/\/mundoitam.com\/en\/2020\/11\/26\/itam-and-ie-university-sign-an-agreement-to-offer-a-double-degree-in-law\/","title":{"rendered":"ITAM and IE University sign an agreement to offer a double degree in Law"},"content":{"rendered":"<p>The Academic Department of Law of ITAM, and IE Law School of IE University (Madrid) have signed a collaboration agreement to offer a new <strong>Double Degree Program in Law for both institutions<\/strong>. This program will allow <strong>law students to obtain two degrees<\/strong>: the Bachelor&#8217;s Degree in Law (adapted to the Bologna Process, accredited by the Spanish government and the European Higher Education Area) and the Bachelor&#8217;s Degree in Law (professional title awarded by Mexican authorities) .<\/p><div class=\"mundo-contenido\" style=\"margin-top: 20px;margin-bottom: 20px;\" id=\"mundo-1207570930\"><style type=\"text\/css\">\r\n .ad-square h3 { \r\n\tfont-size: 11px;\r\n    font-weight: 300;\r\n    letter-spacing: 2.3px;\r\n    color: #6a6c6e;\r\n    font-weight: normal;\r\n    margin: 18px 0;  \r\n\tfont-family: \"Lato\", \"Helvetica Neue\", Helvetica, Arial, sans-serif;\r\n\t}\r\n<\/style>\r\n\r\n<!--<center> <div class=\"ad-square\">\r\n\t\t\t\t\t\t\t<h3>ANUNCIO<\/h3>\r\n<a href=\"https:\/\/noche.itam.mx\/\" target=\"_blank\"><img decoding=\"async\" width=\"300\" src=\"https:\/\/mundoitam.com\/wp-content\/uploads\/2021\/11\/noche-itam-v2.png\" alt=\"Anuncio\" style=\"border: none; display: block;\"><\/a>\r\n\r\n<\/div> <\/center>--><\/div>\n<p><strong><span style=\"font-size: 18pt; color: #000000;\">Why get a double degree in law?<\/span><\/strong><\/p>\n<p>Students of the program will be able to study the <strong>first three years of the Law Degree at IE University in Madrid, Spain, and the last two years at ITAM, in Mexico City<\/strong>. The goal of the agreement is to prepare lawyers who understand different legal systems and make it easier for them to practice their profession in other countries and to advance in the teaching of Law from a global and business perspective.<\/p>\n<blockquote><p>\u201cThis agreement between IE Law School and ITAM consolidates our commitment to training lawyers with an international orientation and allows us to offer unique training programs, whose graduates will be able to practice law in both countries: Spain and Mexico. Our Law School is proud to work with ITAM and to continue promoting the teaching of Law with a global perspective \u201d, said the Dean of IE Law School, Soledad Atienza.<\/p><\/blockquote>\n<p><strong><span style=\"color: #000000; font-size: 18pt;\">International lawyers for a globalized world<\/span><\/strong><\/p>\n<blockquote><p>\u201cWe believe that a cutting-edge, functional, and global advocacy is the best path for the legal profession of the future. The agreement between IE Law School and ITAM is a tool that will allow graduates to do just that: to be global lawyers. We are very happy to work closely with IE Law School, a pioneer and advanced institution in the global education of the legal profession, in an alliance that will only result in the best generations of lawyers \u201d, assured Jorge Cerdio, Head of the Academic Department of Law ITAM.<\/p><\/blockquote>\n<p>The students who graduate from this program, due to their double degree in law, will be trained to practice law at an international level, not only through the methodology of comparative law, but will also understand the complete study of the Spanish and Mexican legal systems.<\/p>\n<p>As active members of the Law Schools Global League, ITAM and IE Law School are committed to global legal education and academic research. Both institutions maintain a close collaboration and, in addition, this recent agreement includes other joint activities such as their participation in the <strong>Blueprint for Global Legal Education<\/strong>, an international research initiative that develops a model for global legal training that allows understanding and knowing the impact of globalization and technology in world legal education. The results of this research will be presented this November at the IBA annual conference.<\/p>\n<div class=\"mundo-despues-del-contenido\" id=\"mundo-3559959510\"><style type=\"text\/css\">\r\n .ad-square h3 { \r\n\tfont-size: 11px;\r\n    font-weight: 300;\r\n    letter-spacing: 2.3px;\r\n    color: #6a6c6e;\r\n    font-weight: normal;\r\n    margin: 18px 0;  \r\n\tfont-family: \"Lato\", \"Helvetica Neue\", Helvetica, Arial, sans-serif;\r\n\t}\r\n<\/style>\r\n\r\n<center> <div class=\"ad-square\">\r\n\t\t\t\t\t\t\t<h3>ANUNCIO<\/h3>\r\n<a href=\"https:\/\/aspirantes.itam.mx\/proceso-admision\/?utm_source=itam&utm_medium=mundoitam&utm_campaign=organico\" target=\"_blank\"><img decoding=\"async\" width=\"800\" src=\"https:\/\/mundoitam.com\/wp-content\/uploads\/2021\/06\/banner-aspitantes-1.png \" alt=\"Anuncio\" style=\"border: none; display: block;\"><\/a>\r\n\r\n<\/div> <\/center> <\/div>","protected":false},"excerpt":{"rendered":"<p>The Academic Department of Law of ITAM, and IE Law School of IE University (Madrid) have signed a collaboration agreement to offer a new Double Degree Program in Law for both institutions. This program will allow law students to obtain two degrees: the Bachelor&#8217;s Degree in Law (adapted to the Bologna Process, accredited by the&#8230; <\/p>\n<div class=\"link-more\"><a href=\"https:\/\/mundoitam.com\/en\/2020\/11\/26\/itam-and-ie-university-sign-an-agreement-to-offer-a-double-degree-in-law\/\">Read More<\/a><\/div>\n","protected":false},"author":10,"featured_media":16332,"comment_status":"open","ping_status":"open","sticky":false,"template":"","format":"standard","meta":{"_jetpack_newsletter_access":"","_jetpack_dont_email_post_to_subs":false,"_jetpack_newsletter_tier_id":0,"_jetpack_memberships_contains_paywalled_content":false,"_jetpack_memberships_contains_paid_content":false,"footnotes":"","jetpack_publicize_message":"","jetpack_publicize_feature_enabled":true,"jetpack_social_post_already_shared":true,"jetpack_social_options":{"image_generator_settings":{"template":"highway","default_image_id":0,"font":"","enabled":false},"version":2},"_wpas_customize_per_network":false,"jetpack_post_was_ever_published":false},"categories":[579146073],"tags":[579147033,579147032,579147031],"class_list":["post-16335","post","type-post","status-publish","format-standard","has-post-thumbnail","hentry","category-education-and-social-responsability","tag-blueprint-for-global-legal-education-en","tag-globalized-law","tag-ie-university-en"],"yoast_head":"<!-- This site is optimized with the Yoast SEO plugin v27.4 - https:\/\/yoast.com\/product\/yoast-seo-wordpress\/ -->\n<title>ITAM and IE University sign an agreement to offer a double degree in Law<\/title>\n<meta name=\"description\" content=\"The agreement will allow students to obtain a double degree in five years: the IE Law Degree and the Law Degree in Mexico.\" \/>\n<meta name=\"robots\" content=\"index, follow, max-snippet:-1, max-image-preview:large, max-video-preview:-1\" \/>\n<link rel=\"canonical\" href=\"https:\/\/mundoitam.com\/en\/2020\/11\/26\/itam-and-ie-university-sign-an-agreement-to-offer-a-double-degree-in-law\/\" \/>\n<meta property=\"og:locale\" content=\"en_US\" \/>\n<meta property=\"og:type\" content=\"article\" \/>\n<meta property=\"og:title\" content=\"ITAM and IE University sign an agreement to offer a double degree in Law\" \/>\n<meta property=\"og:description\" content=\"The agreement will allow students to obtain a double degree in five years: the IE Law Degree and the Law Degree in Mexico.\" \/>\n<meta property=\"og:url\" content=\"https:\/\/mundoitam.com\/en\/2020\/11\/26\/itam-and-ie-university-sign-an-agreement-to-offer-a-double-degree-in-law\/\" \/>\n<meta property=\"og:site_name\" content=\"Mundo ITAM\" \/>\n<meta property=\"article:publisher\" content=\"https:\/\/www.facebook.com\/itam.mx\/\" \/>\n<meta property=\"article:published_time\" content=\"2020-11-26T17:50:51+00:00\" \/>\n<meta property=\"og:image\" content=\"https:\/\/mundoitam.com\/wp-content\/uploads\/2020\/11\/Doble-grado-ITAM-IE-1024x1024.png\" \/>\n\t<meta property=\"og:image:width\" content=\"1024\" \/>\n\t<meta property=\"og:image:height\" content=\"1024\" \/>\n\t<meta property=\"og:image:type\" content=\"image\/png\" \/>\n<meta name=\"author\" content=\"Mundo ITAM\" \/>\n<meta name=\"twitter:card\" content=\"summary_large_image\" \/>\n<meta name=\"twitter:creator\" content=\"@ITAM_mx\" \/>\n<meta name=\"twitter:site\" content=\"@ITAM_mx\" \/>\n<meta name=\"twitter:label1\" content=\"Written by\" \/>\n\t<meta name=\"twitter:data1\" content=\"Mundo ITAM\" \/>\n\t<meta name=\"twitter:label2\" content=\"Est. reading time\" \/>\n\t<meta name=\"twitter:data2\" content=\"2 minutes\" \/>\n<script type=\"application\/ld+json\" class=\"yoast-schema-graph\">{\"@context\":\"https:\\\/\\\/schema.org\",\"@graph\":[{\"@type\":\"Article\",\"@id\":\"https:\\\/\\\/mundoitam.com\\\/en\\\/2020\\\/11\\\/26\\\/itam-and-ie-university-sign-an-agreement-to-offer-a-double-degree-in-law\\\/#article\",\"isPartOf\":{\"@id\":\"https:\\\/\\\/mundoitam.com\\\/en\\\/2020\\\/11\\\/26\\\/itam-and-ie-university-sign-an-agreement-to-offer-a-double-degree-in-law\\\/\"},\"author\":{\"name\":\"Mundo ITAM\",\"@id\":\"https:\\\/\\\/mundoitam.com\\\/en\\\/#\\\/schema\\\/person\\\/d1c2a212b8cca3de9f3e2092961fe46c\"},\"headline\":\"ITAM and IE University sign an agreement to offer a double degree in Law\",\"datePublished\":\"2020-11-26T17:50:51+00:00\",\"mainEntityOfPage\":{\"@id\":\"https:\\\/\\\/mundoitam.com\\\/en\\\/2020\\\/11\\\/26\\\/itam-and-ie-university-sign-an-agreement-to-offer-a-double-degree-in-law\\\/\"},\"wordCount\":477,\"commentCount\":0,\"publisher\":{\"@id\":\"https:\\\/\\\/mundoitam.com\\\/en\\\/#organization\"},\"image\":{\"@id\":\"https:\\\/\\\/mundoitam.com\\\/en\\\/2020\\\/11\\\/26\\\/itam-and-ie-university-sign-an-agreement-to-offer-a-double-degree-in-law\\\/#primaryimage\"},\"thumbnailUrl\":\"https:\\\/\\\/i0.wp.com\\\/mundoitam.com\\\/wp-content\\\/uploads\\\/2020\\\/11\\\/Doble-grado-ITAM-IE.png?fit=1600%2C1600&ssl=1\",\"keywords\":[\"Blueprint for global legal education\",\"Globalized law\",\"IE University\"],\"articleSection\":[\"Education and Social Responsability\"],\"inLanguage\":\"en-US\",\"potentialAction\":[{\"@type\":\"CommentAction\",\"name\":\"Comment\",\"target\":[\"https:\\\/\\\/mundoitam.com\\\/en\\\/2020\\\/11\\\/26\\\/itam-and-ie-university-sign-an-agreement-to-offer-a-double-degree-in-law\\\/#respond\"]}]},{\"@type\":\"WebPage\",\"@id\":\"https:\\\/\\\/mundoitam.com\\\/en\\\/2020\\\/11\\\/26\\\/itam-and-ie-university-sign-an-agreement-to-offer-a-double-degree-in-law\\\/\",\"url\":\"https:\\\/\\\/mundoitam.com\\\/en\\\/2020\\\/11\\\/26\\\/itam-and-ie-university-sign-an-agreement-to-offer-a-double-degree-in-law\\\/\",\"name\":\"ITAM and IE University sign an agreement to offer a double degree in Law\",\"isPartOf\":{\"@id\":\"https:\\\/\\\/mundoitam.com\\\/en\\\/#website\"},\"primaryImageOfPage\":{\"@id\":\"https:\\\/\\\/mundoitam.com\\\/en\\\/2020\\\/11\\\/26\\\/itam-and-ie-university-sign-an-agreement-to-offer-a-double-degree-in-law\\\/#primaryimage\"},\"image\":{\"@id\":\"https:\\\/\\\/mundoitam.com\\\/en\\\/2020\\\/11\\\/26\\\/itam-and-ie-university-sign-an-agreement-to-offer-a-double-degree-in-law\\\/#primaryimage\"},\"thumbnailUrl\":\"https:\\\/\\\/i0.wp.com\\\/mundoitam.com\\\/wp-content\\\/uploads\\\/2020\\\/11\\\/Doble-grado-ITAM-IE.png?fit=1600%2C1600&ssl=1\",\"datePublished\":\"2020-11-26T17:50:51+00:00\",\"description\":\"The agreement will allow students to obtain a double degree in five years: the IE Law Degree and the Law Degree in Mexico.\",\"breadcrumb\":{\"@id\":\"https:\\\/\\\/mundoitam.com\\\/en\\\/2020\\\/11\\\/26\\\/itam-and-ie-university-sign-an-agreement-to-offer-a-double-degree-in-law\\\/#breadcrumb\"},\"inLanguage\":\"en-US\",\"potentialAction\":[{\"@type\":\"ReadAction\",\"target\":[\"https:\\\/\\\/mundoitam.com\\\/en\\\/2020\\\/11\\\/26\\\/itam-and-ie-university-sign-an-agreement-to-offer-a-double-degree-in-law\\\/\"]}]},{\"@type\":\"ImageObject\",\"inLanguage\":\"en-US\",\"@id\":\"https:\\\/\\\/mundoitam.com\\\/en\\\/2020\\\/11\\\/26\\\/itam-and-ie-university-sign-an-agreement-to-offer-a-double-degree-in-law\\\/#primaryimage\",\"url\":\"https:\\\/\\\/i0.wp.com\\\/mundoitam.com\\\/wp-content\\\/uploads\\\/2020\\\/11\\\/Doble-grado-ITAM-IE.png?fit=1600%2C1600&ssl=1\",\"contentUrl\":\"https:\\\/\\\/i0.wp.com\\\/mundoitam.com\\\/wp-content\\\/uploads\\\/2020\\\/11\\\/Doble-grado-ITAM-IE.png?fit=1600%2C1600&ssl=1\",\"width\":1600,\"height\":1600,\"caption\":\"ITAM e IE University anuncian doble grado en Derecho\"},{\"@type\":\"BreadcrumbList\",\"@id\":\"https:\\\/\\\/mundoitam.com\\\/en\\\/2020\\\/11\\\/26\\\/itam-and-ie-university-sign-an-agreement-to-offer-a-double-degree-in-law\\\/#breadcrumb\",\"itemListElement\":[{\"@type\":\"ListItem\",\"position\":1,\"name\":\"Portada\",\"item\":\"https:\\\/\\\/mundoitam.com\\\/en\\\/\"},{\"@type\":\"ListItem\",\"position\":2,\"name\":\"ITAM and IE University sign an agreement to offer a double degree in Law\"}]},{\"@type\":\"WebSite\",\"@id\":\"https:\\\/\\\/mundoitam.com\\\/en\\\/#website\",\"url\":\"https:\\\/\\\/mundoitam.com\\\/en\\\/\",\"name\":\"Mundo ITAM\",\"description\":\"ITAM's digital media\",\"publisher\":{\"@id\":\"https:\\\/\\\/mundoitam.com\\\/en\\\/#organization\"},\"potentialAction\":[{\"@type\":\"SearchAction\",\"target\":{\"@type\":\"EntryPoint\",\"urlTemplate\":\"https:\\\/\\\/mundoitam.com\\\/en\\\/?s={search_term_string}\"},\"query-input\":{\"@type\":\"PropertyValueSpecification\",\"valueRequired\":true,\"valueName\":\"search_term_string\"}}],\"inLanguage\":\"en-US\"},{\"@type\":\"Organization\",\"@id\":\"https:\\\/\\\/mundoitam.com\\\/en\\\/#organization\",\"name\":\"ITAM\",\"url\":\"https:\\\/\\\/mundoitam.com\\\/en\\\/\",\"logo\":{\"@type\":\"ImageObject\",\"inLanguage\":\"en-US\",\"@id\":\"https:\\\/\\\/mundoitam.com\\\/en\\\/#\\\/schema\\\/logo\\\/image\\\/\",\"url\":\"https:\\\/\\\/i0.wp.com\\\/mundoitam.com\\\/wp-content\\\/uploads\\\/2018\\\/04\\\/unnamed.jpg?fit=900%2C900&ssl=1\",\"contentUrl\":\"https:\\\/\\\/i0.wp.com\\\/mundoitam.com\\\/wp-content\\\/uploads\\\/2018\\\/04\\\/unnamed.jpg?fit=900%2C900&ssl=1\",\"width\":900,\"height\":900,\"caption\":\"ITAM\"},\"image\":{\"@id\":\"https:\\\/\\\/mundoitam.com\\\/en\\\/#\\\/schema\\\/logo\\\/image\\\/\"},\"sameAs\":[\"https:\\\/\\\/www.facebook.com\\\/itam.mx\\\/\",\"https:\\\/\\\/x.com\\\/ITAM_mx\"]},{\"@type\":\"Person\",\"@id\":\"https:\\\/\\\/mundoitam.com\\\/en\\\/#\\\/schema\\\/person\\\/d1c2a212b8cca3de9f3e2092961fe46c\",\"name\":\"Mundo ITAM\",\"image\":{\"@type\":\"ImageObject\",\"inLanguage\":\"en-US\",\"@id\":\"https:\\\/\\\/secure.gravatar.com\\\/avatar\\\/effa39c51b7a22496338eaaffc67c59dcdc37718d0646f09dc7d534e3111533f?s=96&d=identicon&r=g\",\"url\":\"https:\\\/\\\/secure.gravatar.com\\\/avatar\\\/effa39c51b7a22496338eaaffc67c59dcdc37718d0646f09dc7d534e3111533f?s=96&d=identicon&r=g\",\"contentUrl\":\"https:\\\/\\\/secure.gravatar.com\\\/avatar\\\/effa39c51b7a22496338eaaffc67c59dcdc37718d0646f09dc7d534e3111533f?s=96&d=identicon&r=g\",\"caption\":\"Mundo ITAM\"},\"description\":\"Mundo ITAM es el blog oficial del Instituto Tecnol\u00f3gico Aut\u00f3nomo de M\u00e9xico. Aqu\u00ed podr\u00e1s informarte y aprender acerca de los temas que acaparan los titulares en M\u00e9xico y el mundo, a partir de los textos y videos de nuestras conferencias. Podr\u00e1s conoce a nuestros profesores destacados, en los \u00e1mbitos p\u00fablico y privado de nuestro pa\u00eds, gracias a las entrevistas exclusivas que aqu\u00ed te presentamos.\",\"url\":\"https:\\\/\\\/mundoitam.com\\\/en\\\/author\\\/mundoitam\\\/\"}]}<\/script>\n<!-- \/ Yoast SEO plugin. -->","yoast_head_json":{"title":"ITAM and IE University sign an agreement to offer a double degree in Law","description":"The agreement will allow students to obtain a double degree in five years: the IE Law Degree and the Law Degree in Mexico.","robots":{"index":"index","follow":"follow","max-snippet":"max-snippet:-1","max-image-preview":"max-image-preview:large","max-video-preview":"max-video-preview:-1"},"canonical":"https:\/\/mundoitam.com\/en\/2020\/11\/26\/itam-and-ie-university-sign-an-agreement-to-offer-a-double-degree-in-law\/","og_locale":"en_US","og_type":"article","og_title":"ITAM and IE University sign an agreement to offer a double degree in Law","og_description":"The agreement will allow students to obtain a double degree in five years: the IE Law Degree and the Law Degree in Mexico.","og_url":"https:\/\/mundoitam.com\/en\/2020\/11\/26\/itam-and-ie-university-sign-an-agreement-to-offer-a-double-degree-in-law\/","og_site_name":"Mundo ITAM","article_publisher":"https:\/\/www.facebook.com\/itam.mx\/","article_published_time":"2020-11-26T17:50:51+00:00","og_image":[{"width":1024,"height":1024,"url":"https:\/\/mundoitam.com\/wp-content\/uploads\/2020\/11\/Doble-grado-ITAM-IE-1024x1024.png","type":"image\/png"}],"author":"Mundo ITAM","twitter_card":"summary_large_image","twitter_creator":"@ITAM_mx","twitter_site":"@ITAM_mx","twitter_misc":{"Written by":"Mundo ITAM","Est. reading time":"2 minutes"},"schema":{"@context":"https:\/\/schema.org","@graph":[{"@type":"Article","@id":"https:\/\/mundoitam.com\/en\/2020\/11\/26\/itam-and-ie-university-sign-an-agreement-to-offer-a-double-degree-in-law\/#article","isPartOf":{"@id":"https:\/\/mundoitam.com\/en\/2020\/11\/26\/itam-and-ie-university-sign-an-agreement-to-offer-a-double-degree-in-law\/"},"author":{"name":"Mundo ITAM","@id":"https:\/\/mundoitam.com\/en\/#\/schema\/person\/d1c2a212b8cca3de9f3e2092961fe46c"},"headline":"ITAM and IE University sign an agreement to offer a double degree in Law","datePublished":"2020-11-26T17:50:51+00:00","mainEntityOfPage":{"@id":"https:\/\/mundoitam.com\/en\/2020\/11\/26\/itam-and-ie-university-sign-an-agreement-to-offer-a-double-degree-in-law\/"},"wordCount":477,"commentCount":0,"publisher":{"@id":"https:\/\/mundoitam.com\/en\/#organization"},"image":{"@id":"https:\/\/mundoitam.com\/en\/2020\/11\/26\/itam-and-ie-university-sign-an-agreement-to-offer-a-double-degree-in-law\/#primaryimage"},"thumbnailUrl":"https:\/\/i0.wp.com\/mundoitam.com\/wp-content\/uploads\/2020\/11\/Doble-grado-ITAM-IE.png?fit=1600%2C1600&ssl=1","keywords":["Blueprint for global legal education","Globalized law","IE University"],"articleSection":["Education and Social Responsability"],"inLanguage":"en-US","potentialAction":[{"@type":"CommentAction","name":"Comment","target":["https:\/\/mundoitam.com\/en\/2020\/11\/26\/itam-and-ie-university-sign-an-agreement-to-offer-a-double-degree-in-law\/#respond"]}]},{"@type":"WebPage","@id":"https:\/\/mundoitam.com\/en\/2020\/11\/26\/itam-and-ie-university-sign-an-agreement-to-offer-a-double-degree-in-law\/","url":"https:\/\/mundoitam.com\/en\/2020\/11\/26\/itam-and-ie-university-sign-an-agreement-to-offer-a-double-degree-in-law\/","name":"ITAM and IE University sign an agreement to offer a double degree in Law","isPartOf":{"@id":"https:\/\/mundoitam.com\/en\/#website"},"primaryImageOfPage":{"@id":"https:\/\/mundoitam.com\/en\/2020\/11\/26\/itam-and-ie-university-sign-an-agreement-to-offer-a-double-degree-in-law\/#primaryimage"},"image":{"@id":"https:\/\/mundoitam.com\/en\/2020\/11\/26\/itam-and-ie-university-sign-an-agreement-to-offer-a-double-degree-in-law\/#primaryimage"},"thumbnailUrl":"https:\/\/i0.wp.com\/mundoitam.com\/wp-content\/uploads\/2020\/11\/Doble-grado-ITAM-IE.png?fit=1600%2C1600&ssl=1","datePublished":"2020-11-26T17:50:51+00:00","description":"The agreement will allow students to obtain a double degree in five years: the IE Law Degree and the Law Degree in Mexico.","breadcrumb":{"@id":"https:\/\/mundoitam.com\/en\/2020\/11\/26\/itam-and-ie-university-sign-an-agreement-to-offer-a-double-degree-in-law\/#breadcrumb"},"inLanguage":"en-US","potentialAction":[{"@type":"ReadAction","target":["https:\/\/mundoitam.com\/en\/2020\/11\/26\/itam-and-ie-university-sign-an-agreement-to-offer-a-double-degree-in-law\/"]}]},{"@type":"ImageObject","inLanguage":"en-US","@id":"https:\/\/mundoitam.com\/en\/2020\/11\/26\/itam-and-ie-university-sign-an-agreement-to-offer-a-double-degree-in-law\/#primaryimage","url":"https:\/\/i0.wp.com\/mundoitam.com\/wp-content\/uploads\/2020\/11\/Doble-grado-ITAM-IE.png?fit=1600%2C1600&ssl=1","contentUrl":"https:\/\/i0.wp.com\/mundoitam.com\/wp-content\/uploads\/2020\/11\/Doble-grado-ITAM-IE.png?fit=1600%2C1600&ssl=1","width":1600,"height":1600,"caption":"ITAM e IE University anuncian doble grado en Derecho"},{"@type":"BreadcrumbList","@id":"https:\/\/mundoitam.com\/en\/2020\/11\/26\/itam-and-ie-university-sign-an-agreement-to-offer-a-double-degree-in-law\/#breadcrumb","itemListElement":[{"@type":"ListItem","position":1,"name":"Portada","item":"https:\/\/mundoitam.com\/en\/"},{"@type":"ListItem","position":2,"name":"ITAM and IE University sign an agreement to offer a double degree in Law"}]},{"@type":"WebSite","@id":"https:\/\/mundoitam.com\/en\/#website","url":"https:\/\/mundoitam.com\/en\/","name":"Mundo ITAM","description":"ITAM's digital media","publisher":{"@id":"https:\/\/mundoitam.com\/en\/#organization"},"potentialAction":[{"@type":"SearchAction","target":{"@type":"EntryPoint","urlTemplate":"https:\/\/mundoitam.com\/en\/?s={search_term_string}"},"query-input":{"@type":"PropertyValueSpecification","valueRequired":true,"valueName":"search_term_string"}}],"inLanguage":"en-US"},{"@type":"Organization","@id":"https:\/\/mundoitam.com\/en\/#organization","name":"ITAM","url":"https:\/\/mundoitam.com\/en\/","logo":{"@type":"ImageObject","inLanguage":"en-US","@id":"https:\/\/mundoitam.com\/en\/#\/schema\/logo\/image\/","url":"https:\/\/i0.wp.com\/mundoitam.com\/wp-content\/uploads\/2018\/04\/unnamed.jpg?fit=900%2C900&ssl=1","contentUrl":"https:\/\/i0.wp.com\/mundoitam.com\/wp-content\/uploads\/2018\/04\/unnamed.jpg?fit=900%2C900&ssl=1","width":900,"height":900,"caption":"ITAM"},"image":{"@id":"https:\/\/mundoitam.com\/en\/#\/schema\/logo\/image\/"},"sameAs":["https:\/\/www.facebook.com\/itam.mx\/","https:\/\/x.com\/ITAM_mx"]},{"@type":"Person","@id":"https:\/\/mundoitam.com\/en\/#\/schema\/person\/d1c2a212b8cca3de9f3e2092961fe46c","name":"Mundo ITAM","image":{"@type":"ImageObject","inLanguage":"en-US","@id":"https:\/\/secure.gravatar.com\/avatar\/effa39c51b7a22496338eaaffc67c59dcdc37718d0646f09dc7d534e3111533f?s=96&d=identicon&r=g","url":"https:\/\/secure.gravatar.com\/avatar\/effa39c51b7a22496338eaaffc67c59dcdc37718d0646f09dc7d534e3111533f?s=96&d=identicon&r=g","contentUrl":"https:\/\/secure.gravatar.com\/avatar\/effa39c51b7a22496338eaaffc67c59dcdc37718d0646f09dc7d534e3111533f?s=96&d=identicon&r=g","caption":"Mundo ITAM"},"description":"Mundo ITAM es el blog oficial del Instituto Tecnol\u00f3gico Aut\u00f3nomo de M\u00e9xico. Aqu\u00ed podr\u00e1s informarte y aprender acerca de los temas que acaparan los titulares en M\u00e9xico y el mundo, a partir de los textos y videos de nuestras conferencias. Podr\u00e1s conoce a nuestros profesores destacados, en los \u00e1mbitos p\u00fablico y privado de nuestro pa\u00eds, gracias a las entrevistas exclusivas que aqu\u00ed te presentamos.","url":"https:\/\/mundoitam.com\/en\/author\/mundoitam\/"}]}},"jetpack_publicize_connections":[],"jetpack_featured_media_url":"https:\/\/i0.wp.com\/mundoitam.com\/wp-content\/uploads\/2020\/11\/Doble-grado-ITAM-IE.png?fit=1600%2C1600&ssl=1","jetpack_sharing_enabled":true,"jetpack_shortlink":"https:\/\/wp.me\/pCVpr-4ft","jetpack_likes_enabled":true,"jetpack-related-posts":[{"id":17223,"url":"https:\/\/mundoitam.com\/en\/2021\/04\/07\/itam-and-university-of-essex-offers-a-double-degree-in-political-science\/","url_meta":{"origin":16335,"position":0},"title":"ITAM and University of Essex offers a Double Degree in Political Science","author":"Mundo ITAM","date":"7 April 2021","format":false,"excerpt":"The Political Science Department of ITAM, and the University of Essex had signed a collaboration agreement so the ITAM students can finish, in four years, the Political Science Degree in our institute and a Master in Essex. The Political Science students of ITAM will be able to study the first\u2026","rel":"","context":"In &quot;Education and Social Responsability&quot;","block_context":{"text":"Education and Social Responsability","link":"https:\/\/mundoitam.com\/en\/category\/education-and-social-responsability\/"},"img":{"alt_text":"Doble grado ITAM-Essex Ciencia Pol\u00edtica","src":"https:\/\/i0.wp.com\/mundoitam.com\/wp-content\/uploads\/2021\/03\/ITAM-Essex-1.png?fit=1200%2C675&ssl=1&resize=350%2C200","width":350,"height":200,"srcset":"https:\/\/i0.wp.com\/mundoitam.com\/wp-content\/uploads\/2021\/03\/ITAM-Essex-1.png?fit=1200%2C675&ssl=1&resize=350%2C200 1x, https:\/\/i0.wp.com\/mundoitam.com\/wp-content\/uploads\/2021\/03\/ITAM-Essex-1.png?fit=1200%2C675&ssl=1&resize=525%2C300 1.5x, https:\/\/i0.wp.com\/mundoitam.com\/wp-content\/uploads\/2021\/03\/ITAM-Essex-1.png?fit=1200%2C675&ssl=1&resize=700%2C400 2x, https:\/\/i0.wp.com\/mundoitam.com\/wp-content\/uploads\/2021\/03\/ITAM-Essex-1.png?fit=1200%2C675&ssl=1&resize=1050%2C600 3x"},"classes":[]},{"id":16034,"url":"https:\/\/mundoitam.com\/en\/2020\/10\/28\/itam-hec-paris-agreement-allows-you-to-graduate-in-five-years-with-an-undergraduate-degree-in-business-administration-and-a-master-in-management\/","url_meta":{"origin":16335,"position":1},"title":"ITAM \u2013 HEC Paris Agreement Allows You to Graduate in Five Years with an Undergraduate Degree in Business Administration and a Master in Management","author":"Mundo ITAM","date":"28 October 2020","format":"image","excerpt":"Thanks to the international agreement signed by ITAM and HEC Paris (\u00c9cole des hautes \u00e9tudes commerciales de Paris), outstanding students have the opportunity to obtain two degrees in just five years: an undergraduate degree in Business Administration from ITAM and a Master in Management from the HEC Paris, one of\u2026","rel":"","context":"In &quot;Education and Social Responsability&quot;","block_context":{"text":"Education and Social Responsability","link":"https:\/\/mundoitam.com\/en\/category\/education-and-social-responsability\/"},"img":{"alt_text":"HEC Paris","src":"https:\/\/i0.wp.com\/mundoitam.com\/wp-content\/uploads\/2020\/10\/1599px-HEC_Paris_entree.jpg?resize=350%2C200&ssl=1","width":350,"height":200,"srcset":"https:\/\/i0.wp.com\/mundoitam.com\/wp-content\/uploads\/2020\/10\/1599px-HEC_Paris_entree.jpg?resize=350%2C200&ssl=1 1x, https:\/\/i0.wp.com\/mundoitam.com\/wp-content\/uploads\/2020\/10\/1599px-HEC_Paris_entree.jpg?resize=525%2C300&ssl=1 1.5x, https:\/\/i0.wp.com\/mundoitam.com\/wp-content\/uploads\/2020\/10\/1599px-HEC_Paris_entree.jpg?resize=700%2C400&ssl=1 2x, https:\/\/i0.wp.com\/mundoitam.com\/wp-content\/uploads\/2020\/10\/1599px-HEC_Paris_entree.jpg?resize=1050%2C600&ssl=1 3x, https:\/\/i0.wp.com\/mundoitam.com\/wp-content\/uploads\/2020\/10\/1599px-HEC_Paris_entree.jpg?resize=1400%2C800&ssl=1 4x"},"classes":[]},{"id":13775,"url":"https:\/\/mundoitam.com\/en\/2019\/11\/20\/graduate-program-abroad-the-next-step-for-more-than-100-alumni\/","url_meta":{"origin":16335,"position":2},"title":"Graduate Program Abroad: The Next Step for More Than 100 Alumni","author":"Mundo ITAM","date":"20 November 2019","format":false,"excerpt":"The possibility of studying a graduate program abroad is the result of the effort, dedication and drive of each student during his or her professional training. In addition, it opens the doors of knowledge and culture. As well as that, it also extends the invitation to future generations to learn\u2026","rel":"","context":"In &quot;Education and Social Responsability&quot;","block_context":{"text":"Education and Social Responsability","link":"https:\/\/mundoitam.com\/en\/category\/education-and-social-responsability\/"},"img":{"alt_text":"Alumni attend the cocktail to celebrate their graduate programs","src":"https:\/\/i0.wp.com\/mundoitam.com\/wp-content\/uploads\/2019\/06\/Coctel-exalumnos-posgrados-4.jpg?fit=1200%2C800&ssl=1&resize=350%2C200","width":350,"height":200,"srcset":"https:\/\/i0.wp.com\/mundoitam.com\/wp-content\/uploads\/2019\/06\/Coctel-exalumnos-posgrados-4.jpg?fit=1200%2C800&ssl=1&resize=350%2C200 1x, https:\/\/i0.wp.com\/mundoitam.com\/wp-content\/uploads\/2019\/06\/Coctel-exalumnos-posgrados-4.jpg?fit=1200%2C800&ssl=1&resize=525%2C300 1.5x, https:\/\/i0.wp.com\/mundoitam.com\/wp-content\/uploads\/2019\/06\/Coctel-exalumnos-posgrados-4.jpg?fit=1200%2C800&ssl=1&resize=700%2C400 2x, https:\/\/i0.wp.com\/mundoitam.com\/wp-content\/uploads\/2019\/06\/Coctel-exalumnos-posgrados-4.jpg?fit=1200%2C800&ssl=1&resize=1050%2C600 3x"},"classes":[]},{"id":20286,"url":"https:\/\/mundoitam.com\/en\/2022\/07\/08\/5-itam-alumni-received-the-fulbright-garcia-robles-scholarship-2022\/","url_meta":{"origin":16335,"position":3},"title":"5 ITAM alumni received the Fulbright-Garc\u00eda Robles scholarship (2022)","author":"Mundo ITAM","date":"8 July 2022","format":false,"excerpt":"5 ITAM alumni received the Fulbright-Garc\u00eda Robles scholarship during the 2022 generation's farewell ceremony, organized by the Mexican-United States Commission for Educational Exchange (COMEXUS).","rel":"","context":"In &quot;Becas&quot;","block_context":{"text":"Becas","link":"https:\/\/mundoitam.com\/category\/becas\/"},"img":{"alt_text":"Becarios ITAM Fulbright-Garc\u00eda Robles 2022","src":"https:\/\/i0.wp.com\/mundoitam.com\/wp-content\/uploads\/2022\/07\/Becarios-ITAM-Fulbright.jpg?fit=1200%2C877&ssl=1&resize=350%2C200","width":350,"height":200,"srcset":"https:\/\/i0.wp.com\/mundoitam.com\/wp-content\/uploads\/2022\/07\/Becarios-ITAM-Fulbright.jpg?fit=1200%2C877&ssl=1&resize=350%2C200 1x, https:\/\/i0.wp.com\/mundoitam.com\/wp-content\/uploads\/2022\/07\/Becarios-ITAM-Fulbright.jpg?fit=1200%2C877&ssl=1&resize=525%2C300 1.5x, https:\/\/i0.wp.com\/mundoitam.com\/wp-content\/uploads\/2022\/07\/Becarios-ITAM-Fulbright.jpg?fit=1200%2C877&ssl=1&resize=700%2C400 2x, https:\/\/i0.wp.com\/mundoitam.com\/wp-content\/uploads\/2022\/07\/Becarios-ITAM-Fulbright.jpg?fit=1200%2C877&ssl=1&resize=1050%2C600 3x"},"classes":[]},{"id":16009,"url":"https:\/\/mundoitam.com\/en\/2020\/10\/26\/postgraduate-degree-in-the-united-states-how-and-where-to-maximize-the-value-of-a-postgraduate-degree-in-the-united-states\/","url_meta":{"origin":16335,"position":4},"title":"Postgraduate Degree in the United States: How and Where to Maximize the Value of a Postgraduate Degree in the United States","author":"Mundo ITAM","date":"26 October 2020","format":"image","excerpt":"The dean of the Simon Business School, Andrew Ainslie, assisted to ITAM to give an informative event about the value of a postgraduate degree in the United States.","rel":"","context":"In &quot;Postgraduate degrees&quot;","block_context":{"text":"Postgraduate degrees","link":"https:\/\/mundoitam.com\/en\/category\/postgraduate-degrees\/"},"img":{"alt_text":"Andrew Ainslie y Diego Dom\u00ednguez","src":"https:\/\/i0.wp.com\/mundoitam.com\/wp-content\/uploads\/2019\/01\/Andrew-Ainslie-y-Diego-Dom%C3%ADnguez2.jpg?fit=1200%2C800&ssl=1&resize=350%2C200","width":350,"height":200,"srcset":"https:\/\/i0.wp.com\/mundoitam.com\/wp-content\/uploads\/2019\/01\/Andrew-Ainslie-y-Diego-Dom%C3%ADnguez2.jpg?fit=1200%2C800&ssl=1&resize=350%2C200 1x, https:\/\/i0.wp.com\/mundoitam.com\/wp-content\/uploads\/2019\/01\/Andrew-Ainslie-y-Diego-Dom%C3%ADnguez2.jpg?fit=1200%2C800&ssl=1&resize=525%2C300 1.5x, https:\/\/i0.wp.com\/mundoitam.com\/wp-content\/uploads\/2019\/01\/Andrew-Ainslie-y-Diego-Dom%C3%ADnguez2.jpg?fit=1200%2C800&ssl=1&resize=700%2C400 2x, https:\/\/i0.wp.com\/mundoitam.com\/wp-content\/uploads\/2019\/01\/Andrew-Ainslie-y-Diego-Dom%C3%ADnguez2.jpg?fit=1200%2C800&ssl=1&resize=1050%2C600 3x"},"classes":[]},{"id":10582,"url":"https:\/\/mundoitam.com\/en\/2018\/10\/09\/itam-honors-owen-fiss-with-the-distinguished-visiting-professor-title\/","url_meta":{"origin":16335,"position":5},"title":"ITAM honors Owen Fiss with the Distinguished Visiting Professor Title","author":"Mundo ITAM","date":"9 October 2018","format":false,"excerpt":"During the set of conferences announced as Conversations with Owen Fiss, ITAM and its Academic Department of Law granted Owen Fiss the Distinguished Visiting Profesor title.","rel":"","context":"In &quot;Politics and Economics&quot;","block_context":{"text":"Politics and Economics","link":"https:\/\/mundoitam.com\/en\/category\/politics-and-economics\/"},"img":{"alt_text":"","src":"https:\/\/i0.wp.com\/mundoitam.com\/wp-content\/uploads\/2017\/10\/imagendestacadaowenfiss.jpg?fit=948%2C1200&ssl=1&resize=350%2C200","width":350,"height":200,"srcset":"https:\/\/i0.wp.com\/mundoitam.com\/wp-content\/uploads\/2017\/10\/imagendestacadaowenfiss.jpg?fit=948%2C1200&ssl=1&resize=350%2C200 1x, https:\/\/i0.wp.com\/mundoitam.com\/wp-content\/uploads\/2017\/10\/imagendestacadaowenfiss.jpg?fit=948%2C1200&ssl=1&resize=525%2C300 1.5x, https:\/\/i0.wp.com\/mundoitam.com\/wp-content\/uploads\/2017\/10\/imagendestacadaowenfiss.jpg?fit=948%2C1200&ssl=1&resize=700%2C400 2x"},"classes":[]}],"amp_enabled":true,"_links":{"self":[{"href":"https:\/\/mundoitam.com\/en\/wp-json\/wp\/v2\/posts\/16335","targetHints":{"allow":["GET"]}}],"collection":[{"href":"https:\/\/mundoitam.com\/en\/wp-json\/wp\/v2\/posts"}],"about":[{"href":"https:\/\/mundoitam.com\/en\/wp-json\/wp\/v2\/types\/post"}],"author":[{"embeddable":true,"href":"https:\/\/mundoitam.com\/en\/wp-json\/wp\/v2\/users\/10"}],"replies":[{"embeddable":true,"href":"https:\/\/mundoitam.com\/en\/wp-json\/wp\/v2\/comments?post=16335"}],"version-history":[{"count":0,"href":"https:\/\/mundoitam.com\/en\/wp-json\/wp\/v2\/posts\/16335\/revisions"}],"wp:featuredmedia":[{"embeddable":true,"href":"https:\/\/mundoitam.com\/en\/wp-json\/wp\/v2\/media\/16332"}],"wp:attachment":[{"href":"https:\/\/mundoitam.com\/en\/wp-json\/wp\/v2\/media?parent=16335"}],"wp:term":[{"taxonomy":"category","embeddable":true,"href":"https:\/\/mundoitam.com\/en\/wp-json\/wp\/v2\/categories?post=16335"},{"taxonomy":"post_tag","embeddable":true,"href":"https:\/\/mundoitam.com\/en\/wp-json\/wp\/v2\/tags?post=16335"}],"curies":[{"name":"wp","href":"https:\/\/api.w.org\/{rel}","templated":true}]}}