{"id":16794,"date":"2021-02-15T20:41:34","date_gmt":"2021-02-16T01:41:34","guid":{"rendered":"https:\/\/mundoitam.com\/2021\/02\/15\/itam-opens-a-new-velarias-park\/"},"modified":"2021-02-17T20:17:06","modified_gmt":"2021-02-18T01:17:06","slug":"itam-opens-a-new-velarias-park","status":"publish","type":"post","link":"https:\/\/mundoitam.com\/en\/2021\/02\/15\/itam-opens-a-new-velarias-park\/","title":{"rendered":"ITAM opens a new Velaria&#8217;s Park"},"content":{"rendered":"<p>Due to COVID-19, since March 2020, ITAM had to close its doors physically to the community and move to an online modality, to protect their health. Nevertheless, the concern for the physical wellbeing of the students did not decrease, and in December of the same year was announced the creation of a new recreational and sports space available for the student community.<\/p><div class=\"mundo-contenido\" style=\"margin-top: 20px;margin-bottom: 20px;\" id=\"mundo-3130336352\"><style type=\"text\/css\">\r\n .ad-square h3 { \r\n\tfont-size: 11px;\r\n    font-weight: 300;\r\n    letter-spacing: 2.3px;\r\n    color: #6a6c6e;\r\n    font-weight: normal;\r\n    margin: 18px 0;  \r\n\tfont-family: \"Lato\", \"Helvetica Neue\", Helvetica, Arial, sans-serif;\r\n\t}\r\n<\/style>\r\n\r\n<!--<center> <div class=\"ad-square\">\r\n\t\t\t\t\t\t\t<h3>ANUNCIO<\/h3>\r\n<a href=\"https:\/\/noche.itam.mx\/\" target=\"_blank\"><img decoding=\"async\" width=\"300\" src=\"https:\/\/mundoitam.com\/wp-content\/uploads\/2021\/11\/noche-itam-v2.png\" alt=\"Anuncio\" style=\"border: none; display: block;\"><\/a>\r\n\r\n<\/div> <\/center>--><\/div>\n<p>It is called Velaria&#8217;s Park, and it\u2019s a magnific area of 2,500 square meters that has a running track, several multipurpose rooms -which can be used for sports and cultural activities such as yoga or ITAM Music- as well as an outdoor area with exercise equipment and an area specialized in CrossFit.<\/p>\n<p>The project, developed by the architects Sara Topelson and Jos\u00e9 Grinberg, will facilitate that students can exercise and have a place to develop their creativity and their body.<\/p>\n<p>All these facilities are located on the campus of the Institute and have locker and shower services so that students can exercise comfortably at the time that suits them and can easily return to their classes.<\/p>\n<div class=\"mundo-despues-del-contenido\" id=\"mundo-279254144\"><style type=\"text\/css\">\r\n .ad-square h3 { \r\n\tfont-size: 11px;\r\n    font-weight: 300;\r\n    letter-spacing: 2.3px;\r\n    color: #6a6c6e;\r\n    font-weight: normal;\r\n    margin: 18px 0;  \r\n\tfont-family: \"Lato\", \"Helvetica Neue\", Helvetica, Arial, sans-serif;\r\n\t}\r\n<\/style>\r\n\r\n<center> <div class=\"ad-square\">\r\n\t\t\t\t\t\t\t<h3>ANUNCIO<\/h3>\r\n<a href=\"https:\/\/aspirantes.itam.mx\/proceso-admision\/?utm_source=itam&utm_medium=mundoitam&utm_campaign=organico\" target=\"_blank\"><img decoding=\"async\" width=\"800\" src=\"https:\/\/mundoitam.com\/wp-content\/uploads\/2021\/06\/banner-aspitantes-1.png \" alt=\"Anuncio\" style=\"border: none; display: block;\"><\/a>\r\n\r\n<\/div> <\/center> <\/div>","protected":false},"excerpt":{"rendered":"<p>Due to COVID-19, since March 2020, ITAM had to close its doors physically to the community and move to an online modality, to protect their health. Nevertheless, the concern for the physical wellbeing of the students did not decrease, and in December of the same year was announced the creation of a new recreational and&#8230; <\/p>\n<div class=\"link-more\"><a href=\"https:\/\/mundoitam.com\/en\/2021\/02\/15\/itam-opens-a-new-velarias-park\/\">Read More<\/a><\/div>\n","protected":false},"author":10,"featured_media":16709,"comment_status":"open","ping_status":"open","sticky":false,"template":"","format":"standard","meta":{"_jetpack_newsletter_access":"","_jetpack_dont_email_post_to_subs":false,"_jetpack_newsletter_tier_id":0,"_jetpack_memberships_contains_paywalled_content":false,"_jetpack_memberships_contains_paid_content":false,"footnotes":"","jetpack_publicize_message":"","jetpack_publicize_feature_enabled":true,"jetpack_social_post_already_shared":true,"jetpack_social_options":{"image_generator_settings":{"template":"highway","default_image_id":0,"font":"","enabled":false},"version":2},"_wpas_customize_per_network":false,"jetpack_post_was_ever_published":false},"categories":[579146066],"tags":[579147070,579147118,579147115,579147117,579147116],"class_list":["post-16794","post","type-post","status-publish","format-standard","has-post-thumbnail","hentry","category-health-and-sports","tag-human-excellence","tag-itam-yoga","tag-music-itam","tag-sport-activities-itam","tag-velarias-park"],"yoast_head":"<!-- This site is optimized with the Yoast SEO plugin v27.5 - https:\/\/yoast.com\/product\/yoast-seo-wordpress\/ -->\n<title>ITAM opens a new Velaria&#039;s Park - Mundo ITAM<\/title>\n<meta name=\"robots\" content=\"index, follow, max-snippet:-1, max-image-preview:large, max-video-preview:-1\" \/>\n<link rel=\"canonical\" href=\"https:\/\/mundoitam.com\/en\/2021\/02\/15\/itam-opens-a-new-velarias-park\/\" \/>\n<meta property=\"og:locale\" content=\"en_US\" \/>\n<meta property=\"og:type\" content=\"article\" \/>\n<meta property=\"og:title\" content=\"ITAM opens a new Velaria&#039;s Park - Mundo ITAM\" \/>\n<meta property=\"og:description\" content=\"Due to COVID-19, since March 2020, ITAM had to close its doors physically to the community and move to an online modality, to protect their health. Nevertheless, the concern for the physical wellbeing of the students did not decrease, and in December of the same year was announced the creation of a new recreational and... Read More\" \/>\n<meta property=\"og:url\" content=\"https:\/\/mundoitam.com\/en\/2021\/02\/15\/itam-opens-a-new-velarias-park\/\" \/>\n<meta property=\"og:site_name\" content=\"Mundo ITAM\" \/>\n<meta property=\"article:publisher\" content=\"https:\/\/www.facebook.com\/itam.mx\/\" \/>\n<meta property=\"article:published_time\" content=\"2021-02-16T01:41:34+00:00\" \/>\n<meta property=\"article:modified_time\" content=\"2021-02-18T01:17:06+00:00\" \/>\n<meta property=\"og:image\" content=\"https:\/\/i0.wp.com\/mundoitam.com\/wp-content\/uploads\/2021\/01\/Parque-Velarias-ITAM-01.jpeg?fit=1280%2C850&ssl=1\" \/>\n\t<meta property=\"og:image:width\" content=\"1280\" \/>\n\t<meta property=\"og:image:height\" content=\"850\" \/>\n\t<meta property=\"og:image:type\" content=\"image\/jpeg\" \/>\n<meta name=\"author\" content=\"Mundo ITAM\" \/>\n<meta name=\"twitter:card\" content=\"summary_large_image\" \/>\n<meta name=\"twitter:creator\" content=\"@ITAM_mx\" \/>\n<meta name=\"twitter:site\" content=\"@ITAM_mx\" \/>\n<meta name=\"twitter:label1\" content=\"Written by\" \/>\n\t<meta name=\"twitter:data1\" content=\"Mundo ITAM\" \/>\n\t<meta name=\"twitter:label2\" content=\"Est. reading time\" \/>\n\t<meta name=\"twitter:data2\" content=\"1 minute\" \/>\n<script type=\"application\/ld+json\" class=\"yoast-schema-graph\">{\"@context\":\"https:\\\/\\\/schema.org\",\"@graph\":[{\"@type\":\"Article\",\"@id\":\"https:\\\/\\\/mundoitam.com\\\/en\\\/2021\\\/02\\\/15\\\/itam-opens-a-new-velarias-park\\\/#article\",\"isPartOf\":{\"@id\":\"https:\\\/\\\/mundoitam.com\\\/en\\\/2021\\\/02\\\/15\\\/itam-opens-a-new-velarias-park\\\/\"},\"author\":{\"name\":\"Mundo ITAM\",\"@id\":\"https:\\\/\\\/mundoitam.com\\\/en\\\/#\\\/schema\\\/person\\\/d1c2a212b8cca3de9f3e2092961fe46c\"},\"headline\":\"ITAM opens a new Velaria&#8217;s Park\",\"datePublished\":\"2021-02-16T01:41:34+00:00\",\"dateModified\":\"2021-02-18T01:17:06+00:00\",\"mainEntityOfPage\":{\"@id\":\"https:\\\/\\\/mundoitam.com\\\/en\\\/2021\\\/02\\\/15\\\/itam-opens-a-new-velarias-park\\\/\"},\"wordCount\":185,\"commentCount\":0,\"publisher\":{\"@id\":\"https:\\\/\\\/mundoitam.com\\\/en\\\/#organization\"},\"image\":{\"@id\":\"https:\\\/\\\/mundoitam.com\\\/en\\\/2021\\\/02\\\/15\\\/itam-opens-a-new-velarias-park\\\/#primaryimage\"},\"thumbnailUrl\":\"https:\\\/\\\/i0.wp.com\\\/mundoitam.com\\\/wp-content\\\/uploads\\\/2021\\\/01\\\/Parque-Velarias-ITAM-01.jpeg?fit=1280%2C850&ssl=1\",\"keywords\":[\"Human excellence\",\"ITAM Yoga\",\"Music ITAM\",\"Sport activities ITAM\",\"Velaria's pArk\"],\"articleSection\":[\"Health and Sports\"],\"inLanguage\":\"en-US\",\"potentialAction\":[{\"@type\":\"CommentAction\",\"name\":\"Comment\",\"target\":[\"https:\\\/\\\/mundoitam.com\\\/en\\\/2021\\\/02\\\/15\\\/itam-opens-a-new-velarias-park\\\/#respond\"]}]},{\"@type\":\"WebPage\",\"@id\":\"https:\\\/\\\/mundoitam.com\\\/en\\\/2021\\\/02\\\/15\\\/itam-opens-a-new-velarias-park\\\/\",\"url\":\"https:\\\/\\\/mundoitam.com\\\/en\\\/2021\\\/02\\\/15\\\/itam-opens-a-new-velarias-park\\\/\",\"name\":\"ITAM opens a new Velaria's Park - Mundo ITAM\",\"isPartOf\":{\"@id\":\"https:\\\/\\\/mundoitam.com\\\/en\\\/#website\"},\"primaryImageOfPage\":{\"@id\":\"https:\\\/\\\/mundoitam.com\\\/en\\\/2021\\\/02\\\/15\\\/itam-opens-a-new-velarias-park\\\/#primaryimage\"},\"image\":{\"@id\":\"https:\\\/\\\/mundoitam.com\\\/en\\\/2021\\\/02\\\/15\\\/itam-opens-a-new-velarias-park\\\/#primaryimage\"},\"thumbnailUrl\":\"https:\\\/\\\/i0.wp.com\\\/mundoitam.com\\\/wp-content\\\/uploads\\\/2021\\\/01\\\/Parque-Velarias-ITAM-01.jpeg?fit=1280%2C850&ssl=1\",\"datePublished\":\"2021-02-16T01:41:34+00:00\",\"dateModified\":\"2021-02-18T01:17:06+00:00\",\"breadcrumb\":{\"@id\":\"https:\\\/\\\/mundoitam.com\\\/en\\\/2021\\\/02\\\/15\\\/itam-opens-a-new-velarias-park\\\/#breadcrumb\"},\"inLanguage\":\"en-US\",\"potentialAction\":[{\"@type\":\"ReadAction\",\"target\":[\"https:\\\/\\\/mundoitam.com\\\/en\\\/2021\\\/02\\\/15\\\/itam-opens-a-new-velarias-park\\\/\"]}]},{\"@type\":\"ImageObject\",\"inLanguage\":\"en-US\",\"@id\":\"https:\\\/\\\/mundoitam.com\\\/en\\\/2021\\\/02\\\/15\\\/itam-opens-a-new-velarias-park\\\/#primaryimage\",\"url\":\"https:\\\/\\\/i0.wp.com\\\/mundoitam.com\\\/wp-content\\\/uploads\\\/2021\\\/01\\\/Parque-Velarias-ITAM-01.jpeg?fit=1280%2C850&ssl=1\",\"contentUrl\":\"https:\\\/\\\/i0.wp.com\\\/mundoitam.com\\\/wp-content\\\/uploads\\\/2021\\\/01\\\/Parque-Velarias-ITAM-01.jpeg?fit=1280%2C850&ssl=1\",\"width\":1280,\"height\":850,\"caption\":\"Parque Velarias\"},{\"@type\":\"BreadcrumbList\",\"@id\":\"https:\\\/\\\/mundoitam.com\\\/en\\\/2021\\\/02\\\/15\\\/itam-opens-a-new-velarias-park\\\/#breadcrumb\",\"itemListElement\":[{\"@type\":\"ListItem\",\"position\":1,\"name\":\"Portada\",\"item\":\"https:\\\/\\\/mundoitam.com\\\/en\\\/\"},{\"@type\":\"ListItem\",\"position\":2,\"name\":\"ITAM opens a new Velaria&#8217;s Park\"}]},{\"@type\":\"WebSite\",\"@id\":\"https:\\\/\\\/mundoitam.com\\\/en\\\/#website\",\"url\":\"https:\\\/\\\/mundoitam.com\\\/en\\\/\",\"name\":\"Mundo ITAM\",\"description\":\"ITAM's digital media\",\"publisher\":{\"@id\":\"https:\\\/\\\/mundoitam.com\\\/en\\\/#organization\"},\"potentialAction\":[{\"@type\":\"SearchAction\",\"target\":{\"@type\":\"EntryPoint\",\"urlTemplate\":\"https:\\\/\\\/mundoitam.com\\\/en\\\/?s={search_term_string}\"},\"query-input\":{\"@type\":\"PropertyValueSpecification\",\"valueRequired\":true,\"valueName\":\"search_term_string\"}}],\"inLanguage\":\"en-US\"},{\"@type\":\"Organization\",\"@id\":\"https:\\\/\\\/mundoitam.com\\\/en\\\/#organization\",\"name\":\"ITAM\",\"url\":\"https:\\\/\\\/mundoitam.com\\\/en\\\/\",\"logo\":{\"@type\":\"ImageObject\",\"inLanguage\":\"en-US\",\"@id\":\"https:\\\/\\\/mundoitam.com\\\/en\\\/#\\\/schema\\\/logo\\\/image\\\/\",\"url\":\"https:\\\/\\\/i0.wp.com\\\/mundoitam.com\\\/wp-content\\\/uploads\\\/2018\\\/04\\\/unnamed.jpg?fit=900%2C900&ssl=1\",\"contentUrl\":\"https:\\\/\\\/i0.wp.com\\\/mundoitam.com\\\/wp-content\\\/uploads\\\/2018\\\/04\\\/unnamed.jpg?fit=900%2C900&ssl=1\",\"width\":900,\"height\":900,\"caption\":\"ITAM\"},\"image\":{\"@id\":\"https:\\\/\\\/mundoitam.com\\\/en\\\/#\\\/schema\\\/logo\\\/image\\\/\"},\"sameAs\":[\"https:\\\/\\\/www.facebook.com\\\/itam.mx\\\/\",\"https:\\\/\\\/x.com\\\/ITAM_mx\"]},{\"@type\":\"Person\",\"@id\":\"https:\\\/\\\/mundoitam.com\\\/en\\\/#\\\/schema\\\/person\\\/d1c2a212b8cca3de9f3e2092961fe46c\",\"name\":\"Mundo ITAM\",\"image\":{\"@type\":\"ImageObject\",\"inLanguage\":\"en-US\",\"@id\":\"https:\\\/\\\/secure.gravatar.com\\\/avatar\\\/effa39c51b7a22496338eaaffc67c59dcdc37718d0646f09dc7d534e3111533f?s=96&d=identicon&r=g\",\"url\":\"https:\\\/\\\/secure.gravatar.com\\\/avatar\\\/effa39c51b7a22496338eaaffc67c59dcdc37718d0646f09dc7d534e3111533f?s=96&d=identicon&r=g\",\"contentUrl\":\"https:\\\/\\\/secure.gravatar.com\\\/avatar\\\/effa39c51b7a22496338eaaffc67c59dcdc37718d0646f09dc7d534e3111533f?s=96&d=identicon&r=g\",\"caption\":\"Mundo ITAM\"},\"description\":\"Mundo ITAM es el blog oficial del Instituto Tecnol\u00f3gico Aut\u00f3nomo de M\u00e9xico. Aqu\u00ed podr\u00e1s informarte y aprender acerca de los temas que acaparan los titulares en M\u00e9xico y el mundo, a partir de los textos y videos de nuestras conferencias. Podr\u00e1s conoce a nuestros profesores destacados, en los \u00e1mbitos p\u00fablico y privado de nuestro pa\u00eds, gracias a las entrevistas exclusivas que aqu\u00ed te presentamos.\",\"url\":\"https:\\\/\\\/mundoitam.com\\\/en\\\/author\\\/mundoitam\\\/\"}]}<\/script>\n<!-- \/ Yoast SEO plugin. -->","yoast_head_json":{"title":"ITAM opens a new Velaria's Park - Mundo ITAM","robots":{"index":"index","follow":"follow","max-snippet":"max-snippet:-1","max-image-preview":"max-image-preview:large","max-video-preview":"max-video-preview:-1"},"canonical":"https:\/\/mundoitam.com\/en\/2021\/02\/15\/itam-opens-a-new-velarias-park\/","og_locale":"en_US","og_type":"article","og_title":"ITAM opens a new Velaria's Park - Mundo ITAM","og_description":"Due to COVID-19, since March 2020, ITAM had to close its doors physically to the community and move to an online modality, to protect their health. Nevertheless, the concern for the physical wellbeing of the students did not decrease, and in December of the same year was announced the creation of a new recreational and... Read More","og_url":"https:\/\/mundoitam.com\/en\/2021\/02\/15\/itam-opens-a-new-velarias-park\/","og_site_name":"Mundo ITAM","article_publisher":"https:\/\/www.facebook.com\/itam.mx\/","article_published_time":"2021-02-16T01:41:34+00:00","article_modified_time":"2021-02-18T01:17:06+00:00","og_image":[{"width":1280,"height":850,"url":"https:\/\/i0.wp.com\/mundoitam.com\/wp-content\/uploads\/2021\/01\/Parque-Velarias-ITAM-01.jpeg?fit=1280%2C850&ssl=1","type":"image\/jpeg"}],"author":"Mundo ITAM","twitter_card":"summary_large_image","twitter_creator":"@ITAM_mx","twitter_site":"@ITAM_mx","twitter_misc":{"Written by":"Mundo ITAM","Est. reading time":"1 minute"},"schema":{"@context":"https:\/\/schema.org","@graph":[{"@type":"Article","@id":"https:\/\/mundoitam.com\/en\/2021\/02\/15\/itam-opens-a-new-velarias-park\/#article","isPartOf":{"@id":"https:\/\/mundoitam.com\/en\/2021\/02\/15\/itam-opens-a-new-velarias-park\/"},"author":{"name":"Mundo ITAM","@id":"https:\/\/mundoitam.com\/en\/#\/schema\/person\/d1c2a212b8cca3de9f3e2092961fe46c"},"headline":"ITAM opens a new Velaria&#8217;s Park","datePublished":"2021-02-16T01:41:34+00:00","dateModified":"2021-02-18T01:17:06+00:00","mainEntityOfPage":{"@id":"https:\/\/mundoitam.com\/en\/2021\/02\/15\/itam-opens-a-new-velarias-park\/"},"wordCount":185,"commentCount":0,"publisher":{"@id":"https:\/\/mundoitam.com\/en\/#organization"},"image":{"@id":"https:\/\/mundoitam.com\/en\/2021\/02\/15\/itam-opens-a-new-velarias-park\/#primaryimage"},"thumbnailUrl":"https:\/\/i0.wp.com\/mundoitam.com\/wp-content\/uploads\/2021\/01\/Parque-Velarias-ITAM-01.jpeg?fit=1280%2C850&ssl=1","keywords":["Human excellence","ITAM Yoga","Music ITAM","Sport activities ITAM","Velaria's pArk"],"articleSection":["Health and Sports"],"inLanguage":"en-US","potentialAction":[{"@type":"CommentAction","name":"Comment","target":["https:\/\/mundoitam.com\/en\/2021\/02\/15\/itam-opens-a-new-velarias-park\/#respond"]}]},{"@type":"WebPage","@id":"https:\/\/mundoitam.com\/en\/2021\/02\/15\/itam-opens-a-new-velarias-park\/","url":"https:\/\/mundoitam.com\/en\/2021\/02\/15\/itam-opens-a-new-velarias-park\/","name":"ITAM opens a new Velaria's Park - Mundo ITAM","isPartOf":{"@id":"https:\/\/mundoitam.com\/en\/#website"},"primaryImageOfPage":{"@id":"https:\/\/mundoitam.com\/en\/2021\/02\/15\/itam-opens-a-new-velarias-park\/#primaryimage"},"image":{"@id":"https:\/\/mundoitam.com\/en\/2021\/02\/15\/itam-opens-a-new-velarias-park\/#primaryimage"},"thumbnailUrl":"https:\/\/i0.wp.com\/mundoitam.com\/wp-content\/uploads\/2021\/01\/Parque-Velarias-ITAM-01.jpeg?fit=1280%2C850&ssl=1","datePublished":"2021-02-16T01:41:34+00:00","dateModified":"2021-02-18T01:17:06+00:00","breadcrumb":{"@id":"https:\/\/mundoitam.com\/en\/2021\/02\/15\/itam-opens-a-new-velarias-park\/#breadcrumb"},"inLanguage":"en-US","potentialAction":[{"@type":"ReadAction","target":["https:\/\/mundoitam.com\/en\/2021\/02\/15\/itam-opens-a-new-velarias-park\/"]}]},{"@type":"ImageObject","inLanguage":"en-US","@id":"https:\/\/mundoitam.com\/en\/2021\/02\/15\/itam-opens-a-new-velarias-park\/#primaryimage","url":"https:\/\/i0.wp.com\/mundoitam.com\/wp-content\/uploads\/2021\/01\/Parque-Velarias-ITAM-01.jpeg?fit=1280%2C850&ssl=1","contentUrl":"https:\/\/i0.wp.com\/mundoitam.com\/wp-content\/uploads\/2021\/01\/Parque-Velarias-ITAM-01.jpeg?fit=1280%2C850&ssl=1","width":1280,"height":850,"caption":"Parque Velarias"},{"@type":"BreadcrumbList","@id":"https:\/\/mundoitam.com\/en\/2021\/02\/15\/itam-opens-a-new-velarias-park\/#breadcrumb","itemListElement":[{"@type":"ListItem","position":1,"name":"Portada","item":"https:\/\/mundoitam.com\/en\/"},{"@type":"ListItem","position":2,"name":"ITAM opens a new Velaria&#8217;s Park"}]},{"@type":"WebSite","@id":"https:\/\/mundoitam.com\/en\/#website","url":"https:\/\/mundoitam.com\/en\/","name":"Mundo ITAM","description":"ITAM's digital media","publisher":{"@id":"https:\/\/mundoitam.com\/en\/#organization"},"potentialAction":[{"@type":"SearchAction","target":{"@type":"EntryPoint","urlTemplate":"https:\/\/mundoitam.com\/en\/?s={search_term_string}"},"query-input":{"@type":"PropertyValueSpecification","valueRequired":true,"valueName":"search_term_string"}}],"inLanguage":"en-US"},{"@type":"Organization","@id":"https:\/\/mundoitam.com\/en\/#organization","name":"ITAM","url":"https:\/\/mundoitam.com\/en\/","logo":{"@type":"ImageObject","inLanguage":"en-US","@id":"https:\/\/mundoitam.com\/en\/#\/schema\/logo\/image\/","url":"https:\/\/i0.wp.com\/mundoitam.com\/wp-content\/uploads\/2018\/04\/unnamed.jpg?fit=900%2C900&ssl=1","contentUrl":"https:\/\/i0.wp.com\/mundoitam.com\/wp-content\/uploads\/2018\/04\/unnamed.jpg?fit=900%2C900&ssl=1","width":900,"height":900,"caption":"ITAM"},"image":{"@id":"https:\/\/mundoitam.com\/en\/#\/schema\/logo\/image\/"},"sameAs":["https:\/\/www.facebook.com\/itam.mx\/","https:\/\/x.com\/ITAM_mx"]},{"@type":"Person","@id":"https:\/\/mundoitam.com\/en\/#\/schema\/person\/d1c2a212b8cca3de9f3e2092961fe46c","name":"Mundo ITAM","image":{"@type":"ImageObject","inLanguage":"en-US","@id":"https:\/\/secure.gravatar.com\/avatar\/effa39c51b7a22496338eaaffc67c59dcdc37718d0646f09dc7d534e3111533f?s=96&d=identicon&r=g","url":"https:\/\/secure.gravatar.com\/avatar\/effa39c51b7a22496338eaaffc67c59dcdc37718d0646f09dc7d534e3111533f?s=96&d=identicon&r=g","contentUrl":"https:\/\/secure.gravatar.com\/avatar\/effa39c51b7a22496338eaaffc67c59dcdc37718d0646f09dc7d534e3111533f?s=96&d=identicon&r=g","caption":"Mundo ITAM"},"description":"Mundo ITAM es el blog oficial del Instituto Tecnol\u00f3gico Aut\u00f3nomo de M\u00e9xico. Aqu\u00ed podr\u00e1s informarte y aprender acerca de los temas que acaparan los titulares en M\u00e9xico y el mundo, a partir de los textos y videos de nuestras conferencias. Podr\u00e1s conoce a nuestros profesores destacados, en los \u00e1mbitos p\u00fablico y privado de nuestro pa\u00eds, gracias a las entrevistas exclusivas que aqu\u00ed te presentamos.","url":"https:\/\/mundoitam.com\/en\/author\/mundoitam\/"}]}},"jetpack_publicize_connections":[],"jetpack_featured_media_url":"https:\/\/i0.wp.com\/mundoitam.com\/wp-content\/uploads\/2021\/01\/Parque-Velarias-ITAM-01.jpeg?fit=1280%2C850&ssl=1","jetpack_sharing_enabled":true,"jetpack_shortlink":"https:\/\/wp.me\/pCVpr-4mS","jetpack_likes_enabled":true,"jetpack-related-posts":[{"id":15637,"url":"https:\/\/mundoitam.com\/en\/2020\/09\/02\/itam-sports-from-the-classroom-to-the-playing-field\/","url_meta":{"origin":16794,"position":0},"title":"ITAM Sports: From the Classroom to the Playing Field","author":"Mundo ITAM","date":"2 September 2020","format":false,"excerpt":"While meeting the challenges of studying at ITAM, being involved in sports or in cultural activities is not a far-fetched idea, in fact, it makes sense. Athletes at our institute agree. Some managed to form a sports team that, based on its merits, became a team at this university; some\u2026","rel":"","context":"In &quot;Health and Sports&quot;","block_context":{"text":"Health and Sports","link":"https:\/\/mundoitam.com\/en\/category\/health-and-sports\/"},"img":{"alt_text":"","src":"https:\/\/i0.wp.com\/mundoitam.com\/wp-content\/uploads\/2018\/08\/IMG_3089.jpg?fit=960%2C610&ssl=1&resize=350%2C200","width":350,"height":200,"srcset":"https:\/\/i0.wp.com\/mundoitam.com\/wp-content\/uploads\/2018\/08\/IMG_3089.jpg?fit=960%2C610&ssl=1&resize=350%2C200 1x, https:\/\/i0.wp.com\/mundoitam.com\/wp-content\/uploads\/2018\/08\/IMG_3089.jpg?fit=960%2C610&ssl=1&resize=525%2C300 1.5x, https:\/\/i0.wp.com\/mundoitam.com\/wp-content\/uploads\/2018\/08\/IMG_3089.jpg?fit=960%2C610&ssl=1&resize=700%2C400 2x"},"classes":[]},{"id":16525,"url":"https:\/\/mundoitam.com\/en\/2020\/12\/16\/2020-a-year-that-transformed-our-community\/","url_meta":{"origin":16794,"position":1},"title":"2020: a year that transformed our community","author":"Direcci\u00f3n de Desarrollo y Comunicaci\u00f3n","date":"16 December 2020","format":false,"excerpt":"2020 has been a real challenge to the whole world. We have faced a different reality than we were used to, and uncertainty has been a constant. Nevertheless, at ITAM we have heard many stories from our community that allow us to say that 2020 has strengthened us, has made\u2026","rel":"","context":"In &quot;Education and Social Responsability&quot;","block_context":{"text":"Education and Social Responsability","link":"https:\/\/mundoitam.com\/en\/category\/education-and-social-responsability\/"},"img":{"alt_text":"ITAM 2020: Un a\u00f1o que transform\u00f3 a nuestra comunidad","src":"https:\/\/i0.wp.com\/mundoitam.com\/wp-content\/uploads\/2020\/12\/ITAM-2020-transformo-comunidad-2.jpg?fit=800%2C800&ssl=1&resize=350%2C200","width":350,"height":200,"srcset":"https:\/\/i0.wp.com\/mundoitam.com\/wp-content\/uploads\/2020\/12\/ITAM-2020-transformo-comunidad-2.jpg?fit=800%2C800&ssl=1&resize=350%2C200 1x, https:\/\/i0.wp.com\/mundoitam.com\/wp-content\/uploads\/2020\/12\/ITAM-2020-transformo-comunidad-2.jpg?fit=800%2C800&ssl=1&resize=525%2C300 1.5x, https:\/\/i0.wp.com\/mundoitam.com\/wp-content\/uploads\/2020\/12\/ITAM-2020-transformo-comunidad-2.jpg?fit=800%2C800&ssl=1&resize=700%2C400 2x"},"classes":[]},{"id":7676,"url":"https:\/\/mundoitam.com\/en\/2018\/05\/21\/itam-students-working-in-support-of-the-mexican-countryside\/","url_meta":{"origin":16794,"position":2},"title":"ITAM students working in support of the Mexican countryside","author":"Mundo ITAM","date":"21 May 2018","format":false,"excerpt":"\u201cTaking part in Enlace Rural is one of life\u2019s most gratifying experiences, full of learning opportunities and harmony. We wake up and walk more than an hour to arrive to a house. We learn a little about the family\u2019s daily chores: shelling the corn, digging a furrow, sowing, making holes\u2026","rel":"","context":"In &quot;Education and Social Responsability&quot;","block_context":{"text":"Education and Social Responsability","link":"https:\/\/mundoitam.com\/en\/category\/education-and-social-responsability\/"},"img":{"alt_text":"","src":"https:\/\/i0.wp.com\/mundoitam.com\/wp-content\/uploads\/2015\/10\/enlace.jpg?resize=350%2C200&ssl=1","width":350,"height":200,"srcset":"https:\/\/i0.wp.com\/mundoitam.com\/wp-content\/uploads\/2015\/10\/enlace.jpg?resize=350%2C200&ssl=1 1x, https:\/\/i0.wp.com\/mundoitam.com\/wp-content\/uploads\/2015\/10\/enlace.jpg?resize=525%2C300&ssl=1 1.5x"},"classes":[]},{"id":20558,"url":"https:\/\/mundoitam.com\/en\/2022\/08\/16\/itam-announces-new-gender-protocol\/","url_meta":{"origin":16794,"position":3},"title":"ITAM Announces New Gender Protocol","author":"Mundo ITAM","date":"16 August 2022","format":false,"excerpt":"Today, the Autonomous Technological Institute of Mexico (ITAM) presented the new ITAM Protocol for the Prevention of and Response to Cases of Gender-Based Violence.","rel":"","context":"In &quot;Education and Social Responsability&quot;","block_context":{"text":"Education and Social Responsability","link":"https:\/\/mundoitam.com\/en\/category\/education-and-social-responsability\/"},"img":{"alt_text":"Presenta ITAM ","src":"https:\/\/i0.wp.com\/mundoitam.com\/wp-content\/uploads\/2021\/09\/ITAM-Protocolo-Genero.jpg?fit=1200%2C900&ssl=1&resize=350%2C200","width":350,"height":200,"srcset":"https:\/\/i0.wp.com\/mundoitam.com\/wp-content\/uploads\/2021\/09\/ITAM-Protocolo-Genero.jpg?fit=1200%2C900&ssl=1&resize=350%2C200 1x, https:\/\/i0.wp.com\/mundoitam.com\/wp-content\/uploads\/2021\/09\/ITAM-Protocolo-Genero.jpg?fit=1200%2C900&ssl=1&resize=525%2C300 1.5x, https:\/\/i0.wp.com\/mundoitam.com\/wp-content\/uploads\/2021\/09\/ITAM-Protocolo-Genero.jpg?fit=1200%2C900&ssl=1&resize=700%2C400 2x, https:\/\/i0.wp.com\/mundoitam.com\/wp-content\/uploads\/2021\/09\/ITAM-Protocolo-Genero.jpg?fit=1200%2C900&ssl=1&resize=1050%2C600 3x"},"classes":[]},{"id":26469,"url":"https:\/\/mundoitam.com\/en\/2024\/08\/14\/itam-alumni-gather-to-strengthen-the-community-and-learn-about-itam-projection\/","url_meta":{"origin":16794,"position":4},"title":"ITAM alumni gather to strengthen the community and learn about ITAM Projection","author":"Mundo ITAM","date":"14 August 2024","format":"image","excerpt":"ITAM alumni gather to learn about ITAM Projection, a philanthropy and scholarship project for future leaders.","rel":"","context":"In &quot;Alumni&quot;","block_context":{"text":"Alumni","link":"https:\/\/mundoitam.com\/en\/category\/alumni\/"},"img":{"alt_text":"Desayuno de Proyecci\u00f3n ITAM. Foto ITAM.","src":"https:\/\/i0.wp.com\/mundoitam.com\/wp-content\/uploads\/2024\/08\/IMG_3338.jpg?fit=1200%2C623&ssl=1&resize=350%2C200","width":350,"height":200,"srcset":"https:\/\/i0.wp.com\/mundoitam.com\/wp-content\/uploads\/2024\/08\/IMG_3338.jpg?fit=1200%2C623&ssl=1&resize=350%2C200 1x, https:\/\/i0.wp.com\/mundoitam.com\/wp-content\/uploads\/2024\/08\/IMG_3338.jpg?fit=1200%2C623&ssl=1&resize=525%2C300 1.5x, https:\/\/i0.wp.com\/mundoitam.com\/wp-content\/uploads\/2024\/08\/IMG_3338.jpg?fit=1200%2C623&ssl=1&resize=700%2C400 2x, https:\/\/i0.wp.com\/mundoitam.com\/wp-content\/uploads\/2024\/08\/IMG_3338.jpg?fit=1200%2C623&ssl=1&resize=1050%2C600 3x"},"classes":[]},{"id":15273,"url":"https:\/\/mundoitam.com\/en\/2020\/08\/17\/becatlon-itam-2018-a-shared-effort-to-help-the-best\/","url_meta":{"origin":16794,"position":5},"title":"Becatl\u00f3n ITAM 2018: A Shared Effort to Help the Best","author":"Mundo ITAM","date":"17 August 2020","format":"image","excerpt":"At ITAM, there is a phrase that implies solidarity and philanthropy and that is known to all: the annual Becatl\u00f3n. Every year in September, students from all the departments come together for a common, concrete and measurable purpose, that is, opening the doors of our university to students of great\u2026","rel":"","context":"In &quot;Education and Social Responsability&quot;","block_context":{"text":"Education and Social Responsability","link":"https:\/\/mundoitam.com\/en\/category\/education-and-social-responsability\/"},"img":{"alt_text":"Entrega de premios y reconocimientos de Becatl\u00f3n ITAM 2018","src":"https:\/\/i0.wp.com\/mundoitam.com\/wp-content\/uploads\/2018\/10\/FotoBecatl%C3%B3n.jpg?fit=1200%2C1127&ssl=1&resize=350%2C200","width":350,"height":200,"srcset":"https:\/\/i0.wp.com\/mundoitam.com\/wp-content\/uploads\/2018\/10\/FotoBecatl%C3%B3n.jpg?fit=1200%2C1127&ssl=1&resize=350%2C200 1x, https:\/\/i0.wp.com\/mundoitam.com\/wp-content\/uploads\/2018\/10\/FotoBecatl%C3%B3n.jpg?fit=1200%2C1127&ssl=1&resize=525%2C300 1.5x, https:\/\/i0.wp.com\/mundoitam.com\/wp-content\/uploads\/2018\/10\/FotoBecatl%C3%B3n.jpg?fit=1200%2C1127&ssl=1&resize=700%2C400 2x, https:\/\/i0.wp.com\/mundoitam.com\/wp-content\/uploads\/2018\/10\/FotoBecatl%C3%B3n.jpg?fit=1200%2C1127&ssl=1&resize=1050%2C600 3x"},"classes":[]}],"amp_enabled":true,"_links":{"self":[{"href":"https:\/\/mundoitam.com\/en\/wp-json\/wp\/v2\/posts\/16794","targetHints":{"allow":["GET"]}}],"collection":[{"href":"https:\/\/mundoitam.com\/en\/wp-json\/wp\/v2\/posts"}],"about":[{"href":"https:\/\/mundoitam.com\/en\/wp-json\/wp\/v2\/types\/post"}],"author":[{"embeddable":true,"href":"https:\/\/mundoitam.com\/en\/wp-json\/wp\/v2\/users\/10"}],"replies":[{"embeddable":true,"href":"https:\/\/mundoitam.com\/en\/wp-json\/wp\/v2\/comments?post=16794"}],"version-history":[{"count":1,"href":"https:\/\/mundoitam.com\/en\/wp-json\/wp\/v2\/posts\/16794\/revisions"}],"predecessor-version":[{"id":16827,"href":"https:\/\/mundoitam.com\/en\/wp-json\/wp\/v2\/posts\/16794\/revisions\/16827"}],"wp:featuredmedia":[{"embeddable":true,"href":"https:\/\/mundoitam.com\/en\/wp-json\/wp\/v2\/media\/16709"}],"wp:attachment":[{"href":"https:\/\/mundoitam.com\/en\/wp-json\/wp\/v2\/media?parent=16794"}],"wp:term":[{"taxonomy":"category","embeddable":true,"href":"https:\/\/mundoitam.com\/en\/wp-json\/wp\/v2\/categories?post=16794"},{"taxonomy":"post_tag","embeddable":true,"href":"https:\/\/mundoitam.com\/en\/wp-json\/wp\/v2\/tags?post=16794"}],"curies":[{"name":"wp","href":"https:\/\/api.w.org\/{rel}","templated":true}]}}