{"id":20359,"date":"2022-07-21T14:50:11","date_gmt":"2022-07-21T19:50:11","guid":{"rendered":"https:\/\/mundoitam.com\/2022\/07\/21\/women-talent-and-development-2021-itam-perspectives-seminar\/"},"modified":"2022-07-21T16:25:22","modified_gmt":"2022-07-21T21:25:22","slug":"women-talent-and-development-2021-itam-perspectives-seminar","status":"publish","type":"post","link":"https:\/\/mundoitam.com\/en\/2022\/07\/21\/women-talent-and-development-2021-itam-perspectives-seminar\/","title":{"rendered":"Women, Talent and Development 2021 \u2013 ITAM Perspectives Seminar"},"content":{"rendered":"<p>On April 29, 2021, the \u201c<strong>Perspectives Seminar: Women, Talent and Development 2021<\/strong>\u201d, was held at ITAM, within the framework of the <a href=\"https:\/\/mundoitam.com\/2020\/06\/11\/womens-initiative-triunfa-en-case-circle-of-excellence-awards\/\" target=\"_blank\" rel=\"noopener\"><strong>Women\u2019s Initiative<\/strong><\/a>. The seminar included a series of panels and talks focused on learning about the progress of women\u2019s participation in various sectors.<\/p><div class=\"mundo-contenido\" style=\"margin-top: 20px;margin-bottom: 20px;\" id=\"mundo-2757601707\"><style type=\"text\/css\">\r\n .ad-square h3 { \r\n\tfont-size: 11px;\r\n    font-weight: 300;\r\n    letter-spacing: 2.3px;\r\n    color: #6a6c6e;\r\n    font-weight: normal;\r\n    margin: 18px 0;  \r\n\tfont-family: \"Lato\", \"Helvetica Neue\", Helvetica, Arial, sans-serif;\r\n\t}\r\n<\/style>\r\n\r\n<!--<center> <div class=\"ad-square\">\r\n\t\t\t\t\t\t\t<h3>ANUNCIO<\/h3>\r\n<a href=\"https:\/\/noche.itam.mx\/\" target=\"_blank\"><img decoding=\"async\" width=\"300\" src=\"https:\/\/mundoitam.com\/wp-content\/uploads\/2021\/11\/noche-itam-v2.png\" alt=\"Anuncio\" style=\"border: none; display: block;\"><\/a>\r\n\r\n<\/div> <\/center>--><\/div>\n<p>Upon welcoming the participants and introducing the seminar, <strong>Xiuh Tenorio<\/strong>, president of the Alumni Association, explained that in 2019 ITAM\u2019s Advancement and Institutional Communication Office created the Women\u2019s Initiative, a proposal to encourage women to study and develop a career path. This initiative has three components aimed at women, in which ITAM participates decisively: 1) Activities for high school students, 2) Networking sessions and 3) the <strong>Perspectives Seminar on Women, Talent and Development<\/strong>.<\/p>\n<p>Among the topics the seminar addressed were the advances in the participation of women on the boards of directors, testimonies of resilience by women financial leaders, and the presentation of \u201cRadically Human,\u201d a study elaborated by <a href=\"https:\/\/www.kornferry.com\/insights\/this-week-in-leadership\/what-is-radically-human-transformation-and-how-can-you-get-started\">Korn Ferry<\/a>. <strong>Maribel Dos Santos<\/strong>, CEO of Oracle M\u00e9xico, gave the conference, \u201cBreaking Paradigms,\u201d and Monica Aspe, currently CEO of AT&amp;T M\u00e9xico, presented the keynote address on leaders who inspire.<\/p>\n<p><strong>President Arturo Fern\u00e1ndez<\/strong> said that ITAM and its alumni association has continued to organize at least one seminar on women and talent each year. Dr. Fern\u00e1ndez said, \u201cAt ITAM we have an institutional commitment to the development of women and our liberal spirit encourages us to contribute to full equality of rights and opportunities for women, within the scope of our responsibilities.\u201d<\/p>\n<p>On this occasion, the event was organized jointly by the <a href=\"https:\/\/cce.org.mx\/\">Business Coordinating Council<\/a>, leaded by its president, Carlos Salazar, and F\u00e9lix Todd, president of the Corporate Governance Commission of said business organization.<\/p>\n<p><strong>Carlos Salazar<\/strong> explained that the Corporate Governance Commission of the Business Coordinating Council has promoted the forum on women and talent for many years. \u201cI am glad that spaces for dialogue and exchange of ideas continue to exist so that young audiences enrich and participate in this process of cultural change that Mexico must go through more rapidly.\u201d<\/p>\n<p>Salazar added that at this moment in our society we need women to be able to share and enhance all their talent in different professional fields: finance, economy, human rights, integrity, security, law, social areas, science, math, technology, and whatever else we can think of. Each area must generate the conditions so that they have the possibility to develop and grow, not only professionally, but also personally.<\/p>\n<p>Regarding the private sector, Salazar added, \u201cHave no doubt, we are promoting public policies on gender equality issues that will benefit us all.\u201d The council, he said, is committed to equity: \u201cToday we look at all our projects with a gender perspective and internally we also promote it in concrete actions such as the one indicated in today\u2019s <a href=\"https:\/\/www.heforshe.org\/en\"><strong>HeForShe<\/strong><\/a> agreement signed by the 12 organizations that make up the CCE:<\/p>\n<ul>\n<li>Women in management positions<\/li>\n<li>Zero, zero, zero, absolutely zero tolerance for violence in the workplace among others.\u201d<\/li>\n<\/ul>\n<p>&nbsp;<\/p>\n<p>Moreover, <strong>F\u00e9lix Todd<\/strong> reviewed how the CCE has addressed women\u2019s issues. Since 1999, it has made the commitment to elaborate and publish the code of best corporate practices. Subsequently, the Code of Principles and Better Practices of Corporate Governance included in its third version in 2018 a new practice, Practice 15. This practice \u2013 in what today is a reality in many countries, especially European ones \u2013 is about the incorporation of women in the governing bodies of societies. This makes it possible to take advantage of all the different ideas and points of view in the attention, discussion and analysis of companies, and in this way enrich the diversity of knowledge and experiences between men and women.<\/p>\n<p>\u201cToday in the CCE we realize, however, that this practice number 15 fell short and does not reflect the reality of the latest changes that have taken place and that is why there is a great need on the part of the CCE, and especially of our Commission, to make a greater effort to focus precisely on analyzing and incorporating what are the best practices regarding the participation of women in the councils,\u201d Todd said.<\/p>\n<p>Therefore, the CCE seeks to take advantage of the fourth version of the Code of Principles and Better Practices of Corporate Governance to improve practice number 15 and also to incorporate concepts of inclusion and diversity.<\/p>\n<figure id=\"attachment_17364\" aria-describedby=\"caption-attachment-17364\" style=\"width: 768px\" class=\"wp-caption aligncenter\"><img data-recalc-dims=\"1\" loading=\"lazy\" decoding=\"async\" class=\"wp-image-17364 size-medium_large\" src=\"https:\/\/i0.wp.com\/mundoitam.com\/wp-content\/uploads\/2021\/04\/sm6.png?resize=768%2C768&#038;ssl=1\" alt=\"Advances on the Issue of Women\u2019s Participation on Boards of Directors Marivi Esteve, president of the Research Center on Women in Senior Management Yvette Mucharraz y Cano, professor at IPADE Magdalena Carral, co-founder and CEO, CarralSierra Sylvia Meljem, chair of the Department of Accounting and of the Accounting Linkage Center, ITAM\" width=\"768\" height=\"768\" srcset=\"https:\/\/i0.wp.com\/mundoitam.com\/wp-content\/uploads\/2021\/04\/sm6.png?resize=768%2C768&amp;ssl=1 768w, https:\/\/i0.wp.com\/mundoitam.com\/wp-content\/uploads\/2021\/04\/sm6.png?resize=300%2C300&amp;ssl=1 300w, https:\/\/i0.wp.com\/mundoitam.com\/wp-content\/uploads\/2021\/04\/sm6.png?resize=150%2C150&amp;ssl=1 150w, https:\/\/i0.wp.com\/mundoitam.com\/wp-content\/uploads\/2021\/04\/sm6.png?resize=50%2C50&amp;ssl=1 50w, https:\/\/i0.wp.com\/mundoitam.com\/wp-content\/uploads\/2021\/04\/sm6.png?w=1002&amp;ssl=1 1002w\" sizes=\"auto, (max-width: 768px) 100vw, 768px\" \/><figcaption id=\"caption-attachment-17364\" class=\"wp-caption-text\"><strong>Advances on the Issue of Women\u2019s Participation on Boards of Directors<\/strong><br \/>Marivi Esteve, president of the Research Center on Women in Senior Management<br \/>Yvette Mucharraz y Cano, professor at IPADE Magdalena Carral, co-founder and CEO, CarralSierra<br \/>Sylvia Meljem, chair of the Department of Accounting and of the Accounting Linkage Center, ITAM<\/figcaption><\/figure>\n<p><strong>Advances on the Issue of Women\u2019s Participation on Boards of Directors<\/strong><\/p>\n<p>In the session \u201cThe Advances on the Issue of Women\u2019s Participation on Boards of Directors,\u201d <strong>Yvette Mucharraz y Cano<\/strong>, director of the <a href=\"https:\/\/www.cimad.ipade.mx\/\">Research Center on Women in Senior Management<\/a>, CIDEM, announced the creation of a Network of Counselors and Experts. This initiative contemplates the following:<\/p>\n<ol>\n<li>Creation of a database to link women who have high potential and who are interested and ready to be part of the councils.<\/li>\n<li>Work alongside companies so that they incorporate women and assign them positions in the decision-making at the highest level.<\/li>\n<\/ol>\n<p>&nbsp;<\/p>\n<p>She mentioned that they have had contact with various women\u2019s associations that believed in the initiative from the beginning. \u201cThis is, undoubtedly, a historic moment in which I am truly proud to be able to generate this unity in order to achieve this development, this equity, where we see more and more women sitting on the board of directors and actively participating,\u201d Mucharraz said.<\/p>\n<p>They have had contact with the Institutional Stock Exchange (BIVA) and the Mexican Stock Exchange (BMV). As of today, they are working with the Beta version, whose launch is expected in June. We have become a bridge between these women and the companies.<\/p>\n<p><strong>How does it work?<\/strong> The potential new counselor is registered in the database and includes relevant information. A company that does a new search obtains the visibility of women who may be in a different location or who require certain qualities and who have not necessarily been able to contact them. So here we establish the link.<\/p>\n<p>For her part, <strong>Marivi Esteve<\/strong>, president of the Center for Research on Women in Senior Management (CIMAD), indicated that in Mexico the participation of women on the boards of listed companies is 8.7% and only 2.2% are independent directors. 56 women are independent directors, including owners and alternates, compared to 894 men. 72 women are wealth advisers compared to 548 men. Between 2018 and 2019, the number of women on boards increased by 12, that is, 6 percentage points. If we continue with this annual growth rate, we find a truly shocking figure: equity would not be reached until 2088, or in 68 years. We would need to wait 34 years to reach 30%, the point in which a minority can make a difference even though it is a minority.<\/p>\n<p>One of the arguments we have heard, Esteve said, is that there are no women, but we know that there are women, we know them, we\u2019ve seen them act. What is possibly lacking is visibility, knowing where they are, and that is the purpose of this directory of counselors that we are announcing and that we have called the Network of Counselors. This network does not only include women who are already members of a council or who have experience in one. They are women who are already ready to become members. They are also experts in different areas who are invited to panels or different forums. We are convinced that there are women counselors, there are women who are experts and they are all ready to be visible, to be invited and to occupy those positions to which they belong.<\/p>\n<p>\u201cThank you very much for your attention and for allowing us to share our mission to raise this 8.7% because we can\u2019t wait 68 more years to see results,\u201d Esteve concluded.<\/p>\n<p><strong>Silvia D\u00e1valos<\/strong>, from the Business Coordinating Council, said that \u201cWithout inclusion there is no transformation; there is no growth in equity.\u201d Behind this initiative is to make women visible, to make known that there is talent, yes, but the most important thing in this initiative is where universities are added. What this effort tells us is that we are moving away from an individualistic and isolated vision. We are moving today toward what a phenomenon as complex as the one we are experiencing demands of us: collaborative actions that lead us to a greater purpose. If all universities, associations and business organizations limit themselves to their own networks and directories, they have a very narrow vision of the impact we can really make. I think that with this initiative that CIMAD will be launching, we will carry out a purpose we\u2019ve tried to achieve for years.<\/p>\n<p><strong>Sylvia Meljem<\/strong>, chair of the <a href=\"http:\/\/departamentodecontabilidad.itam.mx\/\">Department of Accounting<\/a> and one of the main promoters of this seminar, mentioned and thanked the representatives of the universities that participated: Pilar Madrazo, Universidad An\u00e1huac; Mar\u00eda Concepci\u00f3n de Alto, EGADE; Alejandra Peralta, ITAM; Jos\u00e9 Ram\u00f3n Barreiro, La Salle; Cristina Huerta, Universidad Iberoamericana; Edith Ortiz, UNAM; Manuel Bernal, Universidad Panamericana.<\/p>\n<figure id=\"attachment_17367\" aria-describedby=\"caption-attachment-17367\" style=\"width: 768px\" class=\"wp-caption aligncenter\"><img data-recalc-dims=\"1\" loading=\"lazy\" decoding=\"async\" class=\"wp-image-17367 size-medium_large\" src=\"https:\/\/i0.wp.com\/mundoitam.com\/wp-content\/uploads\/2021\/04\/sm5.png?resize=768%2C768&#038;ssl=1\" alt=\"\u201cRadically Human\u201d, study elaborated by Korn Ferry Blanca Conesa, senior client partner, Korn Ferry Perla Ruiz, CFO M\u00e9xico, Korn Ferry\" width=\"768\" height=\"768\" srcset=\"https:\/\/i0.wp.com\/mundoitam.com\/wp-content\/uploads\/2021\/04\/sm5.png?resize=768%2C768&amp;ssl=1 768w, https:\/\/i0.wp.com\/mundoitam.com\/wp-content\/uploads\/2021\/04\/sm5.png?resize=300%2C300&amp;ssl=1 300w, https:\/\/i0.wp.com\/mundoitam.com\/wp-content\/uploads\/2021\/04\/sm5.png?resize=150%2C150&amp;ssl=1 150w, https:\/\/i0.wp.com\/mundoitam.com\/wp-content\/uploads\/2021\/04\/sm5.png?resize=50%2C50&amp;ssl=1 50w, https:\/\/i0.wp.com\/mundoitam.com\/wp-content\/uploads\/2021\/04\/sm5.png?w=1002&amp;ssl=1 1002w\" sizes=\"auto, (max-width: 768px) 100vw, 768px\" \/><figcaption id=\"caption-attachment-17367\" class=\"wp-caption-text\">\u201cRadically Human\u201d, study elaborated by Korn Ferry Blanca Conesa, senior client partner, Korn Ferry Perla Ruiz, CFO M\u00e9xico, Korn Ferry<\/figcaption><\/figure>\n<p><strong>Presentation of the Study \u201cRadically Human\u201d<\/strong><\/p>\n<p>During the seminar, \u201cRadically Human,\u201d a study elaborated by Korn Ferry, was also presented. <strong>Blanca Conesa<\/strong>, senior client partner of Korn Ferry opened her presentation with the question, \u201cWhat do we mean when we talk about a radically human organization?\u201d<\/p>\n<p>She said that the approach organizations are taking to transformation has changed. Before, the change was in the processes in technology and now we are observing the change is in the people, in the change of culture.<\/p>\n<p>Korn Ferry\u2019s research shows that everything that makes us human is critical and fundamental and it is what makes us succeed and organizations triumph. After two years of research of more than 1,000 organizations in which 55 variables \u2013 ranging from financial metrics, to ratings of corporate social responsibility, presence in social networks, internal and external commitment measurements \u2013 were studied, they identified those critical factors for the success of transformation by measuring those companies that had important growth indexes at the end of the transformation compared to those that only did relatively well.<\/p>\n<figure id=\"attachment_17370\" aria-describedby=\"caption-attachment-17370\" style=\"width: 768px\" class=\"wp-caption aligncenter\"><img data-recalc-dims=\"1\" loading=\"lazy\" decoding=\"async\" class=\"size-medium_large wp-image-17370\" src=\"https:\/\/i0.wp.com\/mundoitam.com\/wp-content\/uploads\/2021\/04\/sm4.png?resize=768%2C768&#038;ssl=1\" alt=\"Resilience Testimonies from Women Financial Leaders Vanessa Quiroga, director of Latin American Equity Research, CFA, Credit Suisse\u00a0 Cecilia Jim\u00e9nez, head of Equity Capital Markets, Banco Santander M\u00e9xico Fernanda Langarica, CFO, Nacional Monte de Piedad Pablo Ricalde, ITAM professor and stock market analyst at PAAMCO\" width=\"768\" height=\"768\" srcset=\"https:\/\/i0.wp.com\/mundoitam.com\/wp-content\/uploads\/2021\/04\/sm4.png?resize=768%2C768&amp;ssl=1 768w, https:\/\/i0.wp.com\/mundoitam.com\/wp-content\/uploads\/2021\/04\/sm4.png?resize=300%2C300&amp;ssl=1 300w, https:\/\/i0.wp.com\/mundoitam.com\/wp-content\/uploads\/2021\/04\/sm4.png?resize=150%2C150&amp;ssl=1 150w, https:\/\/i0.wp.com\/mundoitam.com\/wp-content\/uploads\/2021\/04\/sm4.png?resize=50%2C50&amp;ssl=1 50w, https:\/\/i0.wp.com\/mundoitam.com\/wp-content\/uploads\/2021\/04\/sm4.png?w=1002&amp;ssl=1 1002w\" sizes=\"auto, (max-width: 768px) 100vw, 768px\" \/><figcaption id=\"caption-attachment-17370\" class=\"wp-caption-text\"><strong>Resilience Testimonies from Women Financial Leaders<\/strong><br \/>Vanessa Quiroga, director of Latin American Equity Research, CFA, Credit Suisse\u00a0<br \/>Cecilia Jim\u00e9nez, head of Equity Capital Markets, Banco Santander M\u00e9xico<br \/>Fernanda Langarica, CFO, Nacional Monte de Piedad<br \/>Pablo Ricalde, ITAM professor and stock market analyst at PAAMCO<\/p>\n<p><\/figcaption><\/figure>\n<p><strong>Resilience Testimonies from Women Financial Leaders<\/strong><\/p>\n<p>This panel included the participation of <strong>Vanessa Quiroga<\/strong>, CFA, director of Capital Analysis for Latin America at Credit Suisse; <strong>Cecilia Jim\u00e9nez<\/strong>, head of Capital Markets at Banco Santander M\u00e9xico; <strong>Fernanda Langarica<\/strong>, CFO at Nacional Monte de Piedad, and moderator <strong>Pable Ricalde<\/strong>, ITAM professor and stock market analyst at PAAMCO.<\/p>\n<p>The panel was held in a Q&amp;A format. Pablo Ricalde began by asking each panelist direct questions about the actions taken during the pandemic.<\/p>\n<p>Cecilia Jim\u00e9nez said that coordination and communication are vital when a company works remotely and that, with digitalization, having transparency with investors is essential. <strong>Vanessa Quiroga<\/strong> added that in the pandemic a key to controlling a team consisted of letting go of control, being more inclusive with the team and fostering interpersonal relationships at work. <strong>Fernanda Langarica<\/strong> concluded this first participation by pointing out that at Monte de Piedad the important thing was to always guarantee the operation, promoting the safety of everyone.<\/p>\n<p>Another question was about the career changes with Covid-19, to which Vanessa responded that she had to modify her coverage sectors to include those that have grown, such as Retail and E Commerce. Cecilia stated that this stage represented a shock and there was a need to review and rethink.<\/p>\n<p>When asked about the role of women in mentoring new generations, the three speakers agreed on the essential role that mentors play in professional development, as well as the role that men and women have in business development, specifically in the sector of finance, to include more and more women.<\/p>\n<p>The panel concluded with Pablo asking the speakers for a phrase that defined their professional development. Vanessa pointed to the importance of completing the work, Cecilia the importance of passion, and Fernanda the importance of purpose.<\/p>\n<p>Looking ahead, the speakers said that the new generations will have to adapt their habit of immediacy to what happens in the workplace, where results are not always immediate. Likewise, on the need to connect their technological skills with reality. They ended up by advising the need to look for a job with purpose and social impact.<\/p>\n<figure id=\"attachment_17373\" aria-describedby=\"caption-attachment-17373\" style=\"width: 768px\" class=\"wp-caption aligncenter\"><img data-recalc-dims=\"1\" loading=\"lazy\" decoding=\"async\" class=\"wp-image-17373 size-medium_large\" src=\"https:\/\/i0.wp.com\/mundoitam.com\/wp-content\/uploads\/2021\/04\/sm3.png?resize=768%2C768&#038;ssl=1\" alt=\"Breaking Paradigms&lt;br \/&gt; Maribel Dos Santos, CEO and senior vice president of Oracle M\u00e9xico&lt;br \/&gt; Am\u00e9rica Taracido\" width=\"768\" height=\"768\" srcset=\"https:\/\/i0.wp.com\/mundoitam.com\/wp-content\/uploads\/2021\/04\/sm3.png?resize=768%2C768&amp;ssl=1 768w, https:\/\/i0.wp.com\/mundoitam.com\/wp-content\/uploads\/2021\/04\/sm3.png?resize=300%2C300&amp;ssl=1 300w, https:\/\/i0.wp.com\/mundoitam.com\/wp-content\/uploads\/2021\/04\/sm3.png?resize=150%2C150&amp;ssl=1 150w, https:\/\/i0.wp.com\/mundoitam.com\/wp-content\/uploads\/2021\/04\/sm3.png?resize=50%2C50&amp;ssl=1 50w, https:\/\/i0.wp.com\/mundoitam.com\/wp-content\/uploads\/2021\/04\/sm3.png?w=1002&amp;ssl=1 1002w\" sizes=\"auto, (max-width: 768px) 100vw, 768px\" \/><figcaption id=\"caption-attachment-17373\" class=\"wp-caption-text\"><strong>Breaking Paradigms<\/strong><br \/>Maribel Dos Santos, CEO and senior vice president of Oracle M\u00e9xico<br \/>Am\u00e9rica Taracido<\/figcaption><\/figure>\n<p><strong>Breaking Paradigms<\/strong><\/p>\n<p><strong>The presentation by Maribel Dos Santos, <\/strong>CEO and senior vice president of Oracle M\u00e9xico, was given by Am\u00e9rica Taracido. It began by establishing the concept of paradigm, which for Maribel dos Santos is an already established model that sets a guideline, a series of already established beliefs or the way in which a person understands things. She pointed out that the importance is the severity with which you want to break a way of seeing things. Dos Santos warned that she herself has broken two substantial paradigms in her career: first, being a marketer in a world of technology, and second, developing in it as a woman.<\/p>\n<p>As advice to women, she suggested that when looking for opportunities, you should not expect yourself to meet 100% of the requirements in order to apply for new positions. \u201cYou must be emotionally aware; we are educated to have good hard skills but not to control soft skills since we are highly judged by how we react.\u201d At the end of the conversation Dos Santos thanked to ITAM for fostering conversations on such important topics.<\/p>\n<figure id=\"attachment_17376\" aria-describedby=\"caption-attachment-17376\" style=\"width: 768px\" class=\"wp-caption aligncenter\"><img data-recalc-dims=\"1\" loading=\"lazy\" decoding=\"async\" class=\"wp-image-17376 size-medium_large\" src=\"https:\/\/i0.wp.com\/mundoitam.com\/wp-content\/uploads\/2021\/04\/sm2.png?resize=768%2C768&#038;ssl=1\" alt=\"Analysis Panel&lt;br&gt; Gabriela Ramos, Assistant\u00a0Director-General for Social and Human Sciences area, UNESCO&lt;br&gt; Laura Tamayo, president of the Inclusion and Diversity Commision, CCE&lt;br&gt; Pilar Garc\u00eda Pichardo, general manager and senior AVP, Salesforce M\u00e9xico&lt;br&gt; Adriana Ortiz, deputy director of Gender, Diversity and Inclusion, ITAM\" width=\"768\" height=\"768\" srcset=\"https:\/\/i0.wp.com\/mundoitam.com\/wp-content\/uploads\/2021\/04\/sm2.png?resize=768%2C768&amp;ssl=1 768w, https:\/\/i0.wp.com\/mundoitam.com\/wp-content\/uploads\/2021\/04\/sm2.png?resize=300%2C300&amp;ssl=1 300w, https:\/\/i0.wp.com\/mundoitam.com\/wp-content\/uploads\/2021\/04\/sm2.png?resize=150%2C150&amp;ssl=1 150w, https:\/\/i0.wp.com\/mundoitam.com\/wp-content\/uploads\/2021\/04\/sm2.png?resize=50%2C50&amp;ssl=1 50w, https:\/\/i0.wp.com\/mundoitam.com\/wp-content\/uploads\/2021\/04\/sm2.png?w=1002&amp;ssl=1 1002w\" sizes=\"auto, (max-width: 768px) 100vw, 768px\" \/><figcaption id=\"caption-attachment-17376\" class=\"wp-caption-text\"><strong>Analysis Panel<\/strong><br \/>Gabriela Ramos, Assistant\u00a0Director-General for Social and Human Sciences area, UNESCO<br \/>Laura Tamayo, president of the Inclusion and Diversity Commision, CCE<br \/>Pilar Garc\u00eda Pichardo, general manager and senior AVP, Salesforce M\u00e9xico<br \/>Adriana Ortiz, deputy director of Gender, Diversity and Inclusion, ITAM<\/figcaption><\/figure>\n<p><strong>\u00a0<\/strong><\/p>\n<p><strong>Analysis Panel of the Women, Talent and Development Seminar<\/strong><\/p>\n<p>An Analysis Panel was held with the participation of <strong>Gabriela Ramos<\/strong>, Assistant\u00a0<em>Director<\/em>&#8211;<em>General<\/em> for Social and Human Sciences area, UNESCO; <strong>Laura Tamayo<\/strong>, president of the CCEE Inclusion and Diversity Commision; <strong>Pilar Garc\u00eda Pichardo<\/strong>, general manager and senior AVP, Salesforce M\u00e9xico; <strong>Adriana Ortiz,<\/strong> deputy director of Gender, Diversity and Inclusion at ITAM, and <strong>Ana D\u00edaz Bonnet<\/strong>, director of the Public Accounting and Financial Strategy program at ITAM, was the moderator.<\/p>\n<p>The participants began with the presentation of the initiatives for inclusion and equality that are carried out in their respective organizations. Afterwards, they answered some questions.<\/p>\n<p><strong>Gabriela Ramos<\/strong> indicated that a crucial area is the fight for girls to go to school and the promotion of their participation in STEM education. In artificial education and in science in general, quotas must be used, resources designated for women and the elimination of the bias to break the cycle of less participation, less production, less financing that perpetuates under representation. Legislating equity, dual paternity leave, incentives, etc. are also important tools.<\/p>\n<p>Universities should encourage the entry of women in fields in which they are not represented. The bias must be removed, through education and from home, that women may achieve less or are not suitable for certain programs or fields of study. More role models and women mentors are needed.<\/p>\n<p><strong>Pilar Garc\u00eda<\/strong> said that for Salesforce companies must be the engine of equality and must promote the same right to opportunities and education. She mentioned they have the 1 1 1 program, which gives 1% of employees\u2019 hours to equality causes, 1% of capital and 1% of products. Within the company they also have a robust equal pay program.<\/p>\n<p>In terms of opportunities, they have the \u201cRepresentation Matters\u201d program that seeks inclusion in all aspects of the company: recruitment, talent training, culture and resources to close gaps, wherever they are found.<\/p>\n<p><strong>Laura Tamayo<\/strong>, on the other hand, indicated that in Mexico there is a problem of representation in the private sector, beginning with managers. There is a problem of wage parity. To solve it, it is necessary that the CEO and managers are committed and actively participate in equality programs. The new Inclusion and Equality Commission of the CCE seeks to coordinate and add a strategic vision to the efforts of the business sector on inclusion. It is crucial that women support each other.<\/p>\n<p>The whole chain of talent production must be improved, especially in STEM. The greater the inclusion and diversity, the greater the richness. The condition of the SMEs, focused on survival, makes it difficult for them to worry about the issue. That is why we have to change the approach and present it as a business issue.<\/p>\n<p><strong>Adriana Ortiz<\/strong> said that the universities are working to guarantee equal opportunities by building bridges with the public, private and social sectors. There is a very strong focus on reducing gender violence in order to form, sensitize and train the entire university community and to emphasize the role of men in changing the condition of violence.<\/p>\n<figure id=\"attachment_17418\" aria-describedby=\"caption-attachment-17418\" style=\"width: 768px\" class=\"wp-caption aligncenter\"><img data-recalc-dims=\"1\" loading=\"lazy\" decoding=\"async\" class=\"wp-image-17418 size-medium_large\" src=\"https:\/\/i0.wp.com\/mundoitam.com\/wp-content\/uploads\/2021\/04\/Seminario-mujeres-talento-desarrollo.png?resize=768%2C768&#038;ssl=1\" alt=\"M\u00f3nica Aspe AT&amp;T, CEO Presenta: Rosa Mar\u00eda Barreiro DECSA, CEO &amp; Founder Sylvia Meljem, Jefa del Departamento Acad\u00e9mico de Contabilidad del ITAM\" width=\"768\" height=\"768\" srcset=\"https:\/\/i0.wp.com\/mundoitam.com\/wp-content\/uploads\/2021\/04\/Seminario-mujeres-talento-desarrollo.png?resize=768%2C768&amp;ssl=1 768w, https:\/\/i0.wp.com\/mundoitam.com\/wp-content\/uploads\/2021\/04\/Seminario-mujeres-talento-desarrollo.png?resize=300%2C300&amp;ssl=1 300w, https:\/\/i0.wp.com\/mundoitam.com\/wp-content\/uploads\/2021\/04\/Seminario-mujeres-talento-desarrollo.png?resize=150%2C150&amp;ssl=1 150w, https:\/\/i0.wp.com\/mundoitam.com\/wp-content\/uploads\/2021\/04\/Seminario-mujeres-talento-desarrollo.png?resize=50%2C50&amp;ssl=1 50w, https:\/\/i0.wp.com\/mundoitam.com\/wp-content\/uploads\/2021\/04\/Seminario-mujeres-talento-desarrollo.png?w=1002&amp;ssl=1 1002w\" sizes=\"auto, (max-width: 768px) 100vw, 768px\" \/><figcaption id=\"caption-attachment-17418\" class=\"wp-caption-text\"><strong>Keynote Speech<\/strong> <br \/>M\u00f3nica Aspe, CEO, AT&amp;T<br \/>Rosa Mar\u00eda Barreiro, CEO &amp; Founder, DECSA,<br \/>\u00a0Alejandra Peralta, VP for Advancement and Communication, ITAM<\/figcaption><\/figure>\n<p><strong>M\u00f3nica Aspe Gave the Keynote Speech of the Seminar <\/strong><\/p>\n<p>During her address, Leaders Who Inspire, <strong>M\u00f3nica Aspe<\/strong>, CEO at AT&amp;T, assured that, in the face of the crisis generated by the pandemic, the recovery will be by those who make assertive decisions and who are more open to changing the rules of the game.<\/p>\n<p>She pointed out that this change suggests a society in which being a woman is irrelevant to professional success and that in the future to occupy managerial positions the only thing that matters is having the necessary skills to carry out a leadership post, regardless of gender, guaranteeing merit in the selection of people for those positions.<\/p>\n<p>She affirmed that to achieve that future, leadership development programs and technical skills are essential so that women have the preparation and are ready to participate in promotion competitions in companies.<\/p>\n<p>She referred to five concrete actions to accelerate an egalitarian society, with political plurality, a willingness to redistribute power, positions and money: include gender equality in corporate strategy; promote the economic participation of women at all levels; eliminate the wage gap; combat gender violence; and promote work and personal balance.<\/p>\n<p>She concluded by saying that recognizing plurality and embracing diversity increase competition.<\/p>\n<p>During her participation in the closing of the seminar, <strong>Alejandra Peralta<\/strong>, VP for Advancement and Communication at ITAM, celebrated that it is the second time the institute is a forum of the Women\u2019s Initiative, an <a href=\"https:\/\/www.case.org\/awards\/circle-excellence\/2020\/womens-initiative\" target=\"_blank\" rel=\"noopener\">internationally recognized<\/a> project of which Seminar Perspectives 2021: Women, Talent and Development is part as well as the <strong>ITAM4Her<\/strong> event, aimed at young women to help them boost their talents, achieve their dreams and plan their futures.<\/p>\n<p>She took the opportunity to highlight the opportunities that the pandemic has given ITAM to carry out a profound transformation, with a vision of human excellence, that complements the academic excellence that characterizes it. This, she said, has implied institutional strengthening to meet the most heartfelt demands of the students and women who make up the community. In particular, she highlighted the actions aimed at instilling a culture of gender, such as the rewriting of the Harassment Protocol, the organization of updating seminars, as well as training in this matter of its faculty, administrative staff and study body.<\/p>\n<p>On the other hand, she emphasized the speed \u2013 in less than two weeks \u2013 in which ITAM, forced by social distancing, was fully incorporated into distance education. Likewise, she stressed the financial support granted to students, keeping tuition unchanged and expanding financial support for those who need it. In addition, she said, all jobs, including those of external services, were preserved.<\/p>\n<p>Finally, she spoke about the institutional projects for the rest of the year, highlighting the celebrations for ITAM\u2019s <a href=\"https:\/\/mundoitam.com\/en\/2021\/05\/04\/75-anniversary-of-asociacion-mexicana-de-cultura-who-founded-itam\/\" target=\"_blank\" rel=\"noopener\">75<sup>th<\/sup> anniversary<\/a>.<\/p>\n<div class=\"mundo-despues-del-contenido\" id=\"mundo-3648486754\"><style type=\"text\/css\">\r\n .ad-square h3 { \r\n\tfont-size: 11px;\r\n    font-weight: 300;\r\n    letter-spacing: 2.3px;\r\n    color: #6a6c6e;\r\n    font-weight: normal;\r\n    margin: 18px 0;  \r\n\tfont-family: \"Lato\", \"Helvetica Neue\", Helvetica, Arial, sans-serif;\r\n\t}\r\n<\/style>\r\n\r\n<center> <div class=\"ad-square\">\r\n\t\t\t\t\t\t\t<h3>ANUNCIO<\/h3>\r\n<a href=\"https:\/\/aspirantes.itam.mx\/proceso-admision\/?utm_source=itam&utm_medium=mundoitam&utm_campaign=organico\" target=\"_blank\"><img decoding=\"async\" width=\"800\" src=\"https:\/\/mundoitam.com\/wp-content\/uploads\/2021\/06\/banner-aspitantes-1.png \" alt=\"Anuncio\" style=\"border: none; display: block;\"><\/a>\r\n\r\n<\/div> <\/center> <\/div>","protected":false},"excerpt":{"rendered":"<p>On April 29, 2021, the \u201cPerspectives Seminar: Women, Talent and Development 2021\u201d, was held at ITAM, within the framework of the Women\u2019s Initiative. The seminar included a series of panels and talks focused on learning about the progress of women\u2019s participation in various sectors. Upon welcoming the participants and introducing the seminar, Xiuh Tenorio, president&#8230; <\/p>\n<div class=\"link-more\"><a href=\"https:\/\/mundoitam.com\/en\/2022\/07\/21\/women-talent-and-development-2021-itam-perspectives-seminar\/\">Read More<\/a><\/div>\n","protected":false},"author":10,"featured_media":17419,"comment_status":"open","ping_status":"open","sticky":false,"template":"","format":"standard","meta":{"_jetpack_newsletter_access":"","_jetpack_dont_email_post_to_subs":false,"_jetpack_newsletter_tier_id":0,"_jetpack_memberships_contains_paywalled_content":false,"_jetpack_memberships_contains_paid_content":false,"footnotes":"","jetpack_publicize_message":"","jetpack_publicize_feature_enabled":true,"jetpack_social_post_already_shared":true,"jetpack_social_options":{"image_generator_settings":{"template":"highway","default_image_id":0,"font":"","enabled":false},"version":2},"_wpas_customize_per_network":false,"jetpack_post_was_ever_published":false},"categories":[579146071,579146073,579145813],"tags":[579147177,579146704,579147499,579147497,579147501,579147496,579147498,579147500],"class_list":["post-20359","post","type-post","status-publish","format-standard","has-post-thumbnail","hentry","category-conferences","category-education-and-social-responsability","category-uncategorized","tag-itam-alumni-en-3","tag-itam-alumni-en","tag-mexican-leaders","tag-monica-aspe-en","tag-women-board-of-directors","tag-women-mexico","tag-women-talent-and-development","tag-women-seminar-itam"],"yoast_head":"<!-- This site is optimized with the Yoast SEO plugin v27.5 - https:\/\/yoast.com\/product\/yoast-seo-wordpress\/ -->\n<title>Women, Talent and Development 2021 \u2013 ITAM Perspectives Seminar - Mundo ITAM<\/title>\n<meta name=\"robots\" content=\"index, follow, max-snippet:-1, max-image-preview:large, max-video-preview:-1\" \/>\n<link rel=\"canonical\" href=\"https:\/\/mundoitam.com\/en\/2022\/07\/21\/women-talent-and-development-2021-itam-perspectives-seminar\/\" \/>\n<meta property=\"og:locale\" content=\"en_US\" \/>\n<meta property=\"og:type\" content=\"article\" \/>\n<meta property=\"og:title\" content=\"Women, Talent and Development 2021 \u2013 ITAM Perspectives Seminar - Mundo ITAM\" \/>\n<meta property=\"og:description\" content=\"On April 29, 2021, the \u201cPerspectives Seminar: Women, Talent and Development 2021\u201d, was held at ITAM, within the framework of the Women\u2019s Initiative. The seminar included a series of panels and talks focused on learning about the progress of women\u2019s participation in various sectors. Upon welcoming the participants and introducing the seminar, Xiuh Tenorio, president... Read More\" \/>\n<meta property=\"og:url\" content=\"https:\/\/mundoitam.com\/en\/2022\/07\/21\/women-talent-and-development-2021-itam-perspectives-seminar\/\" \/>\n<meta property=\"og:site_name\" content=\"Mundo ITAM\" \/>\n<meta property=\"article:publisher\" content=\"https:\/\/www.facebook.com\/itam.mx\/\" \/>\n<meta property=\"article:published_time\" content=\"2022-07-21T19:50:11+00:00\" \/>\n<meta property=\"article:modified_time\" content=\"2022-07-21T21:25:22+00:00\" \/>\n<meta property=\"og:image\" content=\"https:\/\/i0.wp.com\/mundoitam.com\/wp-content\/uploads\/2021\/04\/Seminario-mujeres-talento-desarrollo.png?fit=1002%2C1002&ssl=1\" \/>\n\t<meta property=\"og:image:width\" content=\"1002\" \/>\n\t<meta property=\"og:image:height\" content=\"1002\" \/>\n\t<meta property=\"og:image:type\" content=\"image\/png\" \/>\n<meta name=\"author\" content=\"Mundo ITAM\" \/>\n<meta name=\"twitter:card\" content=\"summary_large_image\" \/>\n<meta name=\"twitter:creator\" content=\"@ITAM_mx\" \/>\n<meta name=\"twitter:site\" content=\"@ITAM_mx\" \/>\n<meta name=\"twitter:label1\" content=\"Written by\" \/>\n\t<meta name=\"twitter:data1\" content=\"Mundo ITAM\" \/>\n\t<meta name=\"twitter:label2\" content=\"Est. reading time\" \/>\n\t<meta name=\"twitter:data2\" content=\"17 minutes\" \/>\n<script type=\"application\/ld+json\" class=\"yoast-schema-graph\">{\"@context\":\"https:\\\/\\\/schema.org\",\"@graph\":[{\"@type\":\"Article\",\"@id\":\"https:\\\/\\\/mundoitam.com\\\/en\\\/2022\\\/07\\\/21\\\/women-talent-and-development-2021-itam-perspectives-seminar\\\/#article\",\"isPartOf\":{\"@id\":\"https:\\\/\\\/mundoitam.com\\\/en\\\/2022\\\/07\\\/21\\\/women-talent-and-development-2021-itam-perspectives-seminar\\\/\"},\"author\":{\"name\":\"Mundo ITAM\",\"@id\":\"https:\\\/\\\/mundoitam.com\\\/en\\\/#\\\/schema\\\/person\\\/d1c2a212b8cca3de9f3e2092961fe46c\"},\"headline\":\"Women, Talent and Development 2021 \u2013 ITAM Perspectives Seminar\",\"datePublished\":\"2022-07-21T19:50:11+00:00\",\"dateModified\":\"2022-07-21T21:25:22+00:00\",\"mainEntityOfPage\":{\"@id\":\"https:\\\/\\\/mundoitam.com\\\/en\\\/2022\\\/07\\\/21\\\/women-talent-and-development-2021-itam-perspectives-seminar\\\/\"},\"wordCount\":3414,\"commentCount\":0,\"publisher\":{\"@id\":\"https:\\\/\\\/mundoitam.com\\\/en\\\/#organization\"},\"image\":{\"@id\":\"https:\\\/\\\/mundoitam.com\\\/en\\\/2022\\\/07\\\/21\\\/women-talent-and-development-2021-itam-perspectives-seminar\\\/#primaryimage\"},\"thumbnailUrl\":\"https:\\\/\\\/i0.wp.com\\\/mundoitam.com\\\/wp-content\\\/uploads\\\/2021\\\/04\\\/Seminario-mujeres-talento-desarrollo.png?fit=1002%2C1002&ssl=1\",\"keywords\":[\"ITAM Alumni\",\"ITAM Alumni\",\"Mexican Leaders\",\"M\u00f3nica Aspe\",\"Women Board of Directors\",\"Women Mexico\",\"Women Talent and Development\",\"Women Seminar ITAM\"],\"articleSection\":[\"Conferences\",\"Education and Social Responsability\"],\"inLanguage\":\"en-US\",\"potentialAction\":[{\"@type\":\"CommentAction\",\"name\":\"Comment\",\"target\":[\"https:\\\/\\\/mundoitam.com\\\/en\\\/2022\\\/07\\\/21\\\/women-talent-and-development-2021-itam-perspectives-seminar\\\/#respond\"]}]},{\"@type\":\"WebPage\",\"@id\":\"https:\\\/\\\/mundoitam.com\\\/en\\\/2022\\\/07\\\/21\\\/women-talent-and-development-2021-itam-perspectives-seminar\\\/\",\"url\":\"https:\\\/\\\/mundoitam.com\\\/en\\\/2022\\\/07\\\/21\\\/women-talent-and-development-2021-itam-perspectives-seminar\\\/\",\"name\":\"Women, Talent and Development 2021 \u2013 ITAM Perspectives Seminar - Mundo ITAM\",\"isPartOf\":{\"@id\":\"https:\\\/\\\/mundoitam.com\\\/en\\\/#website\"},\"primaryImageOfPage\":{\"@id\":\"https:\\\/\\\/mundoitam.com\\\/en\\\/2022\\\/07\\\/21\\\/women-talent-and-development-2021-itam-perspectives-seminar\\\/#primaryimage\"},\"image\":{\"@id\":\"https:\\\/\\\/mundoitam.com\\\/en\\\/2022\\\/07\\\/21\\\/women-talent-and-development-2021-itam-perspectives-seminar\\\/#primaryimage\"},\"thumbnailUrl\":\"https:\\\/\\\/i0.wp.com\\\/mundoitam.com\\\/wp-content\\\/uploads\\\/2021\\\/04\\\/Seminario-mujeres-talento-desarrollo.png?fit=1002%2C1002&ssl=1\",\"datePublished\":\"2022-07-21T19:50:11+00:00\",\"dateModified\":\"2022-07-21T21:25:22+00:00\",\"breadcrumb\":{\"@id\":\"https:\\\/\\\/mundoitam.com\\\/en\\\/2022\\\/07\\\/21\\\/women-talent-and-development-2021-itam-perspectives-seminar\\\/#breadcrumb\"},\"inLanguage\":\"en-US\",\"potentialAction\":[{\"@type\":\"ReadAction\",\"target\":[\"https:\\\/\\\/mundoitam.com\\\/en\\\/2022\\\/07\\\/21\\\/women-talent-and-development-2021-itam-perspectives-seminar\\\/\"]}]},{\"@type\":\"ImageObject\",\"inLanguage\":\"en-US\",\"@id\":\"https:\\\/\\\/mundoitam.com\\\/en\\\/2022\\\/07\\\/21\\\/women-talent-and-development-2021-itam-perspectives-seminar\\\/#primaryimage\",\"url\":\"https:\\\/\\\/i0.wp.com\\\/mundoitam.com\\\/wp-content\\\/uploads\\\/2021\\\/04\\\/Seminario-mujeres-talento-desarrollo.png?fit=1002%2C1002&ssl=1\",\"contentUrl\":\"https:\\\/\\\/i0.wp.com\\\/mundoitam.com\\\/wp-content\\\/uploads\\\/2021\\\/04\\\/Seminario-mujeres-talento-desarrollo.png?fit=1002%2C1002&ssl=1\",\"width\":1002,\"height\":1002,\"caption\":\"M\u00f3nica Aspe AT&T, CEO Presenta: Rosa Mar\u00eda Barreiro DECSA, CEO & Founder Sylvia Meljem, Jefa del Departamento Acad\u00e9mico de Contabilidad del ITAM\"},{\"@type\":\"BreadcrumbList\",\"@id\":\"https:\\\/\\\/mundoitam.com\\\/en\\\/2022\\\/07\\\/21\\\/women-talent-and-development-2021-itam-perspectives-seminar\\\/#breadcrumb\",\"itemListElement\":[{\"@type\":\"ListItem\",\"position\":1,\"name\":\"Portada\",\"item\":\"https:\\\/\\\/mundoitam.com\\\/en\\\/\"},{\"@type\":\"ListItem\",\"position\":2,\"name\":\"Women, Talent and Development 2021 \u2013 ITAM Perspectives Seminar\"}]},{\"@type\":\"WebSite\",\"@id\":\"https:\\\/\\\/mundoitam.com\\\/en\\\/#website\",\"url\":\"https:\\\/\\\/mundoitam.com\\\/en\\\/\",\"name\":\"Mundo ITAM\",\"description\":\"ITAM's digital media\",\"publisher\":{\"@id\":\"https:\\\/\\\/mundoitam.com\\\/en\\\/#organization\"},\"potentialAction\":[{\"@type\":\"SearchAction\",\"target\":{\"@type\":\"EntryPoint\",\"urlTemplate\":\"https:\\\/\\\/mundoitam.com\\\/en\\\/?s={search_term_string}\"},\"query-input\":{\"@type\":\"PropertyValueSpecification\",\"valueRequired\":true,\"valueName\":\"search_term_string\"}}],\"inLanguage\":\"en-US\"},{\"@type\":\"Organization\",\"@id\":\"https:\\\/\\\/mundoitam.com\\\/en\\\/#organization\",\"name\":\"ITAM\",\"url\":\"https:\\\/\\\/mundoitam.com\\\/en\\\/\",\"logo\":{\"@type\":\"ImageObject\",\"inLanguage\":\"en-US\",\"@id\":\"https:\\\/\\\/mundoitam.com\\\/en\\\/#\\\/schema\\\/logo\\\/image\\\/\",\"url\":\"https:\\\/\\\/i0.wp.com\\\/mundoitam.com\\\/wp-content\\\/uploads\\\/2018\\\/04\\\/unnamed.jpg?fit=900%2C900&ssl=1\",\"contentUrl\":\"https:\\\/\\\/i0.wp.com\\\/mundoitam.com\\\/wp-content\\\/uploads\\\/2018\\\/04\\\/unnamed.jpg?fit=900%2C900&ssl=1\",\"width\":900,\"height\":900,\"caption\":\"ITAM\"},\"image\":{\"@id\":\"https:\\\/\\\/mundoitam.com\\\/en\\\/#\\\/schema\\\/logo\\\/image\\\/\"},\"sameAs\":[\"https:\\\/\\\/www.facebook.com\\\/itam.mx\\\/\",\"https:\\\/\\\/x.com\\\/ITAM_mx\"]},{\"@type\":\"Person\",\"@id\":\"https:\\\/\\\/mundoitam.com\\\/en\\\/#\\\/schema\\\/person\\\/d1c2a212b8cca3de9f3e2092961fe46c\",\"name\":\"Mundo ITAM\",\"image\":{\"@type\":\"ImageObject\",\"inLanguage\":\"en-US\",\"@id\":\"https:\\\/\\\/secure.gravatar.com\\\/avatar\\\/effa39c51b7a22496338eaaffc67c59dcdc37718d0646f09dc7d534e3111533f?s=96&d=identicon&r=g\",\"url\":\"https:\\\/\\\/secure.gravatar.com\\\/avatar\\\/effa39c51b7a22496338eaaffc67c59dcdc37718d0646f09dc7d534e3111533f?s=96&d=identicon&r=g\",\"contentUrl\":\"https:\\\/\\\/secure.gravatar.com\\\/avatar\\\/effa39c51b7a22496338eaaffc67c59dcdc37718d0646f09dc7d534e3111533f?s=96&d=identicon&r=g\",\"caption\":\"Mundo ITAM\"},\"description\":\"Mundo ITAM es el blog oficial del Instituto Tecnol\u00f3gico Aut\u00f3nomo de M\u00e9xico. Aqu\u00ed podr\u00e1s informarte y aprender acerca de los temas que acaparan los titulares en M\u00e9xico y el mundo, a partir de los textos y videos de nuestras conferencias. Podr\u00e1s conoce a nuestros profesores destacados, en los \u00e1mbitos p\u00fablico y privado de nuestro pa\u00eds, gracias a las entrevistas exclusivas que aqu\u00ed te presentamos.\",\"url\":\"https:\\\/\\\/mundoitam.com\\\/en\\\/author\\\/mundoitam\\\/\"}]}<\/script>\n<!-- \/ Yoast SEO plugin. -->","yoast_head_json":{"title":"Women, Talent and Development 2021 \u2013 ITAM Perspectives Seminar - Mundo ITAM","robots":{"index":"index","follow":"follow","max-snippet":"max-snippet:-1","max-image-preview":"max-image-preview:large","max-video-preview":"max-video-preview:-1"},"canonical":"https:\/\/mundoitam.com\/en\/2022\/07\/21\/women-talent-and-development-2021-itam-perspectives-seminar\/","og_locale":"en_US","og_type":"article","og_title":"Women, Talent and Development 2021 \u2013 ITAM Perspectives Seminar - Mundo ITAM","og_description":"On April 29, 2021, the \u201cPerspectives Seminar: Women, Talent and Development 2021\u201d, was held at ITAM, within the framework of the Women\u2019s Initiative. The seminar included a series of panels and talks focused on learning about the progress of women\u2019s participation in various sectors. Upon welcoming the participants and introducing the seminar, Xiuh Tenorio, president... Read More","og_url":"https:\/\/mundoitam.com\/en\/2022\/07\/21\/women-talent-and-development-2021-itam-perspectives-seminar\/","og_site_name":"Mundo ITAM","article_publisher":"https:\/\/www.facebook.com\/itam.mx\/","article_published_time":"2022-07-21T19:50:11+00:00","article_modified_time":"2022-07-21T21:25:22+00:00","og_image":[{"width":1002,"height":1002,"url":"https:\/\/i0.wp.com\/mundoitam.com\/wp-content\/uploads\/2021\/04\/Seminario-mujeres-talento-desarrollo.png?fit=1002%2C1002&ssl=1","type":"image\/png"}],"author":"Mundo ITAM","twitter_card":"summary_large_image","twitter_creator":"@ITAM_mx","twitter_site":"@ITAM_mx","twitter_misc":{"Written by":"Mundo ITAM","Est. reading time":"17 minutes"},"schema":{"@context":"https:\/\/schema.org","@graph":[{"@type":"Article","@id":"https:\/\/mundoitam.com\/en\/2022\/07\/21\/women-talent-and-development-2021-itam-perspectives-seminar\/#article","isPartOf":{"@id":"https:\/\/mundoitam.com\/en\/2022\/07\/21\/women-talent-and-development-2021-itam-perspectives-seminar\/"},"author":{"name":"Mundo ITAM","@id":"https:\/\/mundoitam.com\/en\/#\/schema\/person\/d1c2a212b8cca3de9f3e2092961fe46c"},"headline":"Women, Talent and Development 2021 \u2013 ITAM Perspectives Seminar","datePublished":"2022-07-21T19:50:11+00:00","dateModified":"2022-07-21T21:25:22+00:00","mainEntityOfPage":{"@id":"https:\/\/mundoitam.com\/en\/2022\/07\/21\/women-talent-and-development-2021-itam-perspectives-seminar\/"},"wordCount":3414,"commentCount":0,"publisher":{"@id":"https:\/\/mundoitam.com\/en\/#organization"},"image":{"@id":"https:\/\/mundoitam.com\/en\/2022\/07\/21\/women-talent-and-development-2021-itam-perspectives-seminar\/#primaryimage"},"thumbnailUrl":"https:\/\/i0.wp.com\/mundoitam.com\/wp-content\/uploads\/2021\/04\/Seminario-mujeres-talento-desarrollo.png?fit=1002%2C1002&ssl=1","keywords":["ITAM Alumni","ITAM Alumni","Mexican Leaders","M\u00f3nica Aspe","Women Board of Directors","Women Mexico","Women Talent and Development","Women Seminar ITAM"],"articleSection":["Conferences","Education and Social Responsability"],"inLanguage":"en-US","potentialAction":[{"@type":"CommentAction","name":"Comment","target":["https:\/\/mundoitam.com\/en\/2022\/07\/21\/women-talent-and-development-2021-itam-perspectives-seminar\/#respond"]}]},{"@type":"WebPage","@id":"https:\/\/mundoitam.com\/en\/2022\/07\/21\/women-talent-and-development-2021-itam-perspectives-seminar\/","url":"https:\/\/mundoitam.com\/en\/2022\/07\/21\/women-talent-and-development-2021-itam-perspectives-seminar\/","name":"Women, Talent and Development 2021 \u2013 ITAM Perspectives Seminar - Mundo ITAM","isPartOf":{"@id":"https:\/\/mundoitam.com\/en\/#website"},"primaryImageOfPage":{"@id":"https:\/\/mundoitam.com\/en\/2022\/07\/21\/women-talent-and-development-2021-itam-perspectives-seminar\/#primaryimage"},"image":{"@id":"https:\/\/mundoitam.com\/en\/2022\/07\/21\/women-talent-and-development-2021-itam-perspectives-seminar\/#primaryimage"},"thumbnailUrl":"https:\/\/i0.wp.com\/mundoitam.com\/wp-content\/uploads\/2021\/04\/Seminario-mujeres-talento-desarrollo.png?fit=1002%2C1002&ssl=1","datePublished":"2022-07-21T19:50:11+00:00","dateModified":"2022-07-21T21:25:22+00:00","breadcrumb":{"@id":"https:\/\/mundoitam.com\/en\/2022\/07\/21\/women-talent-and-development-2021-itam-perspectives-seminar\/#breadcrumb"},"inLanguage":"en-US","potentialAction":[{"@type":"ReadAction","target":["https:\/\/mundoitam.com\/en\/2022\/07\/21\/women-talent-and-development-2021-itam-perspectives-seminar\/"]}]},{"@type":"ImageObject","inLanguage":"en-US","@id":"https:\/\/mundoitam.com\/en\/2022\/07\/21\/women-talent-and-development-2021-itam-perspectives-seminar\/#primaryimage","url":"https:\/\/i0.wp.com\/mundoitam.com\/wp-content\/uploads\/2021\/04\/Seminario-mujeres-talento-desarrollo.png?fit=1002%2C1002&ssl=1","contentUrl":"https:\/\/i0.wp.com\/mundoitam.com\/wp-content\/uploads\/2021\/04\/Seminario-mujeres-talento-desarrollo.png?fit=1002%2C1002&ssl=1","width":1002,"height":1002,"caption":"M\u00f3nica Aspe AT&T, CEO Presenta: Rosa Mar\u00eda Barreiro DECSA, CEO & Founder Sylvia Meljem, Jefa del Departamento Acad\u00e9mico de Contabilidad del ITAM"},{"@type":"BreadcrumbList","@id":"https:\/\/mundoitam.com\/en\/2022\/07\/21\/women-talent-and-development-2021-itam-perspectives-seminar\/#breadcrumb","itemListElement":[{"@type":"ListItem","position":1,"name":"Portada","item":"https:\/\/mundoitam.com\/en\/"},{"@type":"ListItem","position":2,"name":"Women, Talent and Development 2021 \u2013 ITAM Perspectives Seminar"}]},{"@type":"WebSite","@id":"https:\/\/mundoitam.com\/en\/#website","url":"https:\/\/mundoitam.com\/en\/","name":"Mundo ITAM","description":"ITAM's digital media","publisher":{"@id":"https:\/\/mundoitam.com\/en\/#organization"},"potentialAction":[{"@type":"SearchAction","target":{"@type":"EntryPoint","urlTemplate":"https:\/\/mundoitam.com\/en\/?s={search_term_string}"},"query-input":{"@type":"PropertyValueSpecification","valueRequired":true,"valueName":"search_term_string"}}],"inLanguage":"en-US"},{"@type":"Organization","@id":"https:\/\/mundoitam.com\/en\/#organization","name":"ITAM","url":"https:\/\/mundoitam.com\/en\/","logo":{"@type":"ImageObject","inLanguage":"en-US","@id":"https:\/\/mundoitam.com\/en\/#\/schema\/logo\/image\/","url":"https:\/\/i0.wp.com\/mundoitam.com\/wp-content\/uploads\/2018\/04\/unnamed.jpg?fit=900%2C900&ssl=1","contentUrl":"https:\/\/i0.wp.com\/mundoitam.com\/wp-content\/uploads\/2018\/04\/unnamed.jpg?fit=900%2C900&ssl=1","width":900,"height":900,"caption":"ITAM"},"image":{"@id":"https:\/\/mundoitam.com\/en\/#\/schema\/logo\/image\/"},"sameAs":["https:\/\/www.facebook.com\/itam.mx\/","https:\/\/x.com\/ITAM_mx"]},{"@type":"Person","@id":"https:\/\/mundoitam.com\/en\/#\/schema\/person\/d1c2a212b8cca3de9f3e2092961fe46c","name":"Mundo ITAM","image":{"@type":"ImageObject","inLanguage":"en-US","@id":"https:\/\/secure.gravatar.com\/avatar\/effa39c51b7a22496338eaaffc67c59dcdc37718d0646f09dc7d534e3111533f?s=96&d=identicon&r=g","url":"https:\/\/secure.gravatar.com\/avatar\/effa39c51b7a22496338eaaffc67c59dcdc37718d0646f09dc7d534e3111533f?s=96&d=identicon&r=g","contentUrl":"https:\/\/secure.gravatar.com\/avatar\/effa39c51b7a22496338eaaffc67c59dcdc37718d0646f09dc7d534e3111533f?s=96&d=identicon&r=g","caption":"Mundo ITAM"},"description":"Mundo ITAM es el blog oficial del Instituto Tecnol\u00f3gico Aut\u00f3nomo de M\u00e9xico. Aqu\u00ed podr\u00e1s informarte y aprender acerca de los temas que acaparan los titulares en M\u00e9xico y el mundo, a partir de los textos y videos de nuestras conferencias. Podr\u00e1s conoce a nuestros profesores destacados, en los \u00e1mbitos p\u00fablico y privado de nuestro pa\u00eds, gracias a las entrevistas exclusivas que aqu\u00ed te presentamos.","url":"https:\/\/mundoitam.com\/en\/author\/mundoitam\/"}]}},"jetpack_publicize_connections":[],"jetpack_featured_media_url":"https:\/\/i0.wp.com\/mundoitam.com\/wp-content\/uploads\/2021\/04\/Seminario-mujeres-talento-desarrollo.png?fit=1002%2C1002&ssl=1","jetpack_sharing_enabled":true,"jetpack_shortlink":"https:\/\/wp.me\/pCVpr-5in","jetpack_likes_enabled":true,"jetpack-related-posts":[{"id":23611,"url":"https:\/\/mundoitam.com\/en\/2023\/05\/26\/2023-perspectives-seminar-women-talent-and-development\/","url_meta":{"origin":20359,"position":0},"title":"2023 Perspectives Seminar: Women, talent and development","author":"Mundo ITAM","date":"26 May 2023","format":"image","excerpt":"Learn about the current professional panorama that women face during the 2023 Perspectives Seminar: Women, talent and development hosted by ITAM.","rel":"","context":"In &quot;Conferences&quot;","block_context":{"text":"Conferences","link":"https:\/\/mundoitam.com\/en\/category\/conferences\/"},"img":{"alt_text":"","src":"https:\/\/i0.wp.com\/mundoitam.com\/wp-content\/uploads\/2023\/05\/portada-3.jpg?fit=1200%2C478&ssl=1&resize=350%2C200","width":350,"height":200,"srcset":"https:\/\/i0.wp.com\/mundoitam.com\/wp-content\/uploads\/2023\/05\/portada-3.jpg?fit=1200%2C478&ssl=1&resize=350%2C200 1x, https:\/\/i0.wp.com\/mundoitam.com\/wp-content\/uploads\/2023\/05\/portada-3.jpg?fit=1200%2C478&ssl=1&resize=525%2C300 1.5x, https:\/\/i0.wp.com\/mundoitam.com\/wp-content\/uploads\/2023\/05\/portada-3.jpg?fit=1200%2C478&ssl=1&resize=700%2C400 2x, https:\/\/i0.wp.com\/mundoitam.com\/wp-content\/uploads\/2023\/05\/portada-3.jpg?fit=1200%2C478&ssl=1&resize=1050%2C600 3x"},"classes":[]},{"id":24995,"url":"https:\/\/mundoitam.com\/en\/2024\/01\/17\/book-launch-womens-participation-on-boards-of-directors\/","url_meta":{"origin":20359,"position":1},"title":"Book Launch | Women&#8217;s Participation on Boards of Directors","author":"Mundo ITAM","date":"17 January 2024","format":false,"excerpt":"Learn more about \"Women's Participation in Boards of Directors\", a book that looks into the current situation of women in management positions and their participation in Boards of Directors.","rel":"","context":"In &quot;Conferences&quot;","block_context":{"text":"Conferences","link":"https:\/\/mundoitam.com\/en\/category\/conferences\/"},"img":{"alt_text":" Participaci\u00f3n de las mujeres en los Consejos de Administraci\u00f3n","src":"https:\/\/i0.wp.com\/mundoitam.com\/wp-content\/uploads\/2024\/01\/Portada.jpg?fit=900%2C1200&ssl=1&resize=350%2C200","width":350,"height":200,"srcset":"https:\/\/i0.wp.com\/mundoitam.com\/wp-content\/uploads\/2024\/01\/Portada.jpg?fit=900%2C1200&ssl=1&resize=350%2C200 1x, https:\/\/i0.wp.com\/mundoitam.com\/wp-content\/uploads\/2024\/01\/Portada.jpg?fit=900%2C1200&ssl=1&resize=525%2C300 1.5x, https:\/\/i0.wp.com\/mundoitam.com\/wp-content\/uploads\/2024\/01\/Portada.jpg?fit=900%2C1200&ssl=1&resize=700%2C400 2x"},"classes":[]},{"id":23234,"url":"https:\/\/mundoitam.com\/en\/2023\/03\/31\/womens-initiative-2023\/","url_meta":{"origin":20359,"position":2},"title":"Women&#8217;s Initiative 2023","author":"Mundo ITAM","date":"31 March 2023","format":false,"excerpt":"In this Women's Initiative edition, ITAM welcomed young applicants and inspiring alumnae to strengthen and boost the professional network of women in the industry.","rel":"","context":"In &quot;Alumni&quot;","block_context":{"text":"Alumni","link":"https:\/\/mundoitam.com\/en\/category\/alumni\/"},"img":{"alt_text":"","src":"https:\/\/i0.wp.com\/mundoitam.com\/wp-content\/uploads\/2023\/03\/fotoPortada.jpg?fit=900%2C1200&ssl=1&resize=350%2C200","width":350,"height":200,"srcset":"https:\/\/i0.wp.com\/mundoitam.com\/wp-content\/uploads\/2023\/03\/fotoPortada.jpg?fit=900%2C1200&ssl=1&resize=350%2C200 1x, https:\/\/i0.wp.com\/mundoitam.com\/wp-content\/uploads\/2023\/03\/fotoPortada.jpg?fit=900%2C1200&ssl=1&resize=525%2C300 1.5x, https:\/\/i0.wp.com\/mundoitam.com\/wp-content\/uploads\/2023\/03\/fotoPortada.jpg?fit=900%2C1200&ssl=1&resize=700%2C400 2x"},"classes":[]},{"id":16990,"url":"https:\/\/mundoitam.com\/en\/2021\/03\/08\/itam-2021-fintech-business-perspectives-seminar\/","url_meta":{"origin":20359,"position":3},"title":"ITAM 2021 &#8211; Fintech Business Perspectives Seminar","author":"Mundo ITAM","date":"8 March 2021","format":false,"excerpt":"With the keynote address \u201cDigital Innovation and the Future of Money,\u201d given by Dr. Agust\u00edn Carstens, general manager of the Bank of International Settlements (BIS), the 2021 Business Perspectives Seminar was held at ITAM, with the Fintech ecosystem as its central theme.","rel":"","context":"In &quot;Politics and Economics&quot;","block_context":{"text":"Politics and Economics","link":"https:\/\/mundoitam.com\/en\/category\/politics-and-economics\/"},"img":{"alt_text":"Seminario de PErspectivas Empresariales 2021 Fintech","src":"https:\/\/i0.wp.com\/mundoitam.com\/wp-content\/uploads\/2021\/02\/spe2021.png?fit=1200%2C675&ssl=1&resize=350%2C200","width":350,"height":200,"srcset":"https:\/\/i0.wp.com\/mundoitam.com\/wp-content\/uploads\/2021\/02\/spe2021.png?fit=1200%2C675&ssl=1&resize=350%2C200 1x, https:\/\/i0.wp.com\/mundoitam.com\/wp-content\/uploads\/2021\/02\/spe2021.png?fit=1200%2C675&ssl=1&resize=525%2C300 1.5x, https:\/\/i0.wp.com\/mundoitam.com\/wp-content\/uploads\/2021\/02\/spe2021.png?fit=1200%2C675&ssl=1&resize=700%2C400 2x, https:\/\/i0.wp.com\/mundoitam.com\/wp-content\/uploads\/2021\/02\/spe2021.png?fit=1200%2C675&ssl=1&resize=1050%2C600 3x"},"classes":[]},{"id":25020,"url":"https:\/\/mundoitam.com\/en\/2024\/01\/15\/itam-hosted-its-emblematic-economic-perspectives-seminar-for-2024\/","url_meta":{"origin":20359,"position":4},"title":"ITAM hosted its emblematic Economic Perspectives Seminar for 2024","author":"Mundo ITAM","date":"15 January 2024","format":"image","excerpt":"The 2024 Economic Perspectives Seminar, hosted at ITAM, offered a comprehensive program on the economic situation at both national and global level.","rel":"","context":"In &quot;Politics and Economics&quot;","block_context":{"text":"Politics and Economics","link":"https:\/\/mundoitam.com\/en\/category\/politics-and-economics\/"},"img":{"alt_text":"Carlos Slim Alberto Bailleres Arturo Fernandez con alumnos y exalumnos del ITAM","src":"https:\/\/i0.wp.com\/mundoitam.com\/wp-content\/uploads\/2024\/01\/Carlos-Slim-alberto-bailleres-arturo-fernandez-con-alumnos-y-exalumnos-del-itam-1.jpg?fit=1200%2C800&ssl=1&resize=350%2C200","width":350,"height":200,"srcset":"https:\/\/i0.wp.com\/mundoitam.com\/wp-content\/uploads\/2024\/01\/Carlos-Slim-alberto-bailleres-arturo-fernandez-con-alumnos-y-exalumnos-del-itam-1.jpg?fit=1200%2C800&ssl=1&resize=350%2C200 1x, https:\/\/i0.wp.com\/mundoitam.com\/wp-content\/uploads\/2024\/01\/Carlos-Slim-alberto-bailleres-arturo-fernandez-con-alumnos-y-exalumnos-del-itam-1.jpg?fit=1200%2C800&ssl=1&resize=525%2C300 1.5x, https:\/\/i0.wp.com\/mundoitam.com\/wp-content\/uploads\/2024\/01\/Carlos-Slim-alberto-bailleres-arturo-fernandez-con-alumnos-y-exalumnos-del-itam-1.jpg?fit=1200%2C800&ssl=1&resize=700%2C400 2x, https:\/\/i0.wp.com\/mundoitam.com\/wp-content\/uploads\/2024\/01\/Carlos-Slim-alberto-bailleres-arturo-fernandez-con-alumnos-y-exalumnos-del-itam-1.jpg?fit=1200%2C800&ssl=1&resize=1050%2C600 3x"},"classes":[]},{"id":17532,"url":"https:\/\/mundoitam.com\/en\/2021\/05\/25\/10-years-of-the-social-commitment-seminar-of-itam\/","url_meta":{"origin":20359,"position":5},"title":"10 years of the Social Commitment Seminar of ITAM","author":"Mundo ITAM","date":"25 May 2021","format":false,"excerpt":"In 2020, was the 10 anniversaries of the first edition of the ITAM Social Commitment Seminar. After one decade, our institute is prude to have created this space for reflection and a meeting place for the actors of civil society organizations dedicated to human and social development. The Social Commitment\u2026","rel":"","context":"In &quot;Educaci\u00f3n, cultura y responsabilidad social&quot;","block_context":{"text":"Educaci\u00f3n, cultura y responsabilidad social","link":"https:\/\/mundoitam.com\/category\/educacion-cultura-y-responsabilidad-social\/"},"img":{"alt_text":"Seminario de Compromiso Social 2017","src":"https:\/\/i0.wp.com\/mundoitam.com\/wp-content\/uploads\/2021\/04\/SCs-2017-portada.jpg?fit=1200%2C800&ssl=1&resize=350%2C200","width":350,"height":200,"srcset":"https:\/\/i0.wp.com\/mundoitam.com\/wp-content\/uploads\/2021\/04\/SCs-2017-portada.jpg?fit=1200%2C800&ssl=1&resize=350%2C200 1x, https:\/\/i0.wp.com\/mundoitam.com\/wp-content\/uploads\/2021\/04\/SCs-2017-portada.jpg?fit=1200%2C800&ssl=1&resize=525%2C300 1.5x, https:\/\/i0.wp.com\/mundoitam.com\/wp-content\/uploads\/2021\/04\/SCs-2017-portada.jpg?fit=1200%2C800&ssl=1&resize=700%2C400 2x, https:\/\/i0.wp.com\/mundoitam.com\/wp-content\/uploads\/2021\/04\/SCs-2017-portada.jpg?fit=1200%2C800&ssl=1&resize=1050%2C600 3x"},"classes":[]}],"amp_enabled":true,"_links":{"self":[{"href":"https:\/\/mundoitam.com\/en\/wp-json\/wp\/v2\/posts\/20359","targetHints":{"allow":["GET"]}}],"collection":[{"href":"https:\/\/mundoitam.com\/en\/wp-json\/wp\/v2\/posts"}],"about":[{"href":"https:\/\/mundoitam.com\/en\/wp-json\/wp\/v2\/types\/post"}],"author":[{"embeddable":true,"href":"https:\/\/mundoitam.com\/en\/wp-json\/wp\/v2\/users\/10"}],"replies":[{"embeddable":true,"href":"https:\/\/mundoitam.com\/en\/wp-json\/wp\/v2\/comments?post=20359"}],"version-history":[{"count":5,"href":"https:\/\/mundoitam.com\/en\/wp-json\/wp\/v2\/posts\/20359\/revisions"}],"predecessor-version":[{"id":20362,"href":"https:\/\/mundoitam.com\/en\/wp-json\/wp\/v2\/posts\/20359\/revisions\/20362"}],"wp:featuredmedia":[{"embeddable":true,"href":"https:\/\/mundoitam.com\/en\/wp-json\/wp\/v2\/media\/17419"}],"wp:attachment":[{"href":"https:\/\/mundoitam.com\/en\/wp-json\/wp\/v2\/media?parent=20359"}],"wp:term":[{"taxonomy":"category","embeddable":true,"href":"https:\/\/mundoitam.com\/en\/wp-json\/wp\/v2\/categories?post=20359"},{"taxonomy":"post_tag","embeddable":true,"href":"https:\/\/mundoitam.com\/en\/wp-json\/wp\/v2\/tags?post=20359"}],"curies":[{"name":"wp","href":"https:\/\/api.w.org\/{rel}","templated":true}]}}