{"id":24150,"date":"2023-09-06T11:56:48","date_gmt":"2023-09-06T16:56:48","guid":{"rendered":"https:\/\/mundoitam.com\/2023\/09\/11\/itam-alumni-in-the-mexican-foreign-service-sem\/"},"modified":"2023-09-11T11:08:29","modified_gmt":"2023-09-11T16:08:29","slug":"itam-alumni-in-the-mexican-foreign-service-sem","status":"publish","type":"post","link":"https:\/\/mundoitam.com\/en\/2023\/09\/06\/itam-alumni-in-the-mexican-foreign-service-sem\/","title":{"rendered":"ITAM alumni in the Mexican Foreign Service (SEM)"},"content":{"rendered":"<p>ITAM received four alumnae and one alumnus from our Institute, who <strong>successfully passed all the stages of the last general public entrance examination to the <a title=\"Mat\u00edas Romero Institute\" href=\"https:\/\/www.gob.mx\/imr\" target=\"_blank\" rel=\"noopener\">Mexican Foreign Service (SEM)<\/a><\/strong>, in the diplomatic-consular branch. They are Carla Ju\u00e1rez, M\u00f3nica M\u00e9ndez, Rub\u00e9n Cabrera, Karla Mora and Daniela Uribe. Our graduates, very generously, shared with current ITAM students about their journey and their recommendations on how to get into the Foreign Service and become career diplomats. They also shared about the destination of their first assignments abroad, such as the USA and Nigeria.<\/p><div class=\"mundo-contenido\" style=\"margin-top: 20px;margin-bottom: 20px;\" id=\"mundo-2117329584\"><style type=\"text\/css\">\r\n .ad-square h3 { \r\n\tfont-size: 11px;\r\n    font-weight: 300;\r\n    letter-spacing: 2.3px;\r\n    color: #6a6c6e;\r\n    font-weight: normal;\r\n    margin: 18px 0;  \r\n\tfont-family: \"Lato\", \"Helvetica Neue\", Helvetica, Arial, sans-serif;\r\n\t}\r\n<\/style>\r\n\r\n<!--<center> <div class=\"ad-square\">\r\n\t\t\t\t\t\t\t<h3>ANUNCIO<\/h3>\r\n<a href=\"https:\/\/noche.itam.mx\/\" target=\"_blank\"><img decoding=\"async\" width=\"300\" src=\"https:\/\/mundoitam.com\/wp-content\/uploads\/2021\/11\/noche-itam-v2.png\" alt=\"Anuncio\" style=\"border: none; display: block;\"><\/a>\r\n\r\n<\/div> <\/center>--><\/div>\n<p>They shared their gratitude to the <a title=\"Division of International Studies at ITAM\" href=\"https:\/\/internacionales.itam.mx\/\" target=\"_blank\" rel=\"noopener\"><strong>Division of International Studies at ITAM<\/strong><\/a> for the preparation course the Division offered them, which complemented their personal efforts. They also commented <strong>that ITAM was the institution, in proportion to its student population, with the higher number of students accepted to the diplomatic-consular branch<\/strong> in this last edition of the entrance examination .<\/p>\n<p><img data-recalc-dims=\"1\" loading=\"lazy\" decoding=\"async\" class=\"aligncenter wp-image-24134 size-full\" src=\"https:\/\/i0.wp.com\/mundoitam.com\/wp-content\/uploads\/2023\/09\/DSC0069.jpg?resize=1000%2C750&#038;ssl=1\" alt=\"\" width=\"1000\" height=\"750\" srcset=\"https:\/\/i0.wp.com\/mundoitam.com\/wp-content\/uploads\/2023\/09\/DSC0069.jpg?w=1280&amp;ssl=1 1280w, https:\/\/i0.wp.com\/mundoitam.com\/wp-content\/uploads\/2023\/09\/DSC0069.jpg?resize=300%2C225&amp;ssl=1 300w, https:\/\/i0.wp.com\/mundoitam.com\/wp-content\/uploads\/2023\/09\/DSC0069.jpg?resize=1024%2C768&amp;ssl=1 1024w, https:\/\/i0.wp.com\/mundoitam.com\/wp-content\/uploads\/2023\/09\/DSC0069.jpg?resize=768%2C576&amp;ssl=1 768w, https:\/\/i0.wp.com\/mundoitam.com\/wp-content\/uploads\/2023\/09\/DSC0069.jpg?resize=400%2C300&amp;ssl=1 400w\" sizes=\"auto, (max-width: 1000px) 100vw, 1000px\" \/><\/p>\n<p>Afterwards, they talked about how the abilities and support network that ITAM provided were fundamental tools to reach success; they expressed that what makes them most happy is the opportunity to put all their knowledge and vocation at the service of Mexico and our fellow countrymen and women abroad.<\/p>\n<p>Our alumni emphasized that the key of getting in at SEM was the <strong>constant, holistic and interdisciplinary preparation.<\/strong> They recommended the youth present to <strong>not neglect their soft skills, their cultural knowledge on theater, music or art; their support systems and, above all, be self-aware and pay attention to their emotional balance.<\/strong><\/p>\n<p>Dr. Natalia Saltalamacchia and Prof. Isabel Flores emphasized that a diplomatic career is, <strong>above all else, a way of life.<\/strong> Being part of the oldest career in civil service in Mexico <strong>requires talent for overcoming obstacles<\/strong> and the disposition for continuous training. Our diplomats participate through their professional career in promotion contests that allow them to climb meritocratically on the <a title=\"ITAM alumni in the Mexican Foreign Service\" href=\"https:\/\/mundoitam.com\/2013\/10\/10\/exalumnos-del-itam-en-el-servicio-exterior-mexicano\/\" target=\"_blank\" rel=\"noopener\">Mexican Foreign Service<\/a> ladder, receiving appointments as diplomatic attach\u00e9, third secretary, second secretary, first secretary, counselor, minister and, finally, ambassador.<\/p>\n<p>The honorees expressed their enormous love and devotion with which they are preparing to carry out this great diplomatic work. We deeply appreciate our alumni and their disposition to share their experience to the new generations and we wish them all the luck in their first foreign missions.<\/p>\n<div class=\"mundo-despues-del-contenido\" id=\"mundo-1919405879\"><style type=\"text\/css\">\r\n .ad-square h3 { \r\n\tfont-size: 11px;\r\n    font-weight: 300;\r\n    letter-spacing: 2.3px;\r\n    color: #6a6c6e;\r\n    font-weight: normal;\r\n    margin: 18px 0;  \r\n\tfont-family: \"Lato\", \"Helvetica Neue\", Helvetica, Arial, sans-serif;\r\n\t}\r\n<\/style>\r\n\r\n<center> <div class=\"ad-square\">\r\n\t\t\t\t\t\t\t<h3>ANUNCIO<\/h3>\r\n<a href=\"https:\/\/aspirantes.itam.mx\/proceso-admision\/?utm_source=itam&utm_medium=mundoitam&utm_campaign=organico\" target=\"_blank\"><img decoding=\"async\" width=\"800\" src=\"https:\/\/mundoitam.com\/wp-content\/uploads\/2021\/06\/banner-aspitantes-1.png \" alt=\"Anuncio\" style=\"border: none; display: block;\"><\/a>\r\n\r\n<\/div> <\/center> <\/div>","protected":false},"excerpt":{"rendered":"<p>Know about the alumni who successfully passed all the stages of the last general public entrance examination to the Mexican Foreign Service (SEM).<\/p>\n","protected":false},"author":10,"featured_media":24139,"comment_status":"open","ping_status":"open","sticky":false,"template":"","format":"standard","meta":{"_jetpack_newsletter_access":"","_jetpack_dont_email_post_to_subs":false,"_jetpack_newsletter_tier_id":0,"_jetpack_memberships_contains_paywalled_content":false,"_jetpack_memberships_contains_paid_content":false,"footnotes":"","jetpack_publicize_message":"","jetpack_publicize_feature_enabled":true,"jetpack_social_post_already_shared":true,"jetpack_social_options":{"image_generator_settings":{"template":"highway","default_image_id":0,"font":"","enabled":false},"version":2},"_wpas_customize_per_network":false,"jetpack_post_was_ever_published":false},"categories":[579147484],"tags":[579147553,579147051,579146704,579147127,579147817,579147816,579147815],"class_list":["post-24150","post","type-post","status-publish","format-standard","has-post-thumbnail","hentry","category-alumni","tag-exalumnos-en","tag-itam-en","tag-itam-alumni-en","tag-itam-alumni-en-2","tag-itamitas-en","tag-mexican-foreign-service","tag-sem-en"],"yoast_head":"<!-- This site is optimized with the Yoast SEO plugin v27.4 - https:\/\/yoast.com\/product\/yoast-seo-wordpress\/ -->\n<title>ITAM alumni in the Mexican Foreign Service (SEM) - Mundo ITAM<\/title>\n<meta name=\"robots\" content=\"index, follow, max-snippet:-1, max-image-preview:large, max-video-preview:-1\" \/>\n<link rel=\"canonical\" href=\"https:\/\/mundoitam.com\/en\/2023\/09\/06\/itam-alumni-in-the-mexican-foreign-service-sem\/\" \/>\n<meta property=\"og:locale\" content=\"en_US\" \/>\n<meta property=\"og:type\" content=\"article\" \/>\n<meta property=\"og:title\" content=\"ITAM alumni in the Mexican Foreign Service (SEM) - Mundo ITAM\" \/>\n<meta property=\"og:description\" content=\"Know about the alumni who successfully passed all the stages of the last general public entrance examination to the Mexican Foreign Service (SEM).\" \/>\n<meta property=\"og:url\" content=\"https:\/\/mundoitam.com\/en\/2023\/09\/06\/itam-alumni-in-the-mexican-foreign-service-sem\/\" \/>\n<meta property=\"og:site_name\" content=\"Mundo ITAM\" \/>\n<meta property=\"article:publisher\" content=\"https:\/\/www.facebook.com\/itam.mx\/\" \/>\n<meta property=\"article:published_time\" content=\"2023-09-06T16:56:48+00:00\" \/>\n<meta property=\"article:modified_time\" content=\"2023-09-11T16:08:29+00:00\" \/>\n<meta property=\"og:image\" content=\"https:\/\/i0.wp.com\/mundoitam.com\/wp-content\/uploads\/2023\/09\/potada-SEM.-fin.jpg?fit=960%2C1280&ssl=1\" \/>\n\t<meta property=\"og:image:width\" content=\"960\" \/>\n\t<meta property=\"og:image:height\" content=\"1280\" \/>\n\t<meta property=\"og:image:type\" content=\"image\/jpeg\" \/>\n<meta name=\"author\" content=\"Mundo ITAM\" \/>\n<meta name=\"twitter:card\" content=\"summary_large_image\" \/>\n<meta name=\"twitter:creator\" content=\"@ITAM_mx\" \/>\n<meta name=\"twitter:site\" content=\"@ITAM_mx\" \/>\n<meta name=\"twitter:label1\" content=\"Written by\" \/>\n\t<meta name=\"twitter:data1\" content=\"Mundo ITAM\" \/>\n\t<meta name=\"twitter:label2\" content=\"Est. reading time\" \/>\n\t<meta name=\"twitter:data2\" content=\"2 minutes\" \/>\n<script type=\"application\/ld+json\" class=\"yoast-schema-graph\">{\"@context\":\"https:\\\/\\\/schema.org\",\"@graph\":[{\"@type\":\"Article\",\"@id\":\"https:\\\/\\\/mundoitam.com\\\/en\\\/2023\\\/09\\\/06\\\/itam-alumni-in-the-mexican-foreign-service-sem\\\/#article\",\"isPartOf\":{\"@id\":\"https:\\\/\\\/mundoitam.com\\\/en\\\/2023\\\/09\\\/06\\\/itam-alumni-in-the-mexican-foreign-service-sem\\\/\"},\"author\":{\"name\":\"Mundo ITAM\",\"@id\":\"https:\\\/\\\/mundoitam.com\\\/en\\\/#\\\/schema\\\/person\\\/d1c2a212b8cca3de9f3e2092961fe46c\"},\"headline\":\"ITAM alumni in the Mexican Foreign Service (SEM)\",\"datePublished\":\"2023-09-06T16:56:48+00:00\",\"dateModified\":\"2023-09-11T16:08:29+00:00\",\"mainEntityOfPage\":{\"@id\":\"https:\\\/\\\/mundoitam.com\\\/en\\\/2023\\\/09\\\/06\\\/itam-alumni-in-the-mexican-foreign-service-sem\\\/\"},\"wordCount\":389,\"commentCount\":0,\"publisher\":{\"@id\":\"https:\\\/\\\/mundoitam.com\\\/en\\\/#organization\"},\"image\":{\"@id\":\"https:\\\/\\\/mundoitam.com\\\/en\\\/2023\\\/09\\\/06\\\/itam-alumni-in-the-mexican-foreign-service-sem\\\/#primaryimage\"},\"thumbnailUrl\":\"https:\\\/\\\/i0.wp.com\\\/mundoitam.com\\\/wp-content\\\/uploads\\\/2023\\\/09\\\/potada-SEM.-fin.jpg?fit=960%2C1280&ssl=1\",\"keywords\":[\"exalumnos\",\"ITAM\",\"ITAM Alumni\",\"ITAM Alumni\",\"Itamitas\",\"Mexican Foreign Service\",\"SEM\"],\"articleSection\":[\"Alumni\"],\"inLanguage\":\"en-US\",\"potentialAction\":[{\"@type\":\"CommentAction\",\"name\":\"Comment\",\"target\":[\"https:\\\/\\\/mundoitam.com\\\/en\\\/2023\\\/09\\\/06\\\/itam-alumni-in-the-mexican-foreign-service-sem\\\/#respond\"]}]},{\"@type\":\"WebPage\",\"@id\":\"https:\\\/\\\/mundoitam.com\\\/en\\\/2023\\\/09\\\/06\\\/itam-alumni-in-the-mexican-foreign-service-sem\\\/\",\"url\":\"https:\\\/\\\/mundoitam.com\\\/en\\\/2023\\\/09\\\/06\\\/itam-alumni-in-the-mexican-foreign-service-sem\\\/\",\"name\":\"ITAM alumni in the Mexican Foreign Service (SEM) - Mundo ITAM\",\"isPartOf\":{\"@id\":\"https:\\\/\\\/mundoitam.com\\\/en\\\/#website\"},\"primaryImageOfPage\":{\"@id\":\"https:\\\/\\\/mundoitam.com\\\/en\\\/2023\\\/09\\\/06\\\/itam-alumni-in-the-mexican-foreign-service-sem\\\/#primaryimage\"},\"image\":{\"@id\":\"https:\\\/\\\/mundoitam.com\\\/en\\\/2023\\\/09\\\/06\\\/itam-alumni-in-the-mexican-foreign-service-sem\\\/#primaryimage\"},\"thumbnailUrl\":\"https:\\\/\\\/i0.wp.com\\\/mundoitam.com\\\/wp-content\\\/uploads\\\/2023\\\/09\\\/potada-SEM.-fin.jpg?fit=960%2C1280&ssl=1\",\"datePublished\":\"2023-09-06T16:56:48+00:00\",\"dateModified\":\"2023-09-11T16:08:29+00:00\",\"breadcrumb\":{\"@id\":\"https:\\\/\\\/mundoitam.com\\\/en\\\/2023\\\/09\\\/06\\\/itam-alumni-in-the-mexican-foreign-service-sem\\\/#breadcrumb\"},\"inLanguage\":\"en-US\",\"potentialAction\":[{\"@type\":\"ReadAction\",\"target\":[\"https:\\\/\\\/mundoitam.com\\\/en\\\/2023\\\/09\\\/06\\\/itam-alumni-in-the-mexican-foreign-service-sem\\\/\"]}]},{\"@type\":\"ImageObject\",\"inLanguage\":\"en-US\",\"@id\":\"https:\\\/\\\/mundoitam.com\\\/en\\\/2023\\\/09\\\/06\\\/itam-alumni-in-the-mexican-foreign-service-sem\\\/#primaryimage\",\"url\":\"https:\\\/\\\/i0.wp.com\\\/mundoitam.com\\\/wp-content\\\/uploads\\\/2023\\\/09\\\/potada-SEM.-fin.jpg?fit=960%2C1280&ssl=1\",\"contentUrl\":\"https:\\\/\\\/i0.wp.com\\\/mundoitam.com\\\/wp-content\\\/uploads\\\/2023\\\/09\\\/potada-SEM.-fin.jpg?fit=960%2C1280&ssl=1\",\"width\":960,\"height\":1280},{\"@type\":\"BreadcrumbList\",\"@id\":\"https:\\\/\\\/mundoitam.com\\\/en\\\/2023\\\/09\\\/06\\\/itam-alumni-in-the-mexican-foreign-service-sem\\\/#breadcrumb\",\"itemListElement\":[{\"@type\":\"ListItem\",\"position\":1,\"name\":\"Portada\",\"item\":\"https:\\\/\\\/mundoitam.com\\\/en\\\/\"},{\"@type\":\"ListItem\",\"position\":2,\"name\":\"ITAM alumni in the Mexican Foreign Service (SEM)\"}]},{\"@type\":\"WebSite\",\"@id\":\"https:\\\/\\\/mundoitam.com\\\/en\\\/#website\",\"url\":\"https:\\\/\\\/mundoitam.com\\\/en\\\/\",\"name\":\"Mundo ITAM\",\"description\":\"ITAM's digital media\",\"publisher\":{\"@id\":\"https:\\\/\\\/mundoitam.com\\\/en\\\/#organization\"},\"potentialAction\":[{\"@type\":\"SearchAction\",\"target\":{\"@type\":\"EntryPoint\",\"urlTemplate\":\"https:\\\/\\\/mundoitam.com\\\/en\\\/?s={search_term_string}\"},\"query-input\":{\"@type\":\"PropertyValueSpecification\",\"valueRequired\":true,\"valueName\":\"search_term_string\"}}],\"inLanguage\":\"en-US\"},{\"@type\":\"Organization\",\"@id\":\"https:\\\/\\\/mundoitam.com\\\/en\\\/#organization\",\"name\":\"ITAM\",\"url\":\"https:\\\/\\\/mundoitam.com\\\/en\\\/\",\"logo\":{\"@type\":\"ImageObject\",\"inLanguage\":\"en-US\",\"@id\":\"https:\\\/\\\/mundoitam.com\\\/en\\\/#\\\/schema\\\/logo\\\/image\\\/\",\"url\":\"https:\\\/\\\/i0.wp.com\\\/mundoitam.com\\\/wp-content\\\/uploads\\\/2018\\\/04\\\/unnamed.jpg?fit=900%2C900&ssl=1\",\"contentUrl\":\"https:\\\/\\\/i0.wp.com\\\/mundoitam.com\\\/wp-content\\\/uploads\\\/2018\\\/04\\\/unnamed.jpg?fit=900%2C900&ssl=1\",\"width\":900,\"height\":900,\"caption\":\"ITAM\"},\"image\":{\"@id\":\"https:\\\/\\\/mundoitam.com\\\/en\\\/#\\\/schema\\\/logo\\\/image\\\/\"},\"sameAs\":[\"https:\\\/\\\/www.facebook.com\\\/itam.mx\\\/\",\"https:\\\/\\\/x.com\\\/ITAM_mx\"]},{\"@type\":\"Person\",\"@id\":\"https:\\\/\\\/mundoitam.com\\\/en\\\/#\\\/schema\\\/person\\\/d1c2a212b8cca3de9f3e2092961fe46c\",\"name\":\"Mundo ITAM\",\"image\":{\"@type\":\"ImageObject\",\"inLanguage\":\"en-US\",\"@id\":\"https:\\\/\\\/secure.gravatar.com\\\/avatar\\\/effa39c51b7a22496338eaaffc67c59dcdc37718d0646f09dc7d534e3111533f?s=96&d=identicon&r=g\",\"url\":\"https:\\\/\\\/secure.gravatar.com\\\/avatar\\\/effa39c51b7a22496338eaaffc67c59dcdc37718d0646f09dc7d534e3111533f?s=96&d=identicon&r=g\",\"contentUrl\":\"https:\\\/\\\/secure.gravatar.com\\\/avatar\\\/effa39c51b7a22496338eaaffc67c59dcdc37718d0646f09dc7d534e3111533f?s=96&d=identicon&r=g\",\"caption\":\"Mundo ITAM\"},\"description\":\"Mundo ITAM es el blog oficial del Instituto Tecnol\u00f3gico Aut\u00f3nomo de M\u00e9xico. Aqu\u00ed podr\u00e1s informarte y aprender acerca de los temas que acaparan los titulares en M\u00e9xico y el mundo, a partir de los textos y videos de nuestras conferencias. Podr\u00e1s conoce a nuestros profesores destacados, en los \u00e1mbitos p\u00fablico y privado de nuestro pa\u00eds, gracias a las entrevistas exclusivas que aqu\u00ed te presentamos.\",\"url\":\"https:\\\/\\\/mundoitam.com\\\/en\\\/author\\\/mundoitam\\\/\"}]}<\/script>\n<!-- \/ Yoast SEO plugin. -->","yoast_head_json":{"title":"ITAM alumni in the Mexican Foreign Service (SEM) - Mundo ITAM","robots":{"index":"index","follow":"follow","max-snippet":"max-snippet:-1","max-image-preview":"max-image-preview:large","max-video-preview":"max-video-preview:-1"},"canonical":"https:\/\/mundoitam.com\/en\/2023\/09\/06\/itam-alumni-in-the-mexican-foreign-service-sem\/","og_locale":"en_US","og_type":"article","og_title":"ITAM alumni in the Mexican Foreign Service (SEM) - Mundo ITAM","og_description":"Know about the alumni who successfully passed all the stages of the last general public entrance examination to the Mexican Foreign Service (SEM).","og_url":"https:\/\/mundoitam.com\/en\/2023\/09\/06\/itam-alumni-in-the-mexican-foreign-service-sem\/","og_site_name":"Mundo ITAM","article_publisher":"https:\/\/www.facebook.com\/itam.mx\/","article_published_time":"2023-09-06T16:56:48+00:00","article_modified_time":"2023-09-11T16:08:29+00:00","og_image":[{"width":960,"height":1280,"url":"https:\/\/i0.wp.com\/mundoitam.com\/wp-content\/uploads\/2023\/09\/potada-SEM.-fin.jpg?fit=960%2C1280&ssl=1","type":"image\/jpeg"}],"author":"Mundo ITAM","twitter_card":"summary_large_image","twitter_creator":"@ITAM_mx","twitter_site":"@ITAM_mx","twitter_misc":{"Written by":"Mundo ITAM","Est. reading time":"2 minutes"},"schema":{"@context":"https:\/\/schema.org","@graph":[{"@type":"Article","@id":"https:\/\/mundoitam.com\/en\/2023\/09\/06\/itam-alumni-in-the-mexican-foreign-service-sem\/#article","isPartOf":{"@id":"https:\/\/mundoitam.com\/en\/2023\/09\/06\/itam-alumni-in-the-mexican-foreign-service-sem\/"},"author":{"name":"Mundo ITAM","@id":"https:\/\/mundoitam.com\/en\/#\/schema\/person\/d1c2a212b8cca3de9f3e2092961fe46c"},"headline":"ITAM alumni in the Mexican Foreign Service (SEM)","datePublished":"2023-09-06T16:56:48+00:00","dateModified":"2023-09-11T16:08:29+00:00","mainEntityOfPage":{"@id":"https:\/\/mundoitam.com\/en\/2023\/09\/06\/itam-alumni-in-the-mexican-foreign-service-sem\/"},"wordCount":389,"commentCount":0,"publisher":{"@id":"https:\/\/mundoitam.com\/en\/#organization"},"image":{"@id":"https:\/\/mundoitam.com\/en\/2023\/09\/06\/itam-alumni-in-the-mexican-foreign-service-sem\/#primaryimage"},"thumbnailUrl":"https:\/\/i0.wp.com\/mundoitam.com\/wp-content\/uploads\/2023\/09\/potada-SEM.-fin.jpg?fit=960%2C1280&ssl=1","keywords":["exalumnos","ITAM","ITAM Alumni","ITAM Alumni","Itamitas","Mexican Foreign Service","SEM"],"articleSection":["Alumni"],"inLanguage":"en-US","potentialAction":[{"@type":"CommentAction","name":"Comment","target":["https:\/\/mundoitam.com\/en\/2023\/09\/06\/itam-alumni-in-the-mexican-foreign-service-sem\/#respond"]}]},{"@type":"WebPage","@id":"https:\/\/mundoitam.com\/en\/2023\/09\/06\/itam-alumni-in-the-mexican-foreign-service-sem\/","url":"https:\/\/mundoitam.com\/en\/2023\/09\/06\/itam-alumni-in-the-mexican-foreign-service-sem\/","name":"ITAM alumni in the Mexican Foreign Service (SEM) - Mundo ITAM","isPartOf":{"@id":"https:\/\/mundoitam.com\/en\/#website"},"primaryImageOfPage":{"@id":"https:\/\/mundoitam.com\/en\/2023\/09\/06\/itam-alumni-in-the-mexican-foreign-service-sem\/#primaryimage"},"image":{"@id":"https:\/\/mundoitam.com\/en\/2023\/09\/06\/itam-alumni-in-the-mexican-foreign-service-sem\/#primaryimage"},"thumbnailUrl":"https:\/\/i0.wp.com\/mundoitam.com\/wp-content\/uploads\/2023\/09\/potada-SEM.-fin.jpg?fit=960%2C1280&ssl=1","datePublished":"2023-09-06T16:56:48+00:00","dateModified":"2023-09-11T16:08:29+00:00","breadcrumb":{"@id":"https:\/\/mundoitam.com\/en\/2023\/09\/06\/itam-alumni-in-the-mexican-foreign-service-sem\/#breadcrumb"},"inLanguage":"en-US","potentialAction":[{"@type":"ReadAction","target":["https:\/\/mundoitam.com\/en\/2023\/09\/06\/itam-alumni-in-the-mexican-foreign-service-sem\/"]}]},{"@type":"ImageObject","inLanguage":"en-US","@id":"https:\/\/mundoitam.com\/en\/2023\/09\/06\/itam-alumni-in-the-mexican-foreign-service-sem\/#primaryimage","url":"https:\/\/i0.wp.com\/mundoitam.com\/wp-content\/uploads\/2023\/09\/potada-SEM.-fin.jpg?fit=960%2C1280&ssl=1","contentUrl":"https:\/\/i0.wp.com\/mundoitam.com\/wp-content\/uploads\/2023\/09\/potada-SEM.-fin.jpg?fit=960%2C1280&ssl=1","width":960,"height":1280},{"@type":"BreadcrumbList","@id":"https:\/\/mundoitam.com\/en\/2023\/09\/06\/itam-alumni-in-the-mexican-foreign-service-sem\/#breadcrumb","itemListElement":[{"@type":"ListItem","position":1,"name":"Portada","item":"https:\/\/mundoitam.com\/en\/"},{"@type":"ListItem","position":2,"name":"ITAM alumni in the Mexican Foreign Service (SEM)"}]},{"@type":"WebSite","@id":"https:\/\/mundoitam.com\/en\/#website","url":"https:\/\/mundoitam.com\/en\/","name":"Mundo ITAM","description":"ITAM's digital media","publisher":{"@id":"https:\/\/mundoitam.com\/en\/#organization"},"potentialAction":[{"@type":"SearchAction","target":{"@type":"EntryPoint","urlTemplate":"https:\/\/mundoitam.com\/en\/?s={search_term_string}"},"query-input":{"@type":"PropertyValueSpecification","valueRequired":true,"valueName":"search_term_string"}}],"inLanguage":"en-US"},{"@type":"Organization","@id":"https:\/\/mundoitam.com\/en\/#organization","name":"ITAM","url":"https:\/\/mundoitam.com\/en\/","logo":{"@type":"ImageObject","inLanguage":"en-US","@id":"https:\/\/mundoitam.com\/en\/#\/schema\/logo\/image\/","url":"https:\/\/i0.wp.com\/mundoitam.com\/wp-content\/uploads\/2018\/04\/unnamed.jpg?fit=900%2C900&ssl=1","contentUrl":"https:\/\/i0.wp.com\/mundoitam.com\/wp-content\/uploads\/2018\/04\/unnamed.jpg?fit=900%2C900&ssl=1","width":900,"height":900,"caption":"ITAM"},"image":{"@id":"https:\/\/mundoitam.com\/en\/#\/schema\/logo\/image\/"},"sameAs":["https:\/\/www.facebook.com\/itam.mx\/","https:\/\/x.com\/ITAM_mx"]},{"@type":"Person","@id":"https:\/\/mundoitam.com\/en\/#\/schema\/person\/d1c2a212b8cca3de9f3e2092961fe46c","name":"Mundo ITAM","image":{"@type":"ImageObject","inLanguage":"en-US","@id":"https:\/\/secure.gravatar.com\/avatar\/effa39c51b7a22496338eaaffc67c59dcdc37718d0646f09dc7d534e3111533f?s=96&d=identicon&r=g","url":"https:\/\/secure.gravatar.com\/avatar\/effa39c51b7a22496338eaaffc67c59dcdc37718d0646f09dc7d534e3111533f?s=96&d=identicon&r=g","contentUrl":"https:\/\/secure.gravatar.com\/avatar\/effa39c51b7a22496338eaaffc67c59dcdc37718d0646f09dc7d534e3111533f?s=96&d=identicon&r=g","caption":"Mundo ITAM"},"description":"Mundo ITAM es el blog oficial del Instituto Tecnol\u00f3gico Aut\u00f3nomo de M\u00e9xico. Aqu\u00ed podr\u00e1s informarte y aprender acerca de los temas que acaparan los titulares en M\u00e9xico y el mundo, a partir de los textos y videos de nuestras conferencias. Podr\u00e1s conoce a nuestros profesores destacados, en los \u00e1mbitos p\u00fablico y privado de nuestro pa\u00eds, gracias a las entrevistas exclusivas que aqu\u00ed te presentamos.","url":"https:\/\/mundoitam.com\/en\/author\/mundoitam\/"}]}},"jetpack_publicize_connections":[],"jetpack_featured_media_url":"https:\/\/i0.wp.com\/mundoitam.com\/wp-content\/uploads\/2023\/09\/potada-SEM.-fin.jpg?fit=960%2C1280&ssl=1","jetpack_sharing_enabled":true,"jetpack_shortlink":"https:\/\/wp.me\/pCVpr-6hw","jetpack_likes_enabled":true,"jetpack-related-posts":[{"id":21308,"url":"https:\/\/mundoitam.com\/en\/2022\/10\/26\/itam-alumni-office-launches-red-exitam-in-miami\/","url_meta":{"origin":24150,"position":0},"title":"ITAM Alumni Office launches &#8220;Red ExITAM&#8221; in Miami","author":"Mundo ITAM","date":"26 October 2022","format":"image","excerpt":"On August 17th, ITAM\u00b4s Office of Alumni Affairs launched a new chapter of \"Red ExITAM\" in Miami to promote the networking and integration platform between ITAM\u00b4s community members in Florida.","rel":"","context":"In &quot;Alumni&quot;","block_context":{"text":"Alumni","link":"https:\/\/mundoitam.com\/en\/category\/alumni\/"},"img":{"alt_text":"RED EX ITAM MIAMI","src":"https:\/\/i0.wp.com\/mundoitam.com\/wp-content\/uploads\/2022\/09\/ExITAM-Miami-principal.jpg?fit=960%2C960&ssl=1&resize=350%2C200","width":350,"height":200,"srcset":"https:\/\/i0.wp.com\/mundoitam.com\/wp-content\/uploads\/2022\/09\/ExITAM-Miami-principal.jpg?fit=960%2C960&ssl=1&resize=350%2C200 1x, https:\/\/i0.wp.com\/mundoitam.com\/wp-content\/uploads\/2022\/09\/ExITAM-Miami-principal.jpg?fit=960%2C960&ssl=1&resize=525%2C300 1.5x, https:\/\/i0.wp.com\/mundoitam.com\/wp-content\/uploads\/2022\/09\/ExITAM-Miami-principal.jpg?fit=960%2C960&ssl=1&resize=700%2C400 2x"},"classes":[]},{"id":27402,"url":"https:\/\/mundoitam.com\/en\/2024\/10\/03\/itam-presents-its-new-podcast-orgulloitam\/","url_meta":{"origin":24150,"position":1},"title":"ITAM presents its new podcast #OrgulloITAM!","author":"Mundo ITAM","date":"3 October 2024","format":false,"excerpt":"Each ITAM graduate has a story to tell. Discover the stories and experiences that changed their lifes in ITAM's podcats: #OrgulloITAM","rel":"","context":"In &quot;Alumni&quot;","block_context":{"text":"Alumni","link":"https:\/\/mundoitam.com\/en\/category\/alumni\/"},"img":{"alt_text":"orgullo-itam","src":"https:\/\/i0.wp.com\/mundoitam.com\/wp-content\/uploads\/2024\/10\/orgullo-mundo-itam.jpg?fit=900%2C1200&ssl=1&resize=350%2C200","width":350,"height":200,"srcset":"https:\/\/i0.wp.com\/mundoitam.com\/wp-content\/uploads\/2024\/10\/orgullo-mundo-itam.jpg?fit=900%2C1200&ssl=1&resize=350%2C200 1x, https:\/\/i0.wp.com\/mundoitam.com\/wp-content\/uploads\/2024\/10\/orgullo-mundo-itam.jpg?fit=900%2C1200&ssl=1&resize=525%2C300 1.5x, https:\/\/i0.wp.com\/mundoitam.com\/wp-content\/uploads\/2024\/10\/orgullo-mundo-itam.jpg?fit=900%2C1200&ssl=1&resize=700%2C400 2x"},"classes":[]},{"id":16844,"url":"https:\/\/mundoitam.com\/en\/2021\/02\/22\/alumni-connect-with-itam-to-say-goodbye-to-2020\/","url_meta":{"origin":24150,"position":2},"title":"Alumni connect with ITAM to say goodbye to 2020","author":"Mundo ITAM","date":"22 February 2021","format":false,"excerpt":"On the occasion of the end of the year 2020, the ITAM Alumni Office organized a year-end toast for the graduates of each of the careers and postgraduate courses offered by ITAM.","rel":"","context":"In &quot;-&quot;","block_context":{"text":"-","link":"https:\/\/mundoitam.com\/en\/category\/579146653\/"},"img":{"alt_text":"","src":"https:\/\/i0.wp.com\/mundoitam.com\/wp-content\/uploads\/2021\/01\/exalumnos-despiden.png?fit=1200%2C675&ssl=1&resize=350%2C200","width":350,"height":200,"srcset":"https:\/\/i0.wp.com\/mundoitam.com\/wp-content\/uploads\/2021\/01\/exalumnos-despiden.png?fit=1200%2C675&ssl=1&resize=350%2C200 1x, https:\/\/i0.wp.com\/mundoitam.com\/wp-content\/uploads\/2021\/01\/exalumnos-despiden.png?fit=1200%2C675&ssl=1&resize=525%2C300 1.5x, https:\/\/i0.wp.com\/mundoitam.com\/wp-content\/uploads\/2021\/01\/exalumnos-despiden.png?fit=1200%2C675&ssl=1&resize=700%2C400 2x, https:\/\/i0.wp.com\/mundoitam.com\/wp-content\/uploads\/2021\/01\/exalumnos-despiden.png?fit=1200%2C675&ssl=1&resize=1050%2C600 3x"},"classes":[]},{"id":22646,"url":"https:\/\/mundoitam.com\/en\/2023\/02\/20\/2023-job-fair\/","url_meta":{"origin":24150,"position":3},"title":"2023 Job Fair","author":"Mundo ITAM","date":"20 February 2023","format":false,"excerpt":"During ITAM's 2023 Job Fair, 78 national and international companies made their opportunities known to 1,415 ITAM students and alumni.","rel":"","context":"In \"2023 ITAM's Job Fair\"","block_context":{"text":"2023 ITAM's Job Fair","link":"https:\/\/mundoitam.com\/en\/tag\/2023-itams-job-fair\/"},"img":{"alt_text":"","src":"https:\/\/i0.wp.com\/mundoitam.com\/wp-content\/uploads\/2023\/02\/6.jpg?fit=960%2C960&ssl=1&resize=350%2C200","width":350,"height":200,"srcset":"https:\/\/i0.wp.com\/mundoitam.com\/wp-content\/uploads\/2023\/02\/6.jpg?fit=960%2C960&ssl=1&resize=350%2C200 1x, https:\/\/i0.wp.com\/mundoitam.com\/wp-content\/uploads\/2023\/02\/6.jpg?fit=960%2C960&ssl=1&resize=525%2C300 1.5x, https:\/\/i0.wp.com\/mundoitam.com\/wp-content\/uploads\/2023\/02\/6.jpg?fit=960%2C960&ssl=1&resize=700%2C400 2x"},"classes":[]},{"id":26469,"url":"https:\/\/mundoitam.com\/en\/2024\/08\/14\/itam-alumni-gather-to-strengthen-the-community-and-learn-about-itam-projection\/","url_meta":{"origin":24150,"position":4},"title":"ITAM alumni gather to strengthen the community and learn about ITAM Projection","author":"Mundo ITAM","date":"14 August 2024","format":"image","excerpt":"ITAM alumni gather to learn about ITAM Projection, a philanthropy and scholarship project for future leaders.","rel":"","context":"In &quot;Alumni&quot;","block_context":{"text":"Alumni","link":"https:\/\/mundoitam.com\/en\/category\/alumni\/"},"img":{"alt_text":"Desayuno de Proyecci\u00f3n ITAM. Foto ITAM.","src":"https:\/\/i0.wp.com\/mundoitam.com\/wp-content\/uploads\/2024\/08\/IMG_3338.jpg?fit=1200%2C623&ssl=1&resize=350%2C200","width":350,"height":200,"srcset":"https:\/\/i0.wp.com\/mundoitam.com\/wp-content\/uploads\/2024\/08\/IMG_3338.jpg?fit=1200%2C623&ssl=1&resize=350%2C200 1x, https:\/\/i0.wp.com\/mundoitam.com\/wp-content\/uploads\/2024\/08\/IMG_3338.jpg?fit=1200%2C623&ssl=1&resize=525%2C300 1.5x, https:\/\/i0.wp.com\/mundoitam.com\/wp-content\/uploads\/2024\/08\/IMG_3338.jpg?fit=1200%2C623&ssl=1&resize=700%2C400 2x, https:\/\/i0.wp.com\/mundoitam.com\/wp-content\/uploads\/2024\/08\/IMG_3338.jpg?fit=1200%2C623&ssl=1&resize=1050%2C600 3x"},"classes":[]},{"id":15985,"url":"https:\/\/mundoitam.com\/en\/2020\/10\/26\/maria-asuncion-aramburuzabala-outstanding-itam-alumnus-2018-carrera-al-universo-award\/","url_meta":{"origin":24150,"position":5},"title":"Mar\u00eda Asunci\u00f3n Aramburuzabala, Outstanding ITAM Alumnus, 2018 Carrera al Universo Award","author":"Mundo ITAM","date":"26 October 2020","format":"image","excerpt":"The renowned Mexican businesswoman Mar\u00eda Asunci\u00f3n Aramburuzabala received the annual Carrera al Universo (Race to the Universe) award from ITAM and its alumni association in a ceremony that celebrated the careers of its most outstanding graduates. The M\u00e9rito Profesional (Professional Merit) awards were also presented at the event. \u201cHaving been\u2026","rel":"","context":"In &quot;Awards and recognition&quot;","block_context":{"text":"Awards and recognition","link":"https:\/\/mundoitam.com\/en\/category\/awards-and-recognition\/"},"img":{"alt_text":"GanadoresCUyMP2018","src":"https:\/\/i0.wp.com\/mundoitam.com\/wp-content\/uploads\/2018\/12\/GanadoresCUyMP2018.jpg?fit=1200%2C806&ssl=1&resize=350%2C200","width":350,"height":200,"srcset":"https:\/\/i0.wp.com\/mundoitam.com\/wp-content\/uploads\/2018\/12\/GanadoresCUyMP2018.jpg?fit=1200%2C806&ssl=1&resize=350%2C200 1x, https:\/\/i0.wp.com\/mundoitam.com\/wp-content\/uploads\/2018\/12\/GanadoresCUyMP2018.jpg?fit=1200%2C806&ssl=1&resize=525%2C300 1.5x, https:\/\/i0.wp.com\/mundoitam.com\/wp-content\/uploads\/2018\/12\/GanadoresCUyMP2018.jpg?fit=1200%2C806&ssl=1&resize=700%2C400 2x, https:\/\/i0.wp.com\/mundoitam.com\/wp-content\/uploads\/2018\/12\/GanadoresCUyMP2018.jpg?fit=1200%2C806&ssl=1&resize=1050%2C600 3x"},"classes":[]}],"amp_enabled":true,"_links":{"self":[{"href":"https:\/\/mundoitam.com\/en\/wp-json\/wp\/v2\/posts\/24150","targetHints":{"allow":["GET"]}}],"collection":[{"href":"https:\/\/mundoitam.com\/en\/wp-json\/wp\/v2\/posts"}],"about":[{"href":"https:\/\/mundoitam.com\/en\/wp-json\/wp\/v2\/types\/post"}],"author":[{"embeddable":true,"href":"https:\/\/mundoitam.com\/en\/wp-json\/wp\/v2\/users\/10"}],"replies":[{"embeddable":true,"href":"https:\/\/mundoitam.com\/en\/wp-json\/wp\/v2\/comments?post=24150"}],"version-history":[{"count":1,"href":"https:\/\/mundoitam.com\/en\/wp-json\/wp\/v2\/posts\/24150\/revisions"}],"predecessor-version":[{"id":24151,"href":"https:\/\/mundoitam.com\/en\/wp-json\/wp\/v2\/posts\/24150\/revisions\/24151"}],"wp:featuredmedia":[{"embeddable":true,"href":"https:\/\/mundoitam.com\/en\/wp-json\/wp\/v2\/media\/24139"}],"wp:attachment":[{"href":"https:\/\/mundoitam.com\/en\/wp-json\/wp\/v2\/media?parent=24150"}],"wp:term":[{"taxonomy":"category","embeddable":true,"href":"https:\/\/mundoitam.com\/en\/wp-json\/wp\/v2\/categories?post=24150"},{"taxonomy":"post_tag","embeddable":true,"href":"https:\/\/mundoitam.com\/en\/wp-json\/wp\/v2\/tags?post=24150"}],"curies":[{"name":"wp","href":"https:\/\/api.w.org\/{rel}","templated":true}]}}