{"id":26469,"date":"2024-08-14T14:41:53","date_gmt":"2024-08-14T19:41:53","guid":{"rendered":"https:\/\/mundoitam.com\/2024\/08\/14\/itam-alumni-gather-to-strengthen-the-community-and-learn-about-itam-projection\/"},"modified":"2024-08-14T14:41:53","modified_gmt":"2024-08-14T19:41:53","slug":"itam-alumni-gather-to-strengthen-the-community-and-learn-about-itam-projection","status":"publish","type":"post","link":"https:\/\/mundoitam.com\/en\/2024\/08\/14\/itam-alumni-gather-to-strengthen-the-community-and-learn-about-itam-projection\/","title":{"rendered":"ITAM alumni gather to strengthen the community and learn about ITAM Projection"},"content":{"rendered":"<p style=\"text-align: left;\">Last august 7th, alumni of the <a href=\"https:\/\/contaduria.itam.mx\/\" target=\"_blank\" rel=\"noopener\">Accounting<\/a>, <a href=\"https:\/\/administracion.itam.mx\/\" target=\"_blank\" rel=\"noopener\">Business Administration<\/a> and <a href=\"https:\/\/economia.itam.mx\/es\" target=\"_blank\" rel=\"noopener\">Economics<\/a> undergraduate programs at ITAM met for breakfast to share a pleasant reunion and discuss the recent changes in the institution. In a friendly environment, Dr. Arturo Fernandez, ITAM&#8217;s Dean, explained how the education provided by ITAM continues to impact positively in its alumni, allowing them to occupy management positions in a national and international level. <\/p><div id=\"mundo-3714254221\" class=\"mundo-contenido mundo-entity-placement\" style=\"margin-top: 20px;margin-bottom: 20px;\"><style type=\"text\/css\">\r\n .ad-square h3 { \r\n\tfont-size: 11px;\r\n    font-weight: 300;\r\n    letter-spacing: 2.3px;\r\n    color: #6a6c6e;\r\n    font-weight: normal;\r\n    margin: 18px 0;  \r\n\tfont-family: \"Lato\", \"Helvetica Neue\", Helvetica, Arial, sans-serif;\r\n\t}\r\n<\/style>\r\n\r\n<!--<center> <div class=\"ad-square\">\r\n\t\t\t\t\t\t\t<h3>ANUNCIO<\/h3>\r\n<a href=\"https:\/\/noche.itam.mx\/\" target=\"_blank\"><img decoding=\"async\" width=\"300\" src=\"https:\/\/mundoitam.com\/wp-content\/uploads\/2021\/11\/noche-itam-v2.png\" alt=\"Anuncio\" style=\"border: none; display: block;\"><\/a>\r\n\r\n<\/div> <\/center>--><\/div>\n<div class=\"mceTemp\" style=\"text-align: left;\"><\/div>\n<figure id=\"attachment_26398\" aria-describedby=\"caption-attachment-26398\" style=\"width: 1000px\" class=\"wp-caption aligncenter\"><img data-recalc-dims=\"1\" loading=\"lazy\" decoding=\"async\" class=\"size-large wp-image-26398\" src=\"https:\/\/i0.wp.com\/mundoitam.com\/wp-content\/uploads\/2024\/08\/IMG_3349.jpg?resize=1000%2C750&#038;ssl=1\" alt=\"ITAM alumni during the ITAM Projection breakfast. ITAM Photography.\" width=\"1000\" height=\"750\" srcset=\"https:\/\/i0.wp.com\/mundoitam.com\/wp-content\/uploads\/2024\/08\/IMG_3349.jpg?resize=1024%2C768&amp;ssl=1 1024w, https:\/\/i0.wp.com\/mundoitam.com\/wp-content\/uploads\/2024\/08\/IMG_3349.jpg?resize=300%2C225&amp;ssl=1 300w, https:\/\/i0.wp.com\/mundoitam.com\/wp-content\/uploads\/2024\/08\/IMG_3349.jpg?resize=768%2C576&amp;ssl=1 768w, https:\/\/i0.wp.com\/mundoitam.com\/wp-content\/uploads\/2024\/08\/IMG_3349.jpg?resize=400%2C300&amp;ssl=1 400w, https:\/\/i0.wp.com\/mundoitam.com\/wp-content\/uploads\/2024\/08\/IMG_3349.jpg?w=1280&amp;ssl=1 1280w\" sizes=\"auto, (max-width: 1000px) 100vw, 1000px\" \/><figcaption id=\"caption-attachment-26398\" class=\"wp-caption-text\">ITAM alumni during the ITAM Projection breakfast ITAM photography<\/figcaption><\/figure>\n<h2 style=\"text-align: left;\"><strong>ITAM Projection: a philanthropy project and institutional development<\/strong><\/h2>\n<p style=\"text-align: left;\">During the breakfast, the <a href=\"https:\/\/finanzas.itam.mx\/pagostdc\/regproyeccionitam.asp\" target=\"_blank\" rel=\"noopener\"><strong>ITAM Projection<\/strong><\/a> campaign, aimed at strengthening the academic scholarships program and boosting entrepreneurship, research and infrastructure areas on a long run. The Advisory Board and the donors in attendance discussed about the importance of joining the initiative to make the dreams come true of talented young people that wish to study in our beloved alma mater. <\/p>\n<h4 style=\"text-align: left;\">ITAM Projection Advisory Council<\/h4>\n<div data-carousel-extra='{&quot;blog_id&quot;:1,&quot;permalink&quot;:&quot;https:\/\/mundoitam.com\/en\/2024\/08\/14\/itam-alumni-gather-to-strengthen-the-community-and-learn-about-itam-projection\/&quot;}' id='gallery-1' class='gallery galleryid-26469 gallery-columns-5 gallery-size-medium'><figure class='gallery-item'>\n\t\t\t<div class='gallery-icon portrait'>\n\t\t\t\t<a href='https:\/\/mundoitam.com\/en\/2024\/08\/14\/itam-alumni-gather-to-strengthen-the-community-and-learn-about-itam-projection\/arturo-fernandez-perez-2\/'><img loading=\"lazy\" decoding=\"async\" width=\"256\" height=\"300\" src=\"https:\/\/i0.wp.com\/mundoitam.com\/wp-content\/uploads\/2024\/08\/Arturo-Fernandez-Perez.jpg?fit=256%2C300&amp;ssl=1\" class=\"attachment-medium size-medium\" alt=\"\" aria-describedby=\"gallery-1-26423\" srcset=\"https:\/\/i0.wp.com\/mundoitam.com\/wp-content\/uploads\/2024\/08\/Arturo-Fernandez-Perez.jpg?w=286&amp;ssl=1 286w, https:\/\/i0.wp.com\/mundoitam.com\/wp-content\/uploads\/2024\/08\/Arturo-Fernandez-Perez.jpg?resize=256%2C300&amp;ssl=1 256w\" sizes=\"auto, (max-width: 256px) 100vw, 256px\" data-attachment-id=\"26423\" data-permalink=\"https:\/\/mundoitam.com\/en\/2024\/08\/14\/itam-alumni-gather-to-strengthen-the-community-and-learn-about-itam-projection\/arturo-fernandez-perez-2\/\" data-orig-file=\"https:\/\/i0.wp.com\/mundoitam.com\/wp-content\/uploads\/2024\/08\/Arturo-Fernandez-Perez.jpg?fit=286%2C335&amp;ssl=1\" data-orig-size=\"286,335\" data-comments-opened=\"1\" data-image-meta=\"{&quot;aperture&quot;:&quot;0&quot;,&quot;credit&quot;:&quot;&quot;,&quot;camera&quot;:&quot;&quot;,&quot;caption&quot;:&quot;&quot;,&quot;created_timestamp&quot;:&quot;0&quot;,&quot;copyright&quot;:&quot;&quot;,&quot;focal_length&quot;:&quot;0&quot;,&quot;iso&quot;:&quot;0&quot;,&quot;shutter_speed&quot;:&quot;0&quot;,&quot;title&quot;:&quot;&quot;,&quot;orientation&quot;:&quot;0&quot;}\" data-image-title=\"Arturo-Fernandez-Perez\" data-image-description=\"\" data-image-caption=\"&lt;p&gt;Arturo Fern\u00e1ndez P\u00e9rez&lt;\/p&gt;\n\" data-large-file=\"https:\/\/i0.wp.com\/mundoitam.com\/wp-content\/uploads\/2024\/08\/Arturo-Fernandez-Perez.jpg?fit=286%2C335&amp;ssl=1\" \/><\/a>\n\t\t\t<\/div>\n\t\t\t\t<figcaption class='wp-caption-text gallery-caption' id='gallery-1-26423'>\n\t\t\t\tArturo Fern\u00e1ndez P\u00e9rez\n\t\t\t\t<\/figcaption><\/figure><figure class='gallery-item'>\n\t\t\t<div class='gallery-icon portrait'>\n\t\t\t\t<a href='https:\/\/mundoitam.com\/en\/2024\/08\/14\/itam-alumni-gather-to-strengthen-the-community-and-learn-about-itam-projection\/alejandro-hernandez-delgado-2\/'><img loading=\"lazy\" decoding=\"async\" width=\"258\" height=\"300\" src=\"https:\/\/i0.wp.com\/mundoitam.com\/wp-content\/uploads\/2024\/08\/Alejandro-Hernandez-Delgado.jpg?fit=258%2C300&amp;ssl=1\" class=\"attachment-medium size-medium\" alt=\"\" aria-describedby=\"gallery-1-26421\" srcset=\"https:\/\/i0.wp.com\/mundoitam.com\/wp-content\/uploads\/2024\/08\/Alejandro-Hernandez-Delgado.jpg?w=297&amp;ssl=1 297w, https:\/\/i0.wp.com\/mundoitam.com\/wp-content\/uploads\/2024\/08\/Alejandro-Hernandez-Delgado.jpg?resize=258%2C300&amp;ssl=1 258w\" sizes=\"auto, (max-width: 258px) 100vw, 258px\" data-attachment-id=\"26421\" data-permalink=\"https:\/\/mundoitam.com\/en\/2024\/08\/14\/itam-alumni-gather-to-strengthen-the-community-and-learn-about-itam-projection\/alejandro-hernandez-delgado-2\/\" data-orig-file=\"https:\/\/i0.wp.com\/mundoitam.com\/wp-content\/uploads\/2024\/08\/Alejandro-Hernandez-Delgado.jpg?fit=297%2C346&amp;ssl=1\" data-orig-size=\"297,346\" data-comments-opened=\"1\" data-image-meta=\"{&quot;aperture&quot;:&quot;0&quot;,&quot;credit&quot;:&quot;&quot;,&quot;camera&quot;:&quot;&quot;,&quot;caption&quot;:&quot;&quot;,&quot;created_timestamp&quot;:&quot;0&quot;,&quot;copyright&quot;:&quot;&quot;,&quot;focal_length&quot;:&quot;0&quot;,&quot;iso&quot;:&quot;0&quot;,&quot;shutter_speed&quot;:&quot;0&quot;,&quot;title&quot;:&quot;&quot;,&quot;orientation&quot;:&quot;0&quot;}\" data-image-title=\"Alejandro-Hernandez-Delgado\" data-image-description=\"\" data-image-caption=\"&lt;p&gt;Alejandro Hern\u00e1ndez Delgado &lt;\/p&gt;\n\" data-large-file=\"https:\/\/i0.wp.com\/mundoitam.com\/wp-content\/uploads\/2024\/08\/Alejandro-Hernandez-Delgado.jpg?fit=297%2C346&amp;ssl=1\" \/><\/a>\n\t\t\t<\/div>\n\t\t\t\t<figcaption class='wp-caption-text gallery-caption' id='gallery-1-26421'>\n\t\t\t\tAlejandro Hern\u00e1ndez Delgado \n\t\t\t\t<\/figcaption><\/figure><figure class='gallery-item'>\n\t\t\t<div class='gallery-icon portrait'>\n\t\t\t\t<a href='https:\/\/mundoitam.com\/en\/2024\/08\/14\/itam-alumni-gather-to-strengthen-the-community-and-learn-about-itam-projection\/alejandra-peralta-borja-2\/'><img loading=\"lazy\" decoding=\"async\" width=\"253\" height=\"300\" src=\"https:\/\/i0.wp.com\/mundoitam.com\/wp-content\/uploads\/2024\/08\/Alejandra-Peralta-Borja.jpg?fit=253%2C300&amp;ssl=1\" class=\"attachment-medium size-medium\" alt=\"\" aria-describedby=\"gallery-1-26417\" srcset=\"https:\/\/i0.wp.com\/mundoitam.com\/wp-content\/uploads\/2024\/08\/Alejandra-Peralta-Borja.jpg?w=293&amp;ssl=1 293w, https:\/\/i0.wp.com\/mundoitam.com\/wp-content\/uploads\/2024\/08\/Alejandra-Peralta-Borja.jpg?resize=253%2C300&amp;ssl=1 253w\" sizes=\"auto, (max-width: 253px) 100vw, 253px\" data-attachment-id=\"26417\" data-permalink=\"https:\/\/mundoitam.com\/en\/2024\/08\/14\/itam-alumni-gather-to-strengthen-the-community-and-learn-about-itam-projection\/alejandra-peralta-borja-2\/\" data-orig-file=\"https:\/\/i0.wp.com\/mundoitam.com\/wp-content\/uploads\/2024\/08\/Alejandra-Peralta-Borja.jpg?fit=293%2C347&amp;ssl=1\" data-orig-size=\"293,347\" data-comments-opened=\"1\" data-image-meta=\"{&quot;aperture&quot;:&quot;0&quot;,&quot;credit&quot;:&quot;&quot;,&quot;camera&quot;:&quot;&quot;,&quot;caption&quot;:&quot;&quot;,&quot;created_timestamp&quot;:&quot;0&quot;,&quot;copyright&quot;:&quot;&quot;,&quot;focal_length&quot;:&quot;0&quot;,&quot;iso&quot;:&quot;0&quot;,&quot;shutter_speed&quot;:&quot;0&quot;,&quot;title&quot;:&quot;&quot;,&quot;orientation&quot;:&quot;0&quot;}\" data-image-title=\"Alejandra-Peralta-Borja\" data-image-description=\"\" data-image-caption=\"&lt;p&gt;Alejandra Peralta Borja&lt;\/p&gt;\n\" data-large-file=\"https:\/\/i0.wp.com\/mundoitam.com\/wp-content\/uploads\/2024\/08\/Alejandra-Peralta-Borja.jpg?fit=293%2C347&amp;ssl=1\" \/><\/a>\n\t\t\t<\/div>\n\t\t\t\t<figcaption class='wp-caption-text gallery-caption' id='gallery-1-26417'>\n\t\t\t\tAlejandra Peralta Borja\n\t\t\t\t<\/figcaption><\/figure><figure class='gallery-item'>\n\t\t\t<div class='gallery-icon portrait'>\n\t\t\t\t<a href='https:\/\/mundoitam.com\/en\/2024\/08\/14\/itam-alumni-gather-to-strengthen-the-community-and-learn-about-itam-projection\/claudia-aburto-rancano-2-2\/'><img loading=\"lazy\" decoding=\"async\" width=\"254\" height=\"300\" src=\"https:\/\/i0.wp.com\/mundoitam.com\/wp-content\/uploads\/2024\/08\/Claudia-Aburto-Rancano.jpg?fit=254%2C300&amp;ssl=1\" class=\"attachment-medium size-medium\" alt=\"Pa\" aria-describedby=\"gallery-1-26419\" srcset=\"https:\/\/i0.wp.com\/mundoitam.com\/wp-content\/uploads\/2024\/08\/Claudia-Aburto-Rancano.jpg?w=294&amp;ssl=1 294w, https:\/\/i0.wp.com\/mundoitam.com\/wp-content\/uploads\/2024\/08\/Claudia-Aburto-Rancano.jpg?resize=254%2C300&amp;ssl=1 254w\" sizes=\"auto, (max-width: 254px) 100vw, 254px\" data-attachment-id=\"26419\" data-permalink=\"https:\/\/mundoitam.com\/en\/2024\/08\/14\/itam-alumni-gather-to-strengthen-the-community-and-learn-about-itam-projection\/claudia-aburto-rancano-2-2\/\" data-orig-file=\"https:\/\/i0.wp.com\/mundoitam.com\/wp-content\/uploads\/2024\/08\/Claudia-Aburto-Rancano.jpg?fit=294%2C347&amp;ssl=1\" data-orig-size=\"294,347\" data-comments-opened=\"1\" data-image-meta=\"{&quot;aperture&quot;:&quot;0&quot;,&quot;credit&quot;:&quot;&quot;,&quot;camera&quot;:&quot;&quot;,&quot;caption&quot;:&quot;&quot;,&quot;created_timestamp&quot;:&quot;0&quot;,&quot;copyright&quot;:&quot;&quot;,&quot;focal_length&quot;:&quot;0&quot;,&quot;iso&quot;:&quot;0&quot;,&quot;shutter_speed&quot;:&quot;0&quot;,&quot;title&quot;:&quot;&quot;,&quot;orientation&quot;:&quot;0&quot;}\" data-image-title=\"Claudia-Aburto-Ranca\u00f1o\" data-image-description=\"\" data-image-caption=\"&lt;p&gt;Claudia Aburto Ranca\u00f1o&lt;\/p&gt;\n\" data-large-file=\"https:\/\/i0.wp.com\/mundoitam.com\/wp-content\/uploads\/2024\/08\/Claudia-Aburto-Rancano.jpg?fit=294%2C347&amp;ssl=1\" \/><\/a>\n\t\t\t<\/div>\n\t\t\t\t<figcaption class='wp-caption-text gallery-caption' id='gallery-1-26419'>\n\t\t\t\tClaudia Aburto Ranca\u00f1o\n\t\t\t\t<\/figcaption><\/figure><figure class='gallery-item'>\n\t\t\t<div class='gallery-icon portrait'>\n\t\t\t\t<a href='https:\/\/mundoitam.com\/en\/2024\/08\/14\/itam-alumni-gather-to-strengthen-the-community-and-learn-about-itam-projection\/alejandro-noriega-besga-2\/'><img loading=\"lazy\" decoding=\"async\" width=\"243\" height=\"293\" src=\"https:\/\/i0.wp.com\/mundoitam.com\/wp-content\/uploads\/2024\/08\/Alejandro-Noriega-Besga.jpg?fit=243%2C293&amp;ssl=1\" class=\"attachment-medium size-medium\" alt=\"\" aria-describedby=\"gallery-1-26415\" data-attachment-id=\"26415\" data-permalink=\"https:\/\/mundoitam.com\/en\/2024\/08\/14\/itam-alumni-gather-to-strengthen-the-community-and-learn-about-itam-projection\/alejandro-noriega-besga-2\/\" data-orig-file=\"https:\/\/i0.wp.com\/mundoitam.com\/wp-content\/uploads\/2024\/08\/Alejandro-Noriega-Besga.jpg?fit=243%2C293&amp;ssl=1\" data-orig-size=\"243,293\" data-comments-opened=\"1\" data-image-meta=\"{&quot;aperture&quot;:&quot;0&quot;,&quot;credit&quot;:&quot;&quot;,&quot;camera&quot;:&quot;&quot;,&quot;caption&quot;:&quot;&quot;,&quot;created_timestamp&quot;:&quot;0&quot;,&quot;copyright&quot;:&quot;&quot;,&quot;focal_length&quot;:&quot;0&quot;,&quot;iso&quot;:&quot;0&quot;,&quot;shutter_speed&quot;:&quot;0&quot;,&quot;title&quot;:&quot;&quot;,&quot;orientation&quot;:&quot;0&quot;}\" data-image-title=\"Alejandro-Noriega-Besga\" data-image-description=\"\" data-image-caption=\"&lt;p&gt;Alejandro Noriega Besga&lt;\/p&gt;\n\" data-large-file=\"https:\/\/i0.wp.com\/mundoitam.com\/wp-content\/uploads\/2024\/08\/Alejandro-Noriega-Besga.jpg?fit=243%2C293&amp;ssl=1\" \/><\/a>\n\t\t\t<\/div>\n\t\t\t\t<figcaption class='wp-caption-text gallery-caption' id='gallery-1-26415'>\n\t\t\t\tAlejandro Noriega Besga\n\t\t\t\t<\/figcaption><\/figure><figure class='gallery-item'>\n\t\t\t<div class='gallery-icon portrait'>\n\t\t\t\t<a href='https:\/\/mundoitam.com\/en\/2024\/08\/14\/itam-alumni-gather-to-strengthen-the-community-and-learn-about-itam-projection\/guillermo-garcia-alcocer-2\/'><img loading=\"lazy\" decoding=\"async\" width=\"257\" height=\"300\" src=\"https:\/\/i0.wp.com\/mundoitam.com\/wp-content\/uploads\/2024\/08\/Guillermo-Garcia-Alcocer.jpg?fit=257%2C300&amp;ssl=1\" class=\"attachment-medium size-medium\" alt=\"Consejo Consultivo de Proyecci\u00f3n ITAM\" aria-describedby=\"gallery-1-26405\" srcset=\"https:\/\/i0.wp.com\/mundoitam.com\/wp-content\/uploads\/2024\/08\/Guillermo-Garcia-Alcocer.jpg?w=297&amp;ssl=1 297w, https:\/\/i0.wp.com\/mundoitam.com\/wp-content\/uploads\/2024\/08\/Guillermo-Garcia-Alcocer.jpg?resize=257%2C300&amp;ssl=1 257w\" sizes=\"auto, (max-width: 257px) 100vw, 257px\" data-attachment-id=\"26405\" data-permalink=\"https:\/\/mundoitam.com\/en\/2024\/08\/14\/itam-alumni-gather-to-strengthen-the-community-and-learn-about-itam-projection\/guillermo-garcia-alcocer-2\/\" data-orig-file=\"https:\/\/i0.wp.com\/mundoitam.com\/wp-content\/uploads\/2024\/08\/Guillermo-Garcia-Alcocer.jpg?fit=297%2C347&amp;ssl=1\" data-orig-size=\"297,347\" data-comments-opened=\"1\" data-image-meta=\"{&quot;aperture&quot;:&quot;0&quot;,&quot;credit&quot;:&quot;&quot;,&quot;camera&quot;:&quot;&quot;,&quot;caption&quot;:&quot;&quot;,&quot;created_timestamp&quot;:&quot;0&quot;,&quot;copyright&quot;:&quot;&quot;,&quot;focal_length&quot;:&quot;0&quot;,&quot;iso&quot;:&quot;0&quot;,&quot;shutter_speed&quot;:&quot;0&quot;,&quot;title&quot;:&quot;&quot;,&quot;orientation&quot;:&quot;0&quot;}\" data-image-title=\"Guillermo-Garc\u00eda-Alcocer\" data-image-description=\"&lt;p&gt;Consejo Consultivo de Proyecci\u00f3n ITAM&lt;\/p&gt;\n\" data-image-caption=\"&lt;p&gt;Consejo Consultivo de Proyecci\u00f3n ITAM&lt;\/p&gt;\n\" data-large-file=\"https:\/\/i0.wp.com\/mundoitam.com\/wp-content\/uploads\/2024\/08\/Guillermo-Garcia-Alcocer.jpg?fit=297%2C347&amp;ssl=1\" \/><\/a>\n\t\t\t<\/div>\n\t\t\t\t<figcaption class='wp-caption-text gallery-caption' id='gallery-1-26405'>\n\t\t\t\tConsejo Consultivo de Proyecci\u00f3n ITAM\n\t\t\t\t<\/figcaption><\/figure><figure class='gallery-item'>\n\t\t\t<div class='gallery-icon portrait'>\n\t\t\t\t<a href='https:\/\/mundoitam.com\/en\/2024\/08\/14\/itam-alumni-gather-to-strengthen-the-community-and-learn-about-itam-projection\/federico-kuhlmann-rodriguez-2\/'><img loading=\"lazy\" decoding=\"async\" width=\"255\" height=\"300\" src=\"https:\/\/i0.wp.com\/mundoitam.com\/wp-content\/uploads\/2024\/08\/Federico-Kuhlmann-Rodriguez.jpg?fit=255%2C300&amp;ssl=1\" class=\"attachment-medium size-medium\" alt=\"\" aria-describedby=\"gallery-1-26407\" srcset=\"https:\/\/i0.wp.com\/mundoitam.com\/wp-content\/uploads\/2024\/08\/Federico-Kuhlmann-Rodriguez.jpg?w=295&amp;ssl=1 295w, https:\/\/i0.wp.com\/mundoitam.com\/wp-content\/uploads\/2024\/08\/Federico-Kuhlmann-Rodriguez.jpg?resize=255%2C300&amp;ssl=1 255w\" sizes=\"auto, (max-width: 255px) 100vw, 255px\" data-attachment-id=\"26407\" data-permalink=\"https:\/\/mundoitam.com\/en\/2024\/08\/14\/itam-alumni-gather-to-strengthen-the-community-and-learn-about-itam-projection\/federico-kuhlmann-rodriguez-2\/\" data-orig-file=\"https:\/\/i0.wp.com\/mundoitam.com\/wp-content\/uploads\/2024\/08\/Federico-Kuhlmann-Rodriguez.jpg?fit=295%2C347&amp;ssl=1\" data-orig-size=\"295,347\" data-comments-opened=\"1\" data-image-meta=\"{&quot;aperture&quot;:&quot;0&quot;,&quot;credit&quot;:&quot;&quot;,&quot;camera&quot;:&quot;&quot;,&quot;caption&quot;:&quot;&quot;,&quot;created_timestamp&quot;:&quot;0&quot;,&quot;copyright&quot;:&quot;&quot;,&quot;focal_length&quot;:&quot;0&quot;,&quot;iso&quot;:&quot;0&quot;,&quot;shutter_speed&quot;:&quot;0&quot;,&quot;title&quot;:&quot;&quot;,&quot;orientation&quot;:&quot;0&quot;}\" data-image-title=\"Federico-Kuhlmann-Rodriguez\" data-image-description=\"\" data-image-caption=\"&lt;p&gt;Federico Kuhlmann Rodr\u00edguez&lt;\/p&gt;\n\" data-large-file=\"https:\/\/i0.wp.com\/mundoitam.com\/wp-content\/uploads\/2024\/08\/Federico-Kuhlmann-Rodriguez.jpg?fit=295%2C347&amp;ssl=1\" \/><\/a>\n\t\t\t<\/div>\n\t\t\t\t<figcaption class='wp-caption-text gallery-caption' id='gallery-1-26407'>\n\t\t\t\tFederico Kuhlmann Rodr\u00edguez\n\t\t\t\t<\/figcaption><\/figure><figure class='gallery-item'>\n\t\t\t<div class='gallery-icon portrait'>\n\t\t\t\t<a href='https:\/\/mundoitam.com\/en\/2024\/08\/14\/itam-alumni-gather-to-strengthen-the-community-and-learn-about-itam-projection\/cipriano-santisteban-espinosa-2\/'><img loading=\"lazy\" decoding=\"async\" width=\"256\" height=\"300\" src=\"https:\/\/i0.wp.com\/mundoitam.com\/wp-content\/uploads\/2024\/08\/Cipriano-Santisteban-Espinosa.jpg?fit=256%2C300&amp;ssl=1\" class=\"attachment-medium size-medium\" alt=\"\" aria-describedby=\"gallery-1-26409\" srcset=\"https:\/\/i0.wp.com\/mundoitam.com\/wp-content\/uploads\/2024\/08\/Cipriano-Santisteban-Espinosa.jpg?w=296&amp;ssl=1 296w, https:\/\/i0.wp.com\/mundoitam.com\/wp-content\/uploads\/2024\/08\/Cipriano-Santisteban-Espinosa.jpg?resize=256%2C300&amp;ssl=1 256w\" sizes=\"auto, (max-width: 256px) 100vw, 256px\" data-attachment-id=\"26409\" data-permalink=\"https:\/\/mundoitam.com\/en\/2024\/08\/14\/itam-alumni-gather-to-strengthen-the-community-and-learn-about-itam-projection\/cipriano-santisteban-espinosa-2\/\" data-orig-file=\"https:\/\/i0.wp.com\/mundoitam.com\/wp-content\/uploads\/2024\/08\/Cipriano-Santisteban-Espinosa.jpg?fit=296%2C347&amp;ssl=1\" data-orig-size=\"296,347\" data-comments-opened=\"1\" data-image-meta=\"{&quot;aperture&quot;:&quot;0&quot;,&quot;credit&quot;:&quot;&quot;,&quot;camera&quot;:&quot;&quot;,&quot;caption&quot;:&quot;&quot;,&quot;created_timestamp&quot;:&quot;0&quot;,&quot;copyright&quot;:&quot;&quot;,&quot;focal_length&quot;:&quot;0&quot;,&quot;iso&quot;:&quot;0&quot;,&quot;shutter_speed&quot;:&quot;0&quot;,&quot;title&quot;:&quot;&quot;,&quot;orientation&quot;:&quot;0&quot;}\" data-image-title=\"Cipriano-Santisteban-Espinosa\" data-image-description=\"\" data-image-caption=\"&lt;p&gt;Cipriano Santisteban Espinosa&lt;\/p&gt;\n\" data-large-file=\"https:\/\/i0.wp.com\/mundoitam.com\/wp-content\/uploads\/2024\/08\/Cipriano-Santisteban-Espinosa.jpg?fit=296%2C347&amp;ssl=1\" \/><\/a>\n\t\t\t<\/div>\n\t\t\t\t<figcaption class='wp-caption-text gallery-caption' id='gallery-1-26409'>\n\t\t\t\tCipriano Santisteban Espinosa\n\t\t\t\t<\/figcaption><\/figure><figure class='gallery-item'>\n\t\t\t<div class='gallery-icon portrait'>\n\t\t\t\t<a href='https:\/\/mundoitam.com\/en\/2024\/08\/14\/itam-alumni-gather-to-strengthen-the-community-and-learn-about-itam-projection\/ricardo-haneine-haua-2\/'><img loading=\"lazy\" decoding=\"async\" width=\"256\" height=\"300\" src=\"https:\/\/i0.wp.com\/mundoitam.com\/wp-content\/uploads\/2024\/08\/Ricardo-Haneine-Haua.jpg?fit=256%2C300&amp;ssl=1\" class=\"attachment-medium size-medium\" alt=\"\" aria-describedby=\"gallery-1-26411\" srcset=\"https:\/\/i0.wp.com\/mundoitam.com\/wp-content\/uploads\/2024\/08\/Ricardo-Haneine-Haua.jpg?w=296&amp;ssl=1 296w, https:\/\/i0.wp.com\/mundoitam.com\/wp-content\/uploads\/2024\/08\/Ricardo-Haneine-Haua.jpg?resize=256%2C300&amp;ssl=1 256w\" sizes=\"auto, (max-width: 256px) 100vw, 256px\" data-attachment-id=\"26411\" data-permalink=\"https:\/\/mundoitam.com\/en\/2024\/08\/14\/itam-alumni-gather-to-strengthen-the-community-and-learn-about-itam-projection\/ricardo-haneine-haua-2\/\" data-orig-file=\"https:\/\/i0.wp.com\/mundoitam.com\/wp-content\/uploads\/2024\/08\/Ricardo-Haneine-Haua.jpg?fit=296%2C347&amp;ssl=1\" data-orig-size=\"296,347\" data-comments-opened=\"1\" data-image-meta=\"{&quot;aperture&quot;:&quot;0&quot;,&quot;credit&quot;:&quot;&quot;,&quot;camera&quot;:&quot;&quot;,&quot;caption&quot;:&quot;&quot;,&quot;created_timestamp&quot;:&quot;0&quot;,&quot;copyright&quot;:&quot;&quot;,&quot;focal_length&quot;:&quot;0&quot;,&quot;iso&quot;:&quot;0&quot;,&quot;shutter_speed&quot;:&quot;0&quot;,&quot;title&quot;:&quot;&quot;,&quot;orientation&quot;:&quot;0&quot;}\" data-image-title=\"Ricardo-Haneine-Haua\" data-image-description=\"\" data-image-caption=\"&lt;p&gt;Ricardo Haneine-Haua&lt;\/p&gt;\n\" data-large-file=\"https:\/\/i0.wp.com\/mundoitam.com\/wp-content\/uploads\/2024\/08\/Ricardo-Haneine-Haua.jpg?fit=296%2C347&amp;ssl=1\" \/><\/a>\n\t\t\t<\/div>\n\t\t\t\t<figcaption class='wp-caption-text gallery-caption' id='gallery-1-26411'>\n\t\t\t\tRicardo Haneine-Haua\n\t\t\t\t<\/figcaption><\/figure><figure class='gallery-item'>\n\t\t\t<div class='gallery-icon portrait'>\n\t\t\t\t<a href='https:\/\/mundoitam.com\/en\/2024\/08\/14\/itam-alumni-gather-to-strengthen-the-community-and-learn-about-itam-projection\/alfonso-ramos-marcin-2\/'><img loading=\"lazy\" decoding=\"async\" width=\"246\" height=\"300\" src=\"https:\/\/i0.wp.com\/mundoitam.com\/wp-content\/uploads\/2024\/08\/Alfonso-Ramos-Marcin.jpg?fit=246%2C300&amp;ssl=1\" class=\"attachment-medium size-medium\" alt=\"\" aria-describedby=\"gallery-1-26413\" srcset=\"https:\/\/i0.wp.com\/mundoitam.com\/wp-content\/uploads\/2024\/08\/Alfonso-Ramos-Marcin.jpg?w=259&amp;ssl=1 259w, https:\/\/i0.wp.com\/mundoitam.com\/wp-content\/uploads\/2024\/08\/Alfonso-Ramos-Marcin.jpg?resize=246%2C300&amp;ssl=1 246w\" sizes=\"auto, (max-width: 246px) 100vw, 246px\" data-attachment-id=\"26413\" data-permalink=\"https:\/\/mundoitam.com\/en\/2024\/08\/14\/itam-alumni-gather-to-strengthen-the-community-and-learn-about-itam-projection\/alfonso-ramos-marcin-2\/\" data-orig-file=\"https:\/\/i0.wp.com\/mundoitam.com\/wp-content\/uploads\/2024\/08\/Alfonso-Ramos-Marcin.jpg?fit=259%2C316&amp;ssl=1\" data-orig-size=\"259,316\" data-comments-opened=\"1\" data-image-meta=\"{&quot;aperture&quot;:&quot;0&quot;,&quot;credit&quot;:&quot;&quot;,&quot;camera&quot;:&quot;&quot;,&quot;caption&quot;:&quot;&quot;,&quot;created_timestamp&quot;:&quot;0&quot;,&quot;copyright&quot;:&quot;&quot;,&quot;focal_length&quot;:&quot;0&quot;,&quot;iso&quot;:&quot;0&quot;,&quot;shutter_speed&quot;:&quot;0&quot;,&quot;title&quot;:&quot;&quot;,&quot;orientation&quot;:&quot;0&quot;}\" data-image-title=\"Alfonso-Ramos-Marc\u00edn\" data-image-description=\"\" data-image-caption=\"&lt;p&gt;Alfonso Ramos Marc\u00edn&lt;\/p&gt;\n\" data-large-file=\"https:\/\/i0.wp.com\/mundoitam.com\/wp-content\/uploads\/2024\/08\/Alfonso-Ramos-Marcin.jpg?fit=259%2C316&amp;ssl=1\" \/><\/a>\n\t\t\t<\/div>\n\t\t\t\t<figcaption class='wp-caption-text gallery-caption' id='gallery-1-26413'>\n\t\t\t\tAlfonso Ramos Marc\u00edn\n\t\t\t\t<\/figcaption><\/figure>\n\t\t<\/div>\n\n<p style=\"text-align: left;\">The heart of this gathering was in the presentation of the ITAM Projection project, initiative that, supported by the philanthropy of its community, looks to broaden the source of financing in the Institute. This project was built on the pillars of ITAM&#8217;s educational mission: academic scholarships that reflect the giving culture, entrepreneurship pushed by empathy towards new generations, research focused on well-being and improvements in infrastructure to promote an enviroment of excellence. <\/p>\n<div data-carousel-extra='{&quot;blog_id&quot;:1,&quot;permalink&quot;:&quot;https:\/\/mundoitam.com\/en\/2024\/08\/14\/itam-alumni-gather-to-strengthen-the-community-and-learn-about-itam-projection\/&quot;}' id='gallery-2' class='gallery galleryid-26469 gallery-columns-2 gallery-size-full'><figure class='gallery-item'>\n\t\t\t<div class='gallery-icon landscape'>\n\t\t\t\t<a href='https:\/\/mundoitam.com\/en\/2024\/08\/14\/itam-alumni-gather-to-strengthen-the-community-and-learn-about-itam-projection\/img_3324-2\/'><img loading=\"lazy\" decoding=\"async\" width=\"1280\" height=\"960\" src=\"https:\/\/i0.wp.com\/mundoitam.com\/wp-content\/uploads\/2024\/08\/IMG_3324.jpg?fit=1280%2C960&amp;ssl=1\" class=\"attachment-full size-full\" alt=\"\" aria-describedby=\"gallery-2-26397\" srcset=\"https:\/\/i0.wp.com\/mundoitam.com\/wp-content\/uploads\/2024\/08\/IMG_3324.jpg?w=1280&amp;ssl=1 1280w, https:\/\/i0.wp.com\/mundoitam.com\/wp-content\/uploads\/2024\/08\/IMG_3324.jpg?resize=300%2C225&amp;ssl=1 300w, https:\/\/i0.wp.com\/mundoitam.com\/wp-content\/uploads\/2024\/08\/IMG_3324.jpg?resize=1024%2C768&amp;ssl=1 1024w, https:\/\/i0.wp.com\/mundoitam.com\/wp-content\/uploads\/2024\/08\/IMG_3324.jpg?resize=768%2C576&amp;ssl=1 768w, https:\/\/i0.wp.com\/mundoitam.com\/wp-content\/uploads\/2024\/08\/IMG_3324.jpg?resize=400%2C300&amp;ssl=1 400w\" sizes=\"auto, (max-width: 1000px) 100vw, 1000px\" data-attachment-id=\"26397\" data-permalink=\"https:\/\/mundoitam.com\/en\/2024\/08\/14\/itam-alumni-gather-to-strengthen-the-community-and-learn-about-itam-projection\/img_3324-2\/\" data-orig-file=\"https:\/\/i0.wp.com\/mundoitam.com\/wp-content\/uploads\/2024\/08\/IMG_3324.jpg?fit=1280%2C960&amp;ssl=1\" data-orig-size=\"1280,960\" data-comments-opened=\"1\" data-image-meta=\"{&quot;aperture&quot;:&quot;0&quot;,&quot;credit&quot;:&quot;&quot;,&quot;camera&quot;:&quot;&quot;,&quot;caption&quot;:&quot;&quot;,&quot;created_timestamp&quot;:&quot;0&quot;,&quot;copyright&quot;:&quot;&quot;,&quot;focal_length&quot;:&quot;0&quot;,&quot;iso&quot;:&quot;0&quot;,&quot;shutter_speed&quot;:&quot;0&quot;,&quot;title&quot;:&quot;&quot;,&quot;orientation&quot;:&quot;0&quot;}\" data-image-title=\"IMG_3324\" data-image-description=\"\" data-image-caption=\"&lt;p&gt;Alejandro Noriega durante el desayuno de Proyecci\u00f3n ITAM. Foto ITAM.&lt;\/p&gt;\n\" data-large-file=\"https:\/\/i0.wp.com\/mundoitam.com\/wp-content\/uploads\/2024\/08\/IMG_3324.jpg?fit=1000%2C750&amp;ssl=1\" \/><\/a>\n\t\t\t<\/div>\n\t\t\t\t<figcaption class='wp-caption-text gallery-caption' id='gallery-2-26397'>\n\t\t\t\tAlejandro Noriega durante el desayuno de Proyecci\u00f3n ITAM. Foto ITAM.\n\t\t\t\t<\/figcaption><\/figure><figure class='gallery-item'>\n\t\t\t<div class='gallery-icon landscape'>\n\t\t\t\t<a href='https:\/\/mundoitam.com\/en\/2024\/08\/14\/itam-alumni-gather-to-strengthen-the-community-and-learn-about-itam-projection\/img_3305-2\/'><img loading=\"lazy\" decoding=\"async\" width=\"1280\" height=\"960\" src=\"https:\/\/i0.wp.com\/mundoitam.com\/wp-content\/uploads\/2024\/08\/IMG_3305.jpg?fit=1280%2C960&amp;ssl=1\" class=\"attachment-full size-full\" alt=\"\" aria-describedby=\"gallery-2-26393\" srcset=\"https:\/\/i0.wp.com\/mundoitam.com\/wp-content\/uploads\/2024\/08\/IMG_3305.jpg?w=1280&amp;ssl=1 1280w, https:\/\/i0.wp.com\/mundoitam.com\/wp-content\/uploads\/2024\/08\/IMG_3305.jpg?resize=300%2C225&amp;ssl=1 300w, https:\/\/i0.wp.com\/mundoitam.com\/wp-content\/uploads\/2024\/08\/IMG_3305.jpg?resize=1024%2C768&amp;ssl=1 1024w, https:\/\/i0.wp.com\/mundoitam.com\/wp-content\/uploads\/2024\/08\/IMG_3305.jpg?resize=768%2C576&amp;ssl=1 768w, https:\/\/i0.wp.com\/mundoitam.com\/wp-content\/uploads\/2024\/08\/IMG_3305.jpg?resize=400%2C300&amp;ssl=1 400w\" sizes=\"auto, (max-width: 1000px) 100vw, 1000px\" data-attachment-id=\"26393\" data-permalink=\"https:\/\/mundoitam.com\/en\/2024\/08\/14\/itam-alumni-gather-to-strengthen-the-community-and-learn-about-itam-projection\/img_3305-2\/\" data-orig-file=\"https:\/\/i0.wp.com\/mundoitam.com\/wp-content\/uploads\/2024\/08\/IMG_3305.jpg?fit=1280%2C960&amp;ssl=1\" data-orig-size=\"1280,960\" data-comments-opened=\"1\" data-image-meta=\"{&quot;aperture&quot;:&quot;0&quot;,&quot;credit&quot;:&quot;&quot;,&quot;camera&quot;:&quot;&quot;,&quot;caption&quot;:&quot;&quot;,&quot;created_timestamp&quot;:&quot;0&quot;,&quot;copyright&quot;:&quot;&quot;,&quot;focal_length&quot;:&quot;0&quot;,&quot;iso&quot;:&quot;0&quot;,&quot;shutter_speed&quot;:&quot;0&quot;,&quot;title&quot;:&quot;&quot;,&quot;orientation&quot;:&quot;0&quot;}\" data-image-title=\"IMG_3305\" data-image-description=\"\" data-image-caption=\"&lt;p&gt;Alejandra Peralta durante el desayuno de Proyecci\u00f3n ITAM. Foto ITAM.&lt;\/p&gt;\n\" data-large-file=\"https:\/\/i0.wp.com\/mundoitam.com\/wp-content\/uploads\/2024\/08\/IMG_3305.jpg?fit=1000%2C750&amp;ssl=1\" \/><\/a>\n\t\t\t<\/div>\n\t\t\t\t<figcaption class='wp-caption-text gallery-caption' id='gallery-2-26393'>\n\t\t\t\tAlejandra Peralta durante el desayuno de Proyecci\u00f3n ITAM. Foto ITAM.\n\t\t\t\t<\/figcaption><\/figure>\n\t\t<\/div>\n\n<h2 style=\"text-align: left;\"><strong>Enriching the mission and strengthening the community<\/strong><\/h2>\n<p style=\"text-align: left;\">Dean Arturo Fernandez shared a new mission that focuses on<strong> personalized education since day one, facilitating the transition to university life and strengthening the academic and personal development of the students.<\/strong> This focus close to the professors assures that ITAM graduates acquire both technical knowledge and critical abilities, like analytical thinking and problem solving. Also, the program includes coursed in general studies that encourages ethic behavior, intellectual curiosity and critical thinking, forming citizens committed with a more free, fair and prosper society. The philanthropy programs and extracurricular activities allow students to participate in community projects and develop a deep sense of social responsibilty.<\/p>\n<figure id=\"attachment_26394\" aria-describedby=\"caption-attachment-26394\" style=\"width: 1000px\" class=\"wp-caption aligncenter\"><img data-recalc-dims=\"1\" loading=\"lazy\" decoding=\"async\" class=\"wp-image-26394 size-large\" src=\"https:\/\/i0.wp.com\/mundoitam.com\/wp-content\/uploads\/2024\/08\/IMG_3299.jpg?resize=1000%2C750&#038;ssl=1\" alt=\"Dr. Arturo Fern\u00e1ndez, Jorge Alegr\u00eda Formoso and Claudia Aburto. ITAM photography.\" width=\"1000\" height=\"750\" srcset=\"https:\/\/i0.wp.com\/mundoitam.com\/wp-content\/uploads\/2024\/08\/IMG_3299.jpg?resize=1024%2C768&amp;ssl=1 1024w, https:\/\/i0.wp.com\/mundoitam.com\/wp-content\/uploads\/2024\/08\/IMG_3299.jpg?resize=300%2C225&amp;ssl=1 300w, https:\/\/i0.wp.com\/mundoitam.com\/wp-content\/uploads\/2024\/08\/IMG_3299.jpg?resize=768%2C576&amp;ssl=1 768w, https:\/\/i0.wp.com\/mundoitam.com\/wp-content\/uploads\/2024\/08\/IMG_3299.jpg?resize=400%2C300&amp;ssl=1 400w, https:\/\/i0.wp.com\/mundoitam.com\/wp-content\/uploads\/2024\/08\/IMG_3299.jpg?w=1280&amp;ssl=1 1280w\" sizes=\"auto, (max-width: 1000px) 100vw, 1000px\" \/><figcaption id=\"caption-attachment-26394\" class=\"wp-caption-text\">Dr. Arturo Fern\u00e1ndez, Jorge Alegr\u00eda Formoso y Claudia Aburto. ITAM photography<\/figcaption><\/figure>\n<p style=\"text-align: left;\">ITAM also remains at the forefront of the best educational practice worldwide, renovating its educational offer to include new key subjects for each discipline. The program include digital and technological essential skills, providing its graduates with a competitive advantage in the job market. In addition, cross-cutting skills such as leadership, communication and teamwork are reinforced. The wellbeing of the students is a priority, with academic, psychological and career support programs that ensures a balanced university experience. Finally, the strategy of <strong>ITAM fund-raising guarantees scholarship programs that facilitate access to quality education, allowing us to form a diverse base of highly qualified and committed students.<\/strong> A thank you to our alumni<\/p>\n<h2 style=\"text-align: left;\"><strong>Invitation to participate<\/strong><\/h2>\n<p style=\"text-align: left;\">As an alumnus, you are a vital part of our community. We would like to invite you to participate in <a href=\"https:\/\/exalumnos.itam.mx\/\" target=\"_blank\" rel=\"noopener\">Redes ExITAM<\/a> in different cities around the world and in our events and seminars for alumni. Your experience and achievements are testimony of the positive impact ITAM has in the society and your collaboration allows to continue to inspire the new generations.<\/p>\n<figure id=\"attachment_26400\" aria-describedby=\"caption-attachment-26400\" style=\"width: 1000px\" class=\"wp-caption aligncenter\"><img data-recalc-dims=\"1\" loading=\"lazy\" decoding=\"async\" class=\"wp-image-26400 size-large\" src=\"https:\/\/i0.wp.com\/mundoitam.com\/wp-content\/uploads\/2024\/08\/IMG_3338.jpg?resize=1000%2C520&#038;ssl=1\" alt=\"ITAM Projection breakfast. ITAM Photography.\" width=\"1000\" height=\"520\" srcset=\"https:\/\/i0.wp.com\/mundoitam.com\/wp-content\/uploads\/2024\/08\/IMG_3338.jpg?resize=1024%2C532&amp;ssl=1 1024w, https:\/\/i0.wp.com\/mundoitam.com\/wp-content\/uploads\/2024\/08\/IMG_3338.jpg?resize=300%2C156&amp;ssl=1 300w, https:\/\/i0.wp.com\/mundoitam.com\/wp-content\/uploads\/2024\/08\/IMG_3338.jpg?resize=768%2C399&amp;ssl=1 768w, https:\/\/i0.wp.com\/mundoitam.com\/wp-content\/uploads\/2024\/08\/IMG_3338.jpg?resize=1536%2C798&amp;ssl=1 1536w, https:\/\/i0.wp.com\/mundoitam.com\/wp-content\/uploads\/2024\/08\/IMG_3338.jpg?resize=2048%2C1064&amp;ssl=1 2048w, https:\/\/i0.wp.com\/mundoitam.com\/wp-content\/uploads\/2024\/08\/IMG_3338.jpg?resize=578%2C300&amp;ssl=1 578w, https:\/\/i0.wp.com\/mundoitam.com\/wp-content\/uploads\/2024\/08\/IMG_3338.jpg?w=3000&amp;ssl=1 3000w\" sizes=\"auto, (max-width: 1000px) 100vw, 1000px\" \/><figcaption id=\"caption-attachment-26400\" class=\"wp-caption-text\">ITAM Projection breakfast. ITAM photography<\/figcaption><\/figure>\n<p style=\"text-align: left;\">We thank our alumni that dedicated their time to attend to this event, also the Advisory Council for their important labor of boosting ITAM Projection and our donnors that suppport this effort. We invite you to learn more about this campaign and help us make the dreams of talented young people who want to be educated at our beloved alma mater come true.<\/p>\n<p>If you would like to participate in the ITAM Projection initiative get in touch with <a href=\"mailto:ma.garcia@itam.mx\">Marisela Garcia,<\/a> Head of the ITAM Projection Office.<\/p>\n<div id=\"mundo-3340142661\" class=\"mundo-despues-del-contenido mundo-entity-placement\"><style type=\"text\/css\">\r\n .ad-square h3 { \r\n\tfont-size: 11px;\r\n    font-weight: 300;\r\n    letter-spacing: 2.3px;\r\n    color: #6a6c6e;\r\n    font-weight: normal;\r\n    margin: 18px 0;  \r\n\tfont-family: \"Lato\", \"Helvetica Neue\", Helvetica, Arial, sans-serif;\r\n\t}\r\n<\/style>\r\n\r\n<center> <div class=\"ad-square\">\r\n\t\t\t\t\t\t\t<h3>ANUNCIO<\/h3>\r\n<a href=\"https:\/\/aspirantes.itam.mx\/proceso-admision\/?utm_source=itam&utm_medium=mundoitam&utm_campaign=organico\" target=\"_blank\"><img decoding=\"async\" width=\"800\" src=\"https:\/\/mundoitam.com\/wp-content\/uploads\/2021\/06\/banner-aspitantes-1.png \" alt=\"Anuncio\" style=\"border: none; display: block;\"><\/a>\r\n\r\n<\/div> <\/center> <\/div>","protected":false},"excerpt":{"rendered":"<p>ITAM alumni gather to learn about ITAM Projection, a philanthropy and scholarship project for future leaders.<\/p>\n","protected":false},"author":10,"featured_media":26401,"comment_status":"open","ping_status":"open","sticky":false,"template":"","format":"image","meta":{"_jetpack_newsletter_access":"","_jetpack_dont_email_post_to_subs":false,"_jetpack_newsletter_tier_id":0,"_jetpack_memberships_contains_paywalled_content":false,"_wpcom_ai_launchpad_first_post":false,"_jetpack_feature_clip_id":0,"_jetpack_memberships_contains_paid_content":false,"footnotes":"","jetpack_publicize_message":"{title}\n\n{excerpt}\n\n{url}","jetpack_publicize_feature_enabled":true,"jetpack_social_post_already_shared":true,"jetpack_social_options":{"image_generator_settings":{"template":"highway","default_image_id":0,"font":"","enabled":false},"version":2},"_wpas_customize_per_network":false,"jetpack_post_was_ever_published":false},"categories":[579147484,579146073,579146800],"tags":[579147983,579147982,579147987,579146315,579147553,579147683,579147986,579147984,579147985],"class_list":["post-26469","post","type-post","status-publish","format-image","has-post-thumbnail","hentry","category-alumni","category-education-and-social-responsability","category-scholarships","tag-accounting-en","tag-administration-en","tag-advancement-and-institutional-communication-direction","tag-economics-en","tag-exalumnos-en","tag-itam-alumni-en-4","tag-itam-projection","tag-philanthropy-en","tag-scholarships-en","post_format-post-format-image"],"yoast_head":"<!-- This site is optimized with the Yoast SEO plugin v28.3 - https:\/\/yoast.com\/product\/yoast-seo-wordpress\/ -->\n<title>ITAM alumni gather to strengthen the community and learn about ITAM Projection - Mundo ITAM<\/title>\n<meta name=\"description\" content=\"ITAM alumni gather to learn about ITAM Projection, a philanthropy and scholarship project for future leaders.\" \/>\n<meta name=\"robots\" content=\"index, follow, max-snippet:-1, max-image-preview:large, max-video-preview:-1\" \/>\n<link rel=\"canonical\" href=\"https:\/\/mundoitam.com\/en\/2024\/08\/14\/itam-alumni-gather-to-strengthen-the-community-and-learn-about-itam-projection\/\" \/>\n<meta property=\"og:locale\" content=\"en_US\" \/>\n<meta property=\"og:type\" content=\"article\" \/>\n<meta property=\"og:title\" content=\"ITAM alumni gather to strengthen the community and learn about ITAM Projection - Mundo ITAM\" \/>\n<meta property=\"og:description\" content=\"ITAM alumni gather to learn about ITAM Projection, a philanthropy and scholarship project for future leaders.\" \/>\n<meta property=\"og:url\" content=\"https:\/\/mundoitam.com\/en\/2024\/08\/14\/itam-alumni-gather-to-strengthen-the-community-and-learn-about-itam-projection\/\" \/>\n<meta property=\"og:site_name\" content=\"Mundo ITAM\" \/>\n<meta property=\"article:publisher\" content=\"https:\/\/www.facebook.com\/itam.mx\/\" \/>\n<meta property=\"article:published_time\" content=\"2024-08-14T19:41:53+00:00\" \/>\n<meta property=\"og:image\" content=\"https:\/\/mundoitam.com\/wp-content\/uploads\/2024\/08\/IMG_3338-1024x532.jpg\" \/>\n\t<meta property=\"og:image:width\" content=\"1024\" \/>\n\t<meta property=\"og:image:height\" content=\"532\" \/>\n\t<meta property=\"og:image:type\" content=\"image\/jpeg\" \/>\n<meta name=\"author\" content=\"Mundo ITAM\" \/>\n<meta name=\"twitter:card\" content=\"summary_large_image\" \/>\n<meta name=\"twitter:creator\" content=\"@ITAM_mx\" \/>\n<meta name=\"twitter:site\" content=\"@ITAM_mx\" \/>\n<meta name=\"twitter:label1\" content=\"Written by\" \/>\n\t<meta name=\"twitter:data1\" content=\"Mundo ITAM\" \/>\n\t<meta name=\"twitter:label2\" content=\"Est. reading time\" \/>\n\t<meta name=\"twitter:data2\" content=\"3 minutes\" \/>\n<script type=\"application\/ld+json\" class=\"yoast-schema-graph\">{\"@context\":\"https:\\\/\\\/schema.org\",\"@graph\":[{\"@type\":\"Article\",\"@id\":\"https:\\\/\\\/mundoitam.com\\\/en\\\/2024\\\/08\\\/14\\\/itam-alumni-gather-to-strengthen-the-community-and-learn-about-itam-projection\\\/#article\",\"isPartOf\":{\"@id\":\"https:\\\/\\\/mundoitam.com\\\/en\\\/2024\\\/08\\\/14\\\/itam-alumni-gather-to-strengthen-the-community-and-learn-about-itam-projection\\\/\"},\"author\":{\"name\":\"Mundo ITAM\",\"@id\":\"https:\\\/\\\/mundoitam.com\\\/en\\\/#\\\/schema\\\/person\\\/d1c2a212b8cca3de9f3e2092961fe46c\"},\"headline\":\"ITAM alumni gather to strengthen the community and learn about ITAM Projection\",\"datePublished\":\"2024-08-14T19:41:53+00:00\",\"mainEntityOfPage\":{\"@id\":\"https:\\\/\\\/mundoitam.com\\\/en\\\/2024\\\/08\\\/14\\\/itam-alumni-gather-to-strengthen-the-community-and-learn-about-itam-projection\\\/\"},\"wordCount\":653,\"commentCount\":0,\"publisher\":{\"@id\":\"https:\\\/\\\/mundoitam.com\\\/en\\\/#organization\"},\"image\":{\"@id\":\"https:\\\/\\\/mundoitam.com\\\/en\\\/2024\\\/08\\\/14\\\/itam-alumni-gather-to-strengthen-the-community-and-learn-about-itam-projection\\\/#primaryimage\"},\"thumbnailUrl\":\"https:\\\/\\\/i0.wp.com\\\/mundoitam.com\\\/wp-content\\\/uploads\\\/2024\\\/08\\\/IMG_3338.jpg?fit=5390%2C2800&ssl=1\",\"keywords\":[\"Accounting\",\"administration\",\"Advancement and Institutional Communication Direction\",\"Economics\",\"exalumnos\",\"ITAM Alumni\",\"ITAM Projection\",\"Philanthropy\",\"Scholarships\"],\"articleSection\":[\"Alumni\",\"Education and Social Responsability\",\"Scholarships\"],\"inLanguage\":\"en-US\",\"potentialAction\":[{\"@type\":\"CommentAction\",\"name\":\"Comment\",\"target\":[\"https:\\\/\\\/mundoitam.com\\\/en\\\/2024\\\/08\\\/14\\\/itam-alumni-gather-to-strengthen-the-community-and-learn-about-itam-projection\\\/#respond\"]}]},{\"@type\":\"WebPage\",\"@id\":\"https:\\\/\\\/mundoitam.com\\\/en\\\/2024\\\/08\\\/14\\\/itam-alumni-gather-to-strengthen-the-community-and-learn-about-itam-projection\\\/\",\"url\":\"https:\\\/\\\/mundoitam.com\\\/en\\\/2024\\\/08\\\/14\\\/itam-alumni-gather-to-strengthen-the-community-and-learn-about-itam-projection\\\/\",\"name\":\"ITAM alumni gather to strengthen the community and learn about ITAM Projection - Mundo ITAM\",\"isPartOf\":{\"@id\":\"https:\\\/\\\/mundoitam.com\\\/en\\\/#website\"},\"primaryImageOfPage\":{\"@id\":\"https:\\\/\\\/mundoitam.com\\\/en\\\/2024\\\/08\\\/14\\\/itam-alumni-gather-to-strengthen-the-community-and-learn-about-itam-projection\\\/#primaryimage\"},\"image\":{\"@id\":\"https:\\\/\\\/mundoitam.com\\\/en\\\/2024\\\/08\\\/14\\\/itam-alumni-gather-to-strengthen-the-community-and-learn-about-itam-projection\\\/#primaryimage\"},\"thumbnailUrl\":\"https:\\\/\\\/i0.wp.com\\\/mundoitam.com\\\/wp-content\\\/uploads\\\/2024\\\/08\\\/IMG_3338.jpg?fit=5390%2C2800&ssl=1\",\"datePublished\":\"2024-08-14T19:41:53+00:00\",\"description\":\"ITAM alumni gather to learn about ITAM Projection, a philanthropy and scholarship project for future leaders.\",\"breadcrumb\":{\"@id\":\"https:\\\/\\\/mundoitam.com\\\/en\\\/2024\\\/08\\\/14\\\/itam-alumni-gather-to-strengthen-the-community-and-learn-about-itam-projection\\\/#breadcrumb\"},\"inLanguage\":\"en-US\",\"potentialAction\":[{\"@type\":\"ReadAction\",\"target\":[\"https:\\\/\\\/mundoitam.com\\\/en\\\/2024\\\/08\\\/14\\\/itam-alumni-gather-to-strengthen-the-community-and-learn-about-itam-projection\\\/\"]}]},{\"@type\":\"ImageObject\",\"inLanguage\":\"en-US\",\"@id\":\"https:\\\/\\\/mundoitam.com\\\/en\\\/2024\\\/08\\\/14\\\/itam-alumni-gather-to-strengthen-the-community-and-learn-about-itam-projection\\\/#primaryimage\",\"url\":\"https:\\\/\\\/i0.wp.com\\\/mundoitam.com\\\/wp-content\\\/uploads\\\/2024\\\/08\\\/IMG_3338.jpg?fit=5390%2C2800&ssl=1\",\"contentUrl\":\"https:\\\/\\\/i0.wp.com\\\/mundoitam.com\\\/wp-content\\\/uploads\\\/2024\\\/08\\\/IMG_3338.jpg?fit=5390%2C2800&ssl=1\",\"width\":5390,\"height\":2800,\"caption\":\"Desayuno de Proyecci\u00f3n ITAM. Foto ITAM.\"},{\"@type\":\"BreadcrumbList\",\"@id\":\"https:\\\/\\\/mundoitam.com\\\/en\\\/2024\\\/08\\\/14\\\/itam-alumni-gather-to-strengthen-the-community-and-learn-about-itam-projection\\\/#breadcrumb\",\"itemListElement\":[{\"@type\":\"ListItem\",\"position\":1,\"name\":\"Portada\",\"item\":\"https:\\\/\\\/mundoitam.com\\\/en\\\/\"},{\"@type\":\"ListItem\",\"position\":2,\"name\":\"ITAM alumni gather to strengthen the community and learn about ITAM Projection\"}]},{\"@type\":\"WebSite\",\"@id\":\"https:\\\/\\\/mundoitam.com\\\/en\\\/#website\",\"url\":\"https:\\\/\\\/mundoitam.com\\\/en\\\/\",\"name\":\"Mundo ITAM\",\"description\":\"ITAM's digital media\",\"publisher\":{\"@id\":\"https:\\\/\\\/mundoitam.com\\\/en\\\/#organization\"},\"potentialAction\":[{\"@type\":\"SearchAction\",\"target\":{\"@type\":\"EntryPoint\",\"urlTemplate\":\"https:\\\/\\\/mundoitam.com\\\/en\\\/?s={search_term_string}\"},\"query-input\":{\"@type\":\"PropertyValueSpecification\",\"valueRequired\":true,\"valueName\":\"search_term_string\"}}],\"inLanguage\":\"en-US\"},{\"@type\":\"Organization\",\"@id\":\"https:\\\/\\\/mundoitam.com\\\/en\\\/#organization\",\"name\":\"ITAM\",\"url\":\"https:\\\/\\\/mundoitam.com\\\/en\\\/\",\"logo\":{\"@type\":\"ImageObject\",\"inLanguage\":\"en-US\",\"@id\":\"https:\\\/\\\/mundoitam.com\\\/en\\\/#\\\/schema\\\/logo\\\/image\\\/\",\"url\":\"https:\\\/\\\/i0.wp.com\\\/mundoitam.com\\\/wp-content\\\/uploads\\\/2018\\\/04\\\/unnamed.jpg?fit=900%2C900&ssl=1\",\"contentUrl\":\"https:\\\/\\\/i0.wp.com\\\/mundoitam.com\\\/wp-content\\\/uploads\\\/2018\\\/04\\\/unnamed.jpg?fit=900%2C900&ssl=1\",\"width\":900,\"height\":900,\"caption\":\"ITAM\"},\"image\":{\"@id\":\"https:\\\/\\\/mundoitam.com\\\/en\\\/#\\\/schema\\\/logo\\\/image\\\/\"},\"sameAs\":[\"https:\\\/\\\/www.facebook.com\\\/itam.mx\\\/\",\"https:\\\/\\\/x.com\\\/ITAM_mx\"]},{\"@type\":\"Person\",\"@id\":\"https:\\\/\\\/mundoitam.com\\\/en\\\/#\\\/schema\\\/person\\\/d1c2a212b8cca3de9f3e2092961fe46c\",\"name\":\"Mundo ITAM\",\"image\":{\"@type\":\"ImageObject\",\"inLanguage\":\"en-US\",\"@id\":\"https:\\\/\\\/secure.gravatar.com\\\/avatar\\\/effa39c51b7a22496338eaaffc67c59dcdc37718d0646f09dc7d534e3111533f?s=96&d=identicon&r=g\",\"url\":\"https:\\\/\\\/secure.gravatar.com\\\/avatar\\\/effa39c51b7a22496338eaaffc67c59dcdc37718d0646f09dc7d534e3111533f?s=96&d=identicon&r=g\",\"contentUrl\":\"https:\\\/\\\/secure.gravatar.com\\\/avatar\\\/effa39c51b7a22496338eaaffc67c59dcdc37718d0646f09dc7d534e3111533f?s=96&d=identicon&r=g\",\"caption\":\"Mundo ITAM\"},\"description\":\"Mundo ITAM es el blog oficial del Instituto Tecnol\u00f3gico Aut\u00f3nomo de M\u00e9xico. Aqu\u00ed podr\u00e1s informarte y aprender acerca de los temas que acaparan los titulares en M\u00e9xico y el mundo, a partir de los textos y videos de nuestras conferencias. Podr\u00e1s conoce a nuestros profesores destacados, en los \u00e1mbitos p\u00fablico y privado de nuestro pa\u00eds, gracias a las entrevistas exclusivas que aqu\u00ed te presentamos.\",\"url\":\"https:\\\/\\\/mundoitam.com\\\/en\\\/author\\\/mundoitam\\\/\"}]}<\/script>\n<!-- \/ Yoast SEO plugin. -->","yoast_head_json":{"title":"ITAM alumni gather to strengthen the community and learn about ITAM Projection - Mundo ITAM","description":"ITAM alumni gather to learn about ITAM Projection, a philanthropy and scholarship project for future leaders.","robots":{"index":"index","follow":"follow","max-snippet":"max-snippet:-1","max-image-preview":"max-image-preview:large","max-video-preview":"max-video-preview:-1"},"canonical":"https:\/\/mundoitam.com\/en\/2024\/08\/14\/itam-alumni-gather-to-strengthen-the-community-and-learn-about-itam-projection\/","og_locale":"en_US","og_type":"article","og_title":"ITAM alumni gather to strengthen the community and learn about ITAM Projection - Mundo ITAM","og_description":"ITAM alumni gather to learn about ITAM Projection, a philanthropy and scholarship project for future leaders.","og_url":"https:\/\/mundoitam.com\/en\/2024\/08\/14\/itam-alumni-gather-to-strengthen-the-community-and-learn-about-itam-projection\/","og_site_name":"Mundo ITAM","article_publisher":"https:\/\/www.facebook.com\/itam.mx\/","article_published_time":"2024-08-14T19:41:53+00:00","og_image":[{"width":1024,"height":532,"url":"https:\/\/mundoitam.com\/wp-content\/uploads\/2024\/08\/IMG_3338-1024x532.jpg","type":"image\/jpeg"}],"author":"Mundo ITAM","twitter_card":"summary_large_image","twitter_creator":"@ITAM_mx","twitter_site":"@ITAM_mx","twitter_misc":{"Written by":"Mundo ITAM","Est. reading time":"3 minutes"},"schema":{"@context":"https:\/\/schema.org","@graph":[{"@type":"Article","@id":"https:\/\/mundoitam.com\/en\/2024\/08\/14\/itam-alumni-gather-to-strengthen-the-community-and-learn-about-itam-projection\/#article","isPartOf":{"@id":"https:\/\/mundoitam.com\/en\/2024\/08\/14\/itam-alumni-gather-to-strengthen-the-community-and-learn-about-itam-projection\/"},"author":{"name":"Mundo ITAM","@id":"https:\/\/mundoitam.com\/en\/#\/schema\/person\/d1c2a212b8cca3de9f3e2092961fe46c"},"headline":"ITAM alumni gather to strengthen the community and learn about ITAM Projection","datePublished":"2024-08-14T19:41:53+00:00","mainEntityOfPage":{"@id":"https:\/\/mundoitam.com\/en\/2024\/08\/14\/itam-alumni-gather-to-strengthen-the-community-and-learn-about-itam-projection\/"},"wordCount":653,"commentCount":0,"publisher":{"@id":"https:\/\/mundoitam.com\/en\/#organization"},"image":{"@id":"https:\/\/mundoitam.com\/en\/2024\/08\/14\/itam-alumni-gather-to-strengthen-the-community-and-learn-about-itam-projection\/#primaryimage"},"thumbnailUrl":"https:\/\/i0.wp.com\/mundoitam.com\/wp-content\/uploads\/2024\/08\/IMG_3338.jpg?fit=5390%2C2800&ssl=1","keywords":["Accounting","administration","Advancement and Institutional Communication Direction","Economics","exalumnos","ITAM Alumni","ITAM Projection","Philanthropy","Scholarships"],"articleSection":["Alumni","Education and Social Responsability","Scholarships"],"inLanguage":"en-US","potentialAction":[{"@type":"CommentAction","name":"Comment","target":["https:\/\/mundoitam.com\/en\/2024\/08\/14\/itam-alumni-gather-to-strengthen-the-community-and-learn-about-itam-projection\/#respond"]}]},{"@type":"WebPage","@id":"https:\/\/mundoitam.com\/en\/2024\/08\/14\/itam-alumni-gather-to-strengthen-the-community-and-learn-about-itam-projection\/","url":"https:\/\/mundoitam.com\/en\/2024\/08\/14\/itam-alumni-gather-to-strengthen-the-community-and-learn-about-itam-projection\/","name":"ITAM alumni gather to strengthen the community and learn about ITAM Projection - Mundo ITAM","isPartOf":{"@id":"https:\/\/mundoitam.com\/en\/#website"},"primaryImageOfPage":{"@id":"https:\/\/mundoitam.com\/en\/2024\/08\/14\/itam-alumni-gather-to-strengthen-the-community-and-learn-about-itam-projection\/#primaryimage"},"image":{"@id":"https:\/\/mundoitam.com\/en\/2024\/08\/14\/itam-alumni-gather-to-strengthen-the-community-and-learn-about-itam-projection\/#primaryimage"},"thumbnailUrl":"https:\/\/i0.wp.com\/mundoitam.com\/wp-content\/uploads\/2024\/08\/IMG_3338.jpg?fit=5390%2C2800&ssl=1","datePublished":"2024-08-14T19:41:53+00:00","description":"ITAM alumni gather to learn about ITAM Projection, a philanthropy and scholarship project for future leaders.","breadcrumb":{"@id":"https:\/\/mundoitam.com\/en\/2024\/08\/14\/itam-alumni-gather-to-strengthen-the-community-and-learn-about-itam-projection\/#breadcrumb"},"inLanguage":"en-US","potentialAction":[{"@type":"ReadAction","target":["https:\/\/mundoitam.com\/en\/2024\/08\/14\/itam-alumni-gather-to-strengthen-the-community-and-learn-about-itam-projection\/"]}]},{"@type":"ImageObject","inLanguage":"en-US","@id":"https:\/\/mundoitam.com\/en\/2024\/08\/14\/itam-alumni-gather-to-strengthen-the-community-and-learn-about-itam-projection\/#primaryimage","url":"https:\/\/i0.wp.com\/mundoitam.com\/wp-content\/uploads\/2024\/08\/IMG_3338.jpg?fit=5390%2C2800&ssl=1","contentUrl":"https:\/\/i0.wp.com\/mundoitam.com\/wp-content\/uploads\/2024\/08\/IMG_3338.jpg?fit=5390%2C2800&ssl=1","width":5390,"height":2800,"caption":"Desayuno de Proyecci\u00f3n ITAM. Foto ITAM."},{"@type":"BreadcrumbList","@id":"https:\/\/mundoitam.com\/en\/2024\/08\/14\/itam-alumni-gather-to-strengthen-the-community-and-learn-about-itam-projection\/#breadcrumb","itemListElement":[{"@type":"ListItem","position":1,"name":"Portada","item":"https:\/\/mundoitam.com\/en\/"},{"@type":"ListItem","position":2,"name":"ITAM alumni gather to strengthen the community and learn about ITAM Projection"}]},{"@type":"WebSite","@id":"https:\/\/mundoitam.com\/en\/#website","url":"https:\/\/mundoitam.com\/en\/","name":"Mundo ITAM","description":"ITAM's digital media","publisher":{"@id":"https:\/\/mundoitam.com\/en\/#organization"},"potentialAction":[{"@type":"SearchAction","target":{"@type":"EntryPoint","urlTemplate":"https:\/\/mundoitam.com\/en\/?s={search_term_string}"},"query-input":{"@type":"PropertyValueSpecification","valueRequired":true,"valueName":"search_term_string"}}],"inLanguage":"en-US"},{"@type":"Organization","@id":"https:\/\/mundoitam.com\/en\/#organization","name":"ITAM","url":"https:\/\/mundoitam.com\/en\/","logo":{"@type":"ImageObject","inLanguage":"en-US","@id":"https:\/\/mundoitam.com\/en\/#\/schema\/logo\/image\/","url":"https:\/\/i0.wp.com\/mundoitam.com\/wp-content\/uploads\/2018\/04\/unnamed.jpg?fit=900%2C900&ssl=1","contentUrl":"https:\/\/i0.wp.com\/mundoitam.com\/wp-content\/uploads\/2018\/04\/unnamed.jpg?fit=900%2C900&ssl=1","width":900,"height":900,"caption":"ITAM"},"image":{"@id":"https:\/\/mundoitam.com\/en\/#\/schema\/logo\/image\/"},"sameAs":["https:\/\/www.facebook.com\/itam.mx\/","https:\/\/x.com\/ITAM_mx"]},{"@type":"Person","@id":"https:\/\/mundoitam.com\/en\/#\/schema\/person\/d1c2a212b8cca3de9f3e2092961fe46c","name":"Mundo ITAM","image":{"@type":"ImageObject","inLanguage":"en-US","@id":"https:\/\/secure.gravatar.com\/avatar\/effa39c51b7a22496338eaaffc67c59dcdc37718d0646f09dc7d534e3111533f?s=96&d=identicon&r=g","url":"https:\/\/secure.gravatar.com\/avatar\/effa39c51b7a22496338eaaffc67c59dcdc37718d0646f09dc7d534e3111533f?s=96&d=identicon&r=g","contentUrl":"https:\/\/secure.gravatar.com\/avatar\/effa39c51b7a22496338eaaffc67c59dcdc37718d0646f09dc7d534e3111533f?s=96&d=identicon&r=g","caption":"Mundo ITAM"},"description":"Mundo ITAM es el blog oficial del Instituto Tecnol\u00f3gico Aut\u00f3nomo de M\u00e9xico. Aqu\u00ed podr\u00e1s informarte y aprender acerca de los temas que acaparan los titulares en M\u00e9xico y el mundo, a partir de los textos y videos de nuestras conferencias. Podr\u00e1s conoce a nuestros profesores destacados, en los \u00e1mbitos p\u00fablico y privado de nuestro pa\u00eds, gracias a las entrevistas exclusivas que aqu\u00ed te presentamos.","url":"https:\/\/mundoitam.com\/en\/author\/mundoitam\/"}]}},"jetpack_publicize_connections":[],"jetpack_sharing_enabled":true,"jetpack_shortlink":"https:\/\/wp.me\/pCVpr-6SV","jetpack_likes_enabled":true,"jetpack-related-posts":[{"id":21308,"url":"https:\/\/mundoitam.com\/en\/2022\/10\/26\/itam-alumni-office-launches-red-exitam-in-miami\/","url_meta":{"origin":26469,"position":0},"title":"ITAM Alumni Office launches &#8220;Red ExITAM&#8221; in Miami","author":"Mundo ITAM","date":"26 October 2022","format":"image","excerpt":"On August 17th, ITAM\u00b4s Office of Alumni Affairs launched a new chapter of \"Red ExITAM\" in Miami to promote the networking and integration platform between ITAM\u00b4s community members in Florida.","rel":"","context":"In &quot;Alumni&quot;","block_context":{"text":"Alumni","link":"https:\/\/mundoitam.com\/en\/category\/alumni\/"},"img":{"alt_text":"RED EX ITAM MIAMI","src":"https:\/\/i0.wp.com\/mundoitam.com\/wp-content\/uploads\/2022\/09\/ExITAM-Miami-principal.jpg?fit=960%2C960&ssl=1&resize=350%2C200","width":350,"height":200,"srcset":"https:\/\/i0.wp.com\/mundoitam.com\/wp-content\/uploads\/2022\/09\/ExITAM-Miami-principal.jpg?fit=960%2C960&ssl=1&resize=350%2C200 1x, https:\/\/i0.wp.com\/mundoitam.com\/wp-content\/uploads\/2022\/09\/ExITAM-Miami-principal.jpg?fit=960%2C960&ssl=1&resize=525%2C300 1.5x, https:\/\/i0.wp.com\/mundoitam.com\/wp-content\/uploads\/2022\/09\/ExITAM-Miami-principal.jpg?fit=960%2C960&ssl=1&resize=700%2C400 2x"},"classes":[]},{"id":16844,"url":"https:\/\/mundoitam.com\/en\/2021\/02\/22\/alumni-connect-with-itam-to-say-goodbye-to-2020\/","url_meta":{"origin":26469,"position":1},"title":"Alumni connect with ITAM to say goodbye to 2020","author":"Mundo ITAM","date":"22 February 2021","format":false,"excerpt":"On the occasion of the end of the year 2020, the ITAM Alumni Office organized a year-end toast for the graduates of each of the careers and postgraduate courses offered by ITAM.","rel":"","context":"In &quot;-&quot;","block_context":{"text":"-","link":"https:\/\/mundoitam.com\/en\/category\/579146653\/"},"img":{"alt_text":"","src":"https:\/\/i0.wp.com\/mundoitam.com\/wp-content\/uploads\/2021\/01\/exalumnos-despiden.png?fit=1200%2C675&ssl=1&resize=350%2C200","width":350,"height":200,"srcset":"https:\/\/i0.wp.com\/mundoitam.com\/wp-content\/uploads\/2021\/01\/exalumnos-despiden.png?fit=1200%2C675&ssl=1&resize=350%2C200 1x, https:\/\/i0.wp.com\/mundoitam.com\/wp-content\/uploads\/2021\/01\/exalumnos-despiden.png?fit=1200%2C675&ssl=1&resize=525%2C300 1.5x, https:\/\/i0.wp.com\/mundoitam.com\/wp-content\/uploads\/2021\/01\/exalumnos-despiden.png?fit=1200%2C675&ssl=1&resize=700%2C400 2x, https:\/\/i0.wp.com\/mundoitam.com\/wp-content\/uploads\/2021\/01\/exalumnos-despiden.png?fit=1200%2C675&ssl=1&resize=1050%2C600 3x"},"classes":[]},{"id":13775,"url":"https:\/\/mundoitam.com\/en\/2019\/11\/20\/graduate-program-abroad-the-next-step-for-more-than-100-alumni\/","url_meta":{"origin":26469,"position":2},"title":"Graduate Program Abroad: The Next Step for More Than 100 Alumni","author":"Mundo ITAM","date":"20 November 2019","format":false,"excerpt":"The possibility of studying a graduate program abroad is the result of the effort, dedication and drive of each student during his or her professional training. In addition, it opens the doors of knowledge and culture. As well as that, it also extends the invitation to future generations to learn\u2026","rel":"","context":"In &quot;Education and Social Responsability&quot;","block_context":{"text":"Education and Social Responsability","link":"https:\/\/mundoitam.com\/en\/category\/education-and-social-responsability\/"},"img":{"alt_text":"Alumni attend the cocktail to celebrate their graduate programs","src":"https:\/\/i0.wp.com\/mundoitam.com\/wp-content\/uploads\/2019\/06\/Coctel-exalumnos-posgrados-4.jpg?fit=1200%2C800&ssl=1&resize=350%2C200","width":350,"height":200,"srcset":"https:\/\/i0.wp.com\/mundoitam.com\/wp-content\/uploads\/2019\/06\/Coctel-exalumnos-posgrados-4.jpg?fit=1200%2C800&ssl=1&resize=350%2C200 1x, https:\/\/i0.wp.com\/mundoitam.com\/wp-content\/uploads\/2019\/06\/Coctel-exalumnos-posgrados-4.jpg?fit=1200%2C800&ssl=1&resize=525%2C300 1.5x, https:\/\/i0.wp.com\/mundoitam.com\/wp-content\/uploads\/2019\/06\/Coctel-exalumnos-posgrados-4.jpg?fit=1200%2C800&ssl=1&resize=700%2C400 2x, https:\/\/i0.wp.com\/mundoitam.com\/wp-content\/uploads\/2019\/06\/Coctel-exalumnos-posgrados-4.jpg?fit=1200%2C800&ssl=1&resize=1050%2C600 3x"},"classes":[]},{"id":23026,"url":"https:\/\/mundoitam.com\/en\/2023\/01\/10\/meney-de-la-peza-the-new-president-for-itams-alumni-association\/","url_meta":{"origin":26469,"position":3},"title":"Meney de la Peza, the new president for ITAM&#8217;s Alumni Association","author":"Mundo ITAM","date":"10 January 2023","format":false,"excerpt":"Meney de la Peza, new president of the National ITAM Alumni Association, presented her work plan and missions for this year.","rel":"","context":"In &quot;Alumni&quot;","block_context":{"text":"Alumni","link":"https:\/\/mundoitam.com\/en\/category\/alumni\/"},"img":{"alt_text":"Meney de la Peza","src":"https:\/\/i0.wp.com\/mundoitam.com\/wp-content\/uploads\/2023\/01\/Meney-de-la-Peza.jpg?fit=960%2C960&ssl=1&resize=350%2C200","width":350,"height":200,"srcset":"https:\/\/i0.wp.com\/mundoitam.com\/wp-content\/uploads\/2023\/01\/Meney-de-la-Peza.jpg?fit=960%2C960&ssl=1&resize=350%2C200 1x, https:\/\/i0.wp.com\/mundoitam.com\/wp-content\/uploads\/2023\/01\/Meney-de-la-Peza.jpg?fit=960%2C960&ssl=1&resize=525%2C300 1.5x, https:\/\/i0.wp.com\/mundoitam.com\/wp-content\/uploads\/2023\/01\/Meney-de-la-Peza.jpg?fit=960%2C960&ssl=1&resize=700%2C400 2x"},"classes":[]},{"id":22888,"url":"https:\/\/mundoitam.com\/en\/2023\/03\/07\/alumni-lunch-self-care-from-a-psychological-perspective\/","url_meta":{"origin":26469,"position":4},"title":"Alumni lunch | Self-care from a psychological perspective","author":"Mundo ITAM","date":"7 March 2023","format":false,"excerpt":"With the goal of emphasizing the importance of wellbeing in life, the Office of Alumni Affairs organized this lunch.","rel":"","context":"In &quot;Alumni&quot;","block_context":{"text":"Alumni","link":"https:\/\/mundoitam.com\/en\/category\/alumni\/"},"img":{"alt_text":"","src":"https:\/\/i0.wp.com\/mundoitam.com\/wp-content\/uploads\/2023\/03\/Principal.jpg?fit=960%2C960&ssl=1&resize=350%2C200","width":350,"height":200,"srcset":"https:\/\/i0.wp.com\/mundoitam.com\/wp-content\/uploads\/2023\/03\/Principal.jpg?fit=960%2C960&ssl=1&resize=350%2C200 1x, https:\/\/i0.wp.com\/mundoitam.com\/wp-content\/uploads\/2023\/03\/Principal.jpg?fit=960%2C960&ssl=1&resize=525%2C300 1.5x, https:\/\/i0.wp.com\/mundoitam.com\/wp-content\/uploads\/2023\/03\/Principal.jpg?fit=960%2C960&ssl=1&resize=700%2C400 2x"},"classes":[]},{"id":21386,"url":"https:\/\/mundoitam.com\/en\/2022\/10\/28\/alejandra-alvarez-itam-university-alumna-graduates-from-stanford-with-one-of-the-highest-gpa-in-her-class\/","url_meta":{"origin":26469,"position":5},"title":"Alejandra \u00c1lvarez, ITAM University Alumna, graduates from Stanford with one of the highest GPA in her class.","author":"Mundo ITAM","date":"28 October 2022","format":false,"excerpt":"Alejandra \u00c1lvarez, ITAM\u00b4s Financial Strategy graduate and Master in in Business administration from stanford, has been recognized as an Arjay Miller Scholar.","rel":"","context":"In &quot;Alumni&quot;","block_context":{"text":"Alumni","link":"https:\/\/mundoitam.com\/en\/category\/alumni\/"},"img":{"alt_text":"","src":"https:\/\/i0.wp.com\/mundoitam.com\/wp-content\/uploads\/2022\/08\/foto-1.1-e1664813586612.png?fit=1200%2C675&ssl=1&resize=350%2C200","width":350,"height":200,"srcset":"https:\/\/i0.wp.com\/mundoitam.com\/wp-content\/uploads\/2022\/08\/foto-1.1-e1664813586612.png?fit=1200%2C675&ssl=1&resize=350%2C200 1x, https:\/\/i0.wp.com\/mundoitam.com\/wp-content\/uploads\/2022\/08\/foto-1.1-e1664813586612.png?fit=1200%2C675&ssl=1&resize=525%2C300 1.5x, https:\/\/i0.wp.com\/mundoitam.com\/wp-content\/uploads\/2022\/08\/foto-1.1-e1664813586612.png?fit=1200%2C675&ssl=1&resize=700%2C400 2x, https:\/\/i0.wp.com\/mundoitam.com\/wp-content\/uploads\/2022\/08\/foto-1.1-e1664813586612.png?fit=1200%2C675&ssl=1&resize=1050%2C600 3x"},"classes":[]}],"amp_enabled":true,"jetpack_featured_media_url":"https:\/\/i0.wp.com\/mundoitam.com\/wp-content\/uploads\/2024\/08\/IMG_3338.jpg?fit=5390%2C2800&ssl=1","_links":{"self":[{"href":"https:\/\/mundoitam.com\/en\/wp-json\/wp\/v2\/posts\/26469","targetHints":{"allow":["GET"]}}],"collection":[{"href":"https:\/\/mundoitam.com\/en\/wp-json\/wp\/v2\/posts"}],"about":[{"href":"https:\/\/mundoitam.com\/en\/wp-json\/wp\/v2\/types\/post"}],"author":[{"embeddable":true,"href":"https:\/\/mundoitam.com\/en\/wp-json\/wp\/v2\/users\/10"}],"replies":[{"embeddable":true,"href":"https:\/\/mundoitam.com\/en\/wp-json\/wp\/v2\/comments?post=26469"}],"version-history":[{"count":0,"href":"https:\/\/mundoitam.com\/en\/wp-json\/wp\/v2\/posts\/26469\/revisions"}],"wp:featuredmedia":[{"embeddable":true,"href":"https:\/\/mundoitam.com\/en\/wp-json\/wp\/v2\/media\/26401"}],"wp:attachment":[{"href":"https:\/\/mundoitam.com\/en\/wp-json\/wp\/v2\/media?parent=26469"}],"wp:term":[{"taxonomy":"category","embeddable":true,"href":"https:\/\/mundoitam.com\/en\/wp-json\/wp\/v2\/categories?post=26469"},{"taxonomy":"post_tag","embeddable":true,"href":"https:\/\/mundoitam.com\/en\/wp-json\/wp\/v2\/tags?post=26469"}],"curies":[{"name":"wp","href":"https:\/\/api.w.org\/{rel}","templated":true}]}}