{"id":7727,"date":"2018-05-23T14:39:02","date_gmt":"2018-05-23T19:39:02","guid":{"rendered":"https:\/\/mundoitam.com\/?p=7727"},"modified":"2018-05-23T14:39:02","modified_gmt":"2018-05-23T19:39:02","slug":"keynote-speech-the-humanities-and-university","status":"publish","type":"post","link":"https:\/\/mundoitam.com\/en\/2018\/05\/23\/keynote-speech-the-humanities-and-university\/","title":{"rendered":"Keynote Speech: \u201cThe Humanities and University\u201d"},"content":{"rendered":"<p>In his keynote speech, Dr. Gabriel Vargas Lozano, distinguished professor from Universidad Aut\u00f3noma Metropolitana, <strong>encouraged students to protect Mexico\u2019s humanities programs<\/strong>. This was motivated by the government of Japan\u2019s recent decision to force its universities to close all its humanities departments in order to meet the demands of technical professions.<\/p><div class=\"mundo-contenido\" style=\"margin-top: 20px;margin-bottom: 20px;\" id=\"mundo-1913108946\"><style type=\"text\/css\">\r\n .ad-square h3 { \r\n\tfont-size: 11px;\r\n    font-weight: 300;\r\n    letter-spacing: 2.3px;\r\n    color: #6a6c6e;\r\n    font-weight: normal;\r\n    margin: 18px 0;  \r\n\tfont-family: \"Lato\", \"Helvetica Neue\", Helvetica, Arial, sans-serif;\r\n\t}\r\n<\/style>\r\n\r\n<!--<center> <div class=\"ad-square\">\r\n\t\t\t\t\t\t\t<h3>ANUNCIO<\/h3>\r\n<a href=\"https:\/\/noche.itam.mx\/\" target=\"_blank\"><img decoding=\"async\" width=\"300\" src=\"https:\/\/mundoitam.com\/wp-content\/uploads\/2021\/11\/noche-itam-v2.png\" alt=\"Anuncio\" style=\"border: none; display: block;\"><\/a>\r\n\r\n<\/div> <\/center>--><\/div>\n<p>He stated the long- and short-term effects that come with such a decision. He then suggested that many other countries will follow suit. While many high schools have stopped teaching the humanities, for instance, philosophy, he felt that there was still time to save the university humanities programs.<\/p>\n<p><img data-recalc-dims=\"1\" loading=\"lazy\" decoding=\"async\" class=\"aligncenter size-large wp-image-7725\" src=\"https:\/\/i0.wp.com\/mundoitam.com\/wp-content\/uploads\/2016\/01\/DSC_0241corregida.jpg?resize=1000%2C667&#038;ssl=1\" alt=\"\" width=\"1000\" height=\"667\" srcset=\"https:\/\/i0.wp.com\/mundoitam.com\/wp-content\/uploads\/2016\/01\/DSC_0241corregida.jpg?resize=1024%2C683&amp;ssl=1 1024w, https:\/\/i0.wp.com\/mundoitam.com\/wp-content\/uploads\/2016\/01\/DSC_0241corregida.jpg?resize=300%2C200&amp;ssl=1 300w, https:\/\/i0.wp.com\/mundoitam.com\/wp-content\/uploads\/2016\/01\/DSC_0241corregida.jpg?resize=768%2C512&amp;ssl=1 768w, https:\/\/i0.wp.com\/mundoitam.com\/wp-content\/uploads\/2016\/01\/DSC_0241corregida.jpg?resize=960%2C640&amp;ssl=1 960w, https:\/\/i0.wp.com\/mundoitam.com\/wp-content\/uploads\/2016\/01\/DSC_0241corregida.jpg?resize=450%2C300&amp;ssl=1 450w, https:\/\/i0.wp.com\/mundoitam.com\/wp-content\/uploads\/2016\/01\/DSC_0241corregida.jpg?w=2000&amp;ssl=1 2000w, https:\/\/i0.wp.com\/mundoitam.com\/wp-content\/uploads\/2016\/01\/DSC_0241corregida.jpg?w=3000&amp;ssl=1 3000w\" sizes=\"auto, (max-width: 1000px) 100vw, 1000px\" \/><\/p>\n<p>He also stressed that advances in technology go hand in hand with those in humanities and the importance of putting them to use in economics and in law for the good of society.<\/p>\n<div class=\"mundo-despues-del-contenido\" id=\"mundo-62151263\"><style type=\"text\/css\">\r\n .ad-square h3 { \r\n\tfont-size: 11px;\r\n    font-weight: 300;\r\n    letter-spacing: 2.3px;\r\n    color: #6a6c6e;\r\n    font-weight: normal;\r\n    margin: 18px 0;  \r\n\tfont-family: \"Lato\", \"Helvetica Neue\", Helvetica, Arial, sans-serif;\r\n\t}\r\n<\/style>\r\n\r\n<center> <div class=\"ad-square\">\r\n\t\t\t\t\t\t\t<h3>ANUNCIO<\/h3>\r\n<a href=\"https:\/\/aspirantes.itam.mx\/proceso-admision\/?utm_source=itam&utm_medium=mundoitam&utm_campaign=organico\" target=\"_blank\"><img decoding=\"async\" width=\"800\" src=\"https:\/\/mundoitam.com\/wp-content\/uploads\/2021\/06\/banner-aspitantes-1.png \" alt=\"Anuncio\" style=\"border: none; display: block;\"><\/a>\r\n\r\n<\/div> <\/center> <\/div>","protected":false},"excerpt":{"rendered":"<p>In his keynote speech, Dr. Gabriel Vargas Lozano, distinguished professor from Universidad Aut\u00f3noma Metropolitana, encouraged students to protect Mexico\u2019s humanities programs. This was motivated by the government of Japan\u2019s recent decision to force its universities to close all its humanities departments in order to meet the demands of technical professions. He stated the long- and&#8230; <\/p>\n<div class=\"link-more\"><a href=\"https:\/\/mundoitam.com\/en\/2018\/05\/23\/keynote-speech-the-humanities-and-university\/\">Read More<\/a><\/div>\n","protected":false},"author":10,"featured_media":7729,"comment_status":"open","ping_status":"open","sticky":false,"template":"","format":"standard","meta":{"_jetpack_newsletter_access":"","_jetpack_dont_email_post_to_subs":false,"_jetpack_newsletter_tier_id":0,"_jetpack_memberships_contains_paywalled_content":false,"_jetpack_memberships_contains_paid_content":false,"footnotes":"","jetpack_publicize_message":"","jetpack_publicize_feature_enabled":true,"jetpack_social_post_already_shared":true,"jetpack_social_options":{"image_generator_settings":{"template":"highway","default_image_id":0,"font":"","enabled":false},"version":2},"_wpas_customize_per_network":false,"jetpack_post_was_ever_published":false},"categories":[579146071],"tags":[579146076,579146075,579146074,16997],"class_list":["post-7727","post","type-post","status-publish","format-standard","has-post-thumbnail","hentry","category-conferences","tag-gabriel-vargas-lozano","tag-humanidades","tag-japon","tag-universidad"],"yoast_head":"<!-- This site is optimized with the Yoast SEO plugin v27.4 - https:\/\/yoast.com\/product\/yoast-seo-wordpress\/ -->\n<title>Keynote Speech: \u201cThe Humanities and University\u201d Dr. Gabriel Vargas Lozano<\/title>\n<meta name=\"description\" content=\"In his keynote speech, Dr. Gabriel Vargas Lozano, distinguished professor from Universidad Aut\u00f3noma Metropolitana, encouraged students to protect Mexico\u2019s humanities programs. This was motivated by the government of Japan\u2019s recent decision to force its universities to close all its humanities departments\" \/>\n<meta name=\"robots\" content=\"index, follow, max-snippet:-1, max-image-preview:large, max-video-preview:-1\" \/>\n<link rel=\"canonical\" href=\"https:\/\/mundoitam.com\/en\/2018\/05\/23\/keynote-speech-the-humanities-and-university\/\" \/>\n<meta property=\"og:locale\" content=\"en_US\" \/>\n<meta property=\"og:type\" content=\"article\" \/>\n<meta property=\"og:title\" content=\"Keynote Speech: \u201cThe Humanities and University\u201d Dr. Gabriel Vargas Lozano\" \/>\n<meta property=\"og:description\" content=\"In his keynote speech, Dr. Gabriel Vargas Lozano, distinguished professor from Universidad Aut\u00f3noma Metropolitana, encouraged students to protect Mexico\u2019s humanities programs. This was motivated by the government of Japan\u2019s recent decision to force its universities to close all its humanities departments\" \/>\n<meta property=\"og:url\" content=\"https:\/\/mundoitam.com\/en\/2018\/05\/23\/keynote-speech-the-humanities-and-university\/\" \/>\n<meta property=\"og:site_name\" content=\"Mundo ITAM\" \/>\n<meta property=\"article:publisher\" content=\"https:\/\/www.facebook.com\/itam.mx\/\" \/>\n<meta property=\"article:published_time\" content=\"2018-05-23T19:39:02+00:00\" \/>\n<meta property=\"og:image\" content=\"https:\/\/i0.wp.com\/mundoitam.com\/wp-content\/uploads\/2018\/05\/DSC_0233corregida.jpg?fit=4608%2C3072&ssl=1\" \/>\n\t<meta property=\"og:image:width\" content=\"4608\" \/>\n\t<meta property=\"og:image:height\" content=\"3072\" \/>\n\t<meta property=\"og:image:type\" content=\"image\/jpeg\" \/>\n<meta name=\"author\" content=\"Mundo ITAM\" \/>\n<meta name=\"twitter:card\" content=\"summary_large_image\" \/>\n<meta name=\"twitter:creator\" content=\"@ITAM_mx\" \/>\n<meta name=\"twitter:site\" content=\"@ITAM_mx\" \/>\n<meta name=\"twitter:label1\" content=\"Written by\" \/>\n\t<meta name=\"twitter:data1\" content=\"Mundo ITAM\" \/>\n\t<meta name=\"twitter:label2\" content=\"Est. reading time\" \/>\n\t<meta name=\"twitter:data2\" content=\"1 minute\" \/>\n<script type=\"application\/ld+json\" class=\"yoast-schema-graph\">{\"@context\":\"https:\\\/\\\/schema.org\",\"@graph\":[{\"@type\":\"Article\",\"@id\":\"https:\\\/\\\/mundoitam.com\\\/en\\\/2018\\\/05\\\/23\\\/keynote-speech-the-humanities-and-university\\\/#article\",\"isPartOf\":{\"@id\":\"https:\\\/\\\/mundoitam.com\\\/en\\\/2018\\\/05\\\/23\\\/keynote-speech-the-humanities-and-university\\\/\"},\"author\":{\"name\":\"Mundo ITAM\",\"@id\":\"https:\\\/\\\/mundoitam.com\\\/en\\\/#\\\/schema\\\/person\\\/d1c2a212b8cca3de9f3e2092961fe46c\"},\"headline\":\"Keynote Speech: \u201cThe Humanities and University\u201d\",\"datePublished\":\"2018-05-23T19:39:02+00:00\",\"mainEntityOfPage\":{\"@id\":\"https:\\\/\\\/mundoitam.com\\\/en\\\/2018\\\/05\\\/23\\\/keynote-speech-the-humanities-and-university\\\/\"},\"wordCount\":140,\"commentCount\":0,\"publisher\":{\"@id\":\"https:\\\/\\\/mundoitam.com\\\/en\\\/#organization\"},\"image\":{\"@id\":\"https:\\\/\\\/mundoitam.com\\\/en\\\/2018\\\/05\\\/23\\\/keynote-speech-the-humanities-and-university\\\/#primaryimage\"},\"thumbnailUrl\":\"https:\\\/\\\/i0.wp.com\\\/mundoitam.com\\\/wp-content\\\/uploads\\\/2018\\\/05\\\/DSC_0233corregida.jpg?fit=4608%2C3072&ssl=1\",\"keywords\":[\"Gabriel Vargas Lozano\",\"Humanidades\",\"Jap\u00f3n\",\"universidad\"],\"articleSection\":[\"Conferences\"],\"inLanguage\":\"en-US\",\"potentialAction\":[{\"@type\":\"CommentAction\",\"name\":\"Comment\",\"target\":[\"https:\\\/\\\/mundoitam.com\\\/en\\\/2018\\\/05\\\/23\\\/keynote-speech-the-humanities-and-university\\\/#respond\"]}]},{\"@type\":\"WebPage\",\"@id\":\"https:\\\/\\\/mundoitam.com\\\/en\\\/2018\\\/05\\\/23\\\/keynote-speech-the-humanities-and-university\\\/\",\"url\":\"https:\\\/\\\/mundoitam.com\\\/en\\\/2018\\\/05\\\/23\\\/keynote-speech-the-humanities-and-university\\\/\",\"name\":\"Keynote Speech: \u201cThe Humanities and University\u201d Dr. Gabriel Vargas Lozano\",\"isPartOf\":{\"@id\":\"https:\\\/\\\/mundoitam.com\\\/en\\\/#website\"},\"primaryImageOfPage\":{\"@id\":\"https:\\\/\\\/mundoitam.com\\\/en\\\/2018\\\/05\\\/23\\\/keynote-speech-the-humanities-and-university\\\/#primaryimage\"},\"image\":{\"@id\":\"https:\\\/\\\/mundoitam.com\\\/en\\\/2018\\\/05\\\/23\\\/keynote-speech-the-humanities-and-university\\\/#primaryimage\"},\"thumbnailUrl\":\"https:\\\/\\\/i0.wp.com\\\/mundoitam.com\\\/wp-content\\\/uploads\\\/2018\\\/05\\\/DSC_0233corregida.jpg?fit=4608%2C3072&ssl=1\",\"datePublished\":\"2018-05-23T19:39:02+00:00\",\"description\":\"In his keynote speech, Dr. Gabriel Vargas Lozano, distinguished professor from Universidad Aut\u00f3noma Metropolitana, encouraged students to protect Mexico\u2019s humanities programs. This was motivated by the government of Japan\u2019s recent decision to force its universities to close all its humanities departments\",\"breadcrumb\":{\"@id\":\"https:\\\/\\\/mundoitam.com\\\/en\\\/2018\\\/05\\\/23\\\/keynote-speech-the-humanities-and-university\\\/#breadcrumb\"},\"inLanguage\":\"en-US\",\"potentialAction\":[{\"@type\":\"ReadAction\",\"target\":[\"https:\\\/\\\/mundoitam.com\\\/en\\\/2018\\\/05\\\/23\\\/keynote-speech-the-humanities-and-university\\\/\"]}]},{\"@type\":\"ImageObject\",\"inLanguage\":\"en-US\",\"@id\":\"https:\\\/\\\/mundoitam.com\\\/en\\\/2018\\\/05\\\/23\\\/keynote-speech-the-humanities-and-university\\\/#primaryimage\",\"url\":\"https:\\\/\\\/i0.wp.com\\\/mundoitam.com\\\/wp-content\\\/uploads\\\/2018\\\/05\\\/DSC_0233corregida.jpg?fit=4608%2C3072&ssl=1\",\"contentUrl\":\"https:\\\/\\\/i0.wp.com\\\/mundoitam.com\\\/wp-content\\\/uploads\\\/2018\\\/05\\\/DSC_0233corregida.jpg?fit=4608%2C3072&ssl=1\",\"width\":4608,\"height\":3072},{\"@type\":\"BreadcrumbList\",\"@id\":\"https:\\\/\\\/mundoitam.com\\\/en\\\/2018\\\/05\\\/23\\\/keynote-speech-the-humanities-and-university\\\/#breadcrumb\",\"itemListElement\":[{\"@type\":\"ListItem\",\"position\":1,\"name\":\"Portada\",\"item\":\"https:\\\/\\\/mundoitam.com\\\/en\\\/\"},{\"@type\":\"ListItem\",\"position\":2,\"name\":\"Keynote Speech: \u201cThe Humanities and University\u201d\"}]},{\"@type\":\"WebSite\",\"@id\":\"https:\\\/\\\/mundoitam.com\\\/en\\\/#website\",\"url\":\"https:\\\/\\\/mundoitam.com\\\/en\\\/\",\"name\":\"Mundo ITAM\",\"description\":\"ITAM's digital media\",\"publisher\":{\"@id\":\"https:\\\/\\\/mundoitam.com\\\/en\\\/#organization\"},\"potentialAction\":[{\"@type\":\"SearchAction\",\"target\":{\"@type\":\"EntryPoint\",\"urlTemplate\":\"https:\\\/\\\/mundoitam.com\\\/en\\\/?s={search_term_string}\"},\"query-input\":{\"@type\":\"PropertyValueSpecification\",\"valueRequired\":true,\"valueName\":\"search_term_string\"}}],\"inLanguage\":\"en-US\"},{\"@type\":\"Organization\",\"@id\":\"https:\\\/\\\/mundoitam.com\\\/en\\\/#organization\",\"name\":\"ITAM\",\"url\":\"https:\\\/\\\/mundoitam.com\\\/en\\\/\",\"logo\":{\"@type\":\"ImageObject\",\"inLanguage\":\"en-US\",\"@id\":\"https:\\\/\\\/mundoitam.com\\\/en\\\/#\\\/schema\\\/logo\\\/image\\\/\",\"url\":\"https:\\\/\\\/i0.wp.com\\\/mundoitam.com\\\/wp-content\\\/uploads\\\/2018\\\/04\\\/unnamed.jpg?fit=900%2C900&ssl=1\",\"contentUrl\":\"https:\\\/\\\/i0.wp.com\\\/mundoitam.com\\\/wp-content\\\/uploads\\\/2018\\\/04\\\/unnamed.jpg?fit=900%2C900&ssl=1\",\"width\":900,\"height\":900,\"caption\":\"ITAM\"},\"image\":{\"@id\":\"https:\\\/\\\/mundoitam.com\\\/en\\\/#\\\/schema\\\/logo\\\/image\\\/\"},\"sameAs\":[\"https:\\\/\\\/www.facebook.com\\\/itam.mx\\\/\",\"https:\\\/\\\/x.com\\\/ITAM_mx\"]},{\"@type\":\"Person\",\"@id\":\"https:\\\/\\\/mundoitam.com\\\/en\\\/#\\\/schema\\\/person\\\/d1c2a212b8cca3de9f3e2092961fe46c\",\"name\":\"Mundo ITAM\",\"image\":{\"@type\":\"ImageObject\",\"inLanguage\":\"en-US\",\"@id\":\"https:\\\/\\\/secure.gravatar.com\\\/avatar\\\/effa39c51b7a22496338eaaffc67c59dcdc37718d0646f09dc7d534e3111533f?s=96&d=identicon&r=g\",\"url\":\"https:\\\/\\\/secure.gravatar.com\\\/avatar\\\/effa39c51b7a22496338eaaffc67c59dcdc37718d0646f09dc7d534e3111533f?s=96&d=identicon&r=g\",\"contentUrl\":\"https:\\\/\\\/secure.gravatar.com\\\/avatar\\\/effa39c51b7a22496338eaaffc67c59dcdc37718d0646f09dc7d534e3111533f?s=96&d=identicon&r=g\",\"caption\":\"Mundo ITAM\"},\"description\":\"Mundo ITAM es el blog oficial del Instituto Tecnol\u00f3gico Aut\u00f3nomo de M\u00e9xico. Aqu\u00ed podr\u00e1s informarte y aprender acerca de los temas que acaparan los titulares en M\u00e9xico y el mundo, a partir de los textos y videos de nuestras conferencias. Podr\u00e1s conoce a nuestros profesores destacados, en los \u00e1mbitos p\u00fablico y privado de nuestro pa\u00eds, gracias a las entrevistas exclusivas que aqu\u00ed te presentamos.\",\"url\":\"https:\\\/\\\/mundoitam.com\\\/en\\\/author\\\/mundoitam\\\/\"}]}<\/script>\n<!-- \/ Yoast SEO plugin. -->","yoast_head_json":{"title":"Keynote Speech: \u201cThe Humanities and University\u201d Dr. Gabriel Vargas Lozano","description":"In his keynote speech, Dr. Gabriel Vargas Lozano, distinguished professor from Universidad Aut\u00f3noma Metropolitana, encouraged students to protect Mexico\u2019s humanities programs. This was motivated by the government of Japan\u2019s recent decision to force its universities to close all its humanities departments","robots":{"index":"index","follow":"follow","max-snippet":"max-snippet:-1","max-image-preview":"max-image-preview:large","max-video-preview":"max-video-preview:-1"},"canonical":"https:\/\/mundoitam.com\/en\/2018\/05\/23\/keynote-speech-the-humanities-and-university\/","og_locale":"en_US","og_type":"article","og_title":"Keynote Speech: \u201cThe Humanities and University\u201d Dr. Gabriel Vargas Lozano","og_description":"In his keynote speech, Dr. Gabriel Vargas Lozano, distinguished professor from Universidad Aut\u00f3noma Metropolitana, encouraged students to protect Mexico\u2019s humanities programs. This was motivated by the government of Japan\u2019s recent decision to force its universities to close all its humanities departments","og_url":"https:\/\/mundoitam.com\/en\/2018\/05\/23\/keynote-speech-the-humanities-and-university\/","og_site_name":"Mundo ITAM","article_publisher":"https:\/\/www.facebook.com\/itam.mx\/","article_published_time":"2018-05-23T19:39:02+00:00","og_image":[{"width":4608,"height":3072,"url":"https:\/\/i0.wp.com\/mundoitam.com\/wp-content\/uploads\/2018\/05\/DSC_0233corregida.jpg?fit=4608%2C3072&ssl=1","type":"image\/jpeg"}],"author":"Mundo ITAM","twitter_card":"summary_large_image","twitter_creator":"@ITAM_mx","twitter_site":"@ITAM_mx","twitter_misc":{"Written by":"Mundo ITAM","Est. reading time":"1 minute"},"schema":{"@context":"https:\/\/schema.org","@graph":[{"@type":"Article","@id":"https:\/\/mundoitam.com\/en\/2018\/05\/23\/keynote-speech-the-humanities-and-university\/#article","isPartOf":{"@id":"https:\/\/mundoitam.com\/en\/2018\/05\/23\/keynote-speech-the-humanities-and-university\/"},"author":{"name":"Mundo ITAM","@id":"https:\/\/mundoitam.com\/en\/#\/schema\/person\/d1c2a212b8cca3de9f3e2092961fe46c"},"headline":"Keynote Speech: \u201cThe Humanities and University\u201d","datePublished":"2018-05-23T19:39:02+00:00","mainEntityOfPage":{"@id":"https:\/\/mundoitam.com\/en\/2018\/05\/23\/keynote-speech-the-humanities-and-university\/"},"wordCount":140,"commentCount":0,"publisher":{"@id":"https:\/\/mundoitam.com\/en\/#organization"},"image":{"@id":"https:\/\/mundoitam.com\/en\/2018\/05\/23\/keynote-speech-the-humanities-and-university\/#primaryimage"},"thumbnailUrl":"https:\/\/i0.wp.com\/mundoitam.com\/wp-content\/uploads\/2018\/05\/DSC_0233corregida.jpg?fit=4608%2C3072&ssl=1","keywords":["Gabriel Vargas Lozano","Humanidades","Jap\u00f3n","universidad"],"articleSection":["Conferences"],"inLanguage":"en-US","potentialAction":[{"@type":"CommentAction","name":"Comment","target":["https:\/\/mundoitam.com\/en\/2018\/05\/23\/keynote-speech-the-humanities-and-university\/#respond"]}]},{"@type":"WebPage","@id":"https:\/\/mundoitam.com\/en\/2018\/05\/23\/keynote-speech-the-humanities-and-university\/","url":"https:\/\/mundoitam.com\/en\/2018\/05\/23\/keynote-speech-the-humanities-and-university\/","name":"Keynote Speech: \u201cThe Humanities and University\u201d Dr. Gabriel Vargas Lozano","isPartOf":{"@id":"https:\/\/mundoitam.com\/en\/#website"},"primaryImageOfPage":{"@id":"https:\/\/mundoitam.com\/en\/2018\/05\/23\/keynote-speech-the-humanities-and-university\/#primaryimage"},"image":{"@id":"https:\/\/mundoitam.com\/en\/2018\/05\/23\/keynote-speech-the-humanities-and-university\/#primaryimage"},"thumbnailUrl":"https:\/\/i0.wp.com\/mundoitam.com\/wp-content\/uploads\/2018\/05\/DSC_0233corregida.jpg?fit=4608%2C3072&ssl=1","datePublished":"2018-05-23T19:39:02+00:00","description":"In his keynote speech, Dr. Gabriel Vargas Lozano, distinguished professor from Universidad Aut\u00f3noma Metropolitana, encouraged students to protect Mexico\u2019s humanities programs. This was motivated by the government of Japan\u2019s recent decision to force its universities to close all its humanities departments","breadcrumb":{"@id":"https:\/\/mundoitam.com\/en\/2018\/05\/23\/keynote-speech-the-humanities-and-university\/#breadcrumb"},"inLanguage":"en-US","potentialAction":[{"@type":"ReadAction","target":["https:\/\/mundoitam.com\/en\/2018\/05\/23\/keynote-speech-the-humanities-and-university\/"]}]},{"@type":"ImageObject","inLanguage":"en-US","@id":"https:\/\/mundoitam.com\/en\/2018\/05\/23\/keynote-speech-the-humanities-and-university\/#primaryimage","url":"https:\/\/i0.wp.com\/mundoitam.com\/wp-content\/uploads\/2018\/05\/DSC_0233corregida.jpg?fit=4608%2C3072&ssl=1","contentUrl":"https:\/\/i0.wp.com\/mundoitam.com\/wp-content\/uploads\/2018\/05\/DSC_0233corregida.jpg?fit=4608%2C3072&ssl=1","width":4608,"height":3072},{"@type":"BreadcrumbList","@id":"https:\/\/mundoitam.com\/en\/2018\/05\/23\/keynote-speech-the-humanities-and-university\/#breadcrumb","itemListElement":[{"@type":"ListItem","position":1,"name":"Portada","item":"https:\/\/mundoitam.com\/en\/"},{"@type":"ListItem","position":2,"name":"Keynote Speech: \u201cThe Humanities and University\u201d"}]},{"@type":"WebSite","@id":"https:\/\/mundoitam.com\/en\/#website","url":"https:\/\/mundoitam.com\/en\/","name":"Mundo ITAM","description":"ITAM's digital media","publisher":{"@id":"https:\/\/mundoitam.com\/en\/#organization"},"potentialAction":[{"@type":"SearchAction","target":{"@type":"EntryPoint","urlTemplate":"https:\/\/mundoitam.com\/en\/?s={search_term_string}"},"query-input":{"@type":"PropertyValueSpecification","valueRequired":true,"valueName":"search_term_string"}}],"inLanguage":"en-US"},{"@type":"Organization","@id":"https:\/\/mundoitam.com\/en\/#organization","name":"ITAM","url":"https:\/\/mundoitam.com\/en\/","logo":{"@type":"ImageObject","inLanguage":"en-US","@id":"https:\/\/mundoitam.com\/en\/#\/schema\/logo\/image\/","url":"https:\/\/i0.wp.com\/mundoitam.com\/wp-content\/uploads\/2018\/04\/unnamed.jpg?fit=900%2C900&ssl=1","contentUrl":"https:\/\/i0.wp.com\/mundoitam.com\/wp-content\/uploads\/2018\/04\/unnamed.jpg?fit=900%2C900&ssl=1","width":900,"height":900,"caption":"ITAM"},"image":{"@id":"https:\/\/mundoitam.com\/en\/#\/schema\/logo\/image\/"},"sameAs":["https:\/\/www.facebook.com\/itam.mx\/","https:\/\/x.com\/ITAM_mx"]},{"@type":"Person","@id":"https:\/\/mundoitam.com\/en\/#\/schema\/person\/d1c2a212b8cca3de9f3e2092961fe46c","name":"Mundo ITAM","image":{"@type":"ImageObject","inLanguage":"en-US","@id":"https:\/\/secure.gravatar.com\/avatar\/effa39c51b7a22496338eaaffc67c59dcdc37718d0646f09dc7d534e3111533f?s=96&d=identicon&r=g","url":"https:\/\/secure.gravatar.com\/avatar\/effa39c51b7a22496338eaaffc67c59dcdc37718d0646f09dc7d534e3111533f?s=96&d=identicon&r=g","contentUrl":"https:\/\/secure.gravatar.com\/avatar\/effa39c51b7a22496338eaaffc67c59dcdc37718d0646f09dc7d534e3111533f?s=96&d=identicon&r=g","caption":"Mundo ITAM"},"description":"Mundo ITAM es el blog oficial del Instituto Tecnol\u00f3gico Aut\u00f3nomo de M\u00e9xico. Aqu\u00ed podr\u00e1s informarte y aprender acerca de los temas que acaparan los titulares en M\u00e9xico y el mundo, a partir de los textos y videos de nuestras conferencias. Podr\u00e1s conoce a nuestros profesores destacados, en los \u00e1mbitos p\u00fablico y privado de nuestro pa\u00eds, gracias a las entrevistas exclusivas que aqu\u00ed te presentamos.","url":"https:\/\/mundoitam.com\/en\/author\/mundoitam\/"}]}},"jetpack_publicize_connections":[],"jetpack_featured_media_url":"https:\/\/i0.wp.com\/mundoitam.com\/wp-content\/uploads\/2018\/05\/DSC_0233corregida.jpg?fit=4608%2C3072&ssl=1","jetpack_sharing_enabled":true,"jetpack_shortlink":"https:\/\/wp.me\/pCVpr-20D","jetpack_likes_enabled":true,"jetpack-related-posts":[{"id":17334,"url":"https:\/\/mundoitam.com\/en\/2021\/04\/28\/itam-arrives-in-latin-america\/","url_meta":{"origin":7727,"position":0},"title":"ITAM arrives in Latin America","author":"Mundo ITAM","date":"28 April 2021","format":false,"excerpt":"Past March 24 and 15 of 2021, the first edition of ITAM Latino was held, an event designed to attract people in Latin American countries interested in studying at ITAM. The first edition of this event had 200 people interested, who received talks about different programs, about the admission process,\u2026","rel":"","context":"In &quot;Education and Social Responsability&quot;","block_context":{"text":"Education and Social Responsability","link":"https:\/\/mundoitam.com\/en\/category\/education-and-social-responsability\/"},"img":{"alt_text":"","src":"https:\/\/i0.wp.com\/mundoitam.com\/wp-content\/uploads\/2021\/03\/itam-latino-c.jpg?fit=1200%2C1200&ssl=1&resize=350%2C200","width":350,"height":200,"srcset":"https:\/\/i0.wp.com\/mundoitam.com\/wp-content\/uploads\/2021\/03\/itam-latino-c.jpg?fit=1200%2C1200&ssl=1&resize=350%2C200 1x, https:\/\/i0.wp.com\/mundoitam.com\/wp-content\/uploads\/2021\/03\/itam-latino-c.jpg?fit=1200%2C1200&ssl=1&resize=525%2C300 1.5x, https:\/\/i0.wp.com\/mundoitam.com\/wp-content\/uploads\/2021\/03\/itam-latino-c.jpg?fit=1200%2C1200&ssl=1&resize=700%2C400 2x, https:\/\/i0.wp.com\/mundoitam.com\/wp-content\/uploads\/2021\/03\/itam-latino-c.jpg?fit=1200%2C1200&ssl=1&resize=1050%2C600 3x"},"classes":[]},{"id":16990,"url":"https:\/\/mundoitam.com\/en\/2021\/03\/08\/itam-2021-fintech-business-perspectives-seminar\/","url_meta":{"origin":7727,"position":1},"title":"ITAM 2021 &#8211; Fintech Business Perspectives Seminar","author":"Mundo ITAM","date":"8 March 2021","format":false,"excerpt":"With the keynote address \u201cDigital Innovation and the Future of Money,\u201d given by Dr. Agust\u00edn Carstens, general manager of the Bank of International Settlements (BIS), the 2021 Business Perspectives Seminar was held at ITAM, with the Fintech ecosystem as its central theme.","rel":"","context":"In &quot;Politics and Economics&quot;","block_context":{"text":"Politics and Economics","link":"https:\/\/mundoitam.com\/en\/category\/politics-and-economics\/"},"img":{"alt_text":"Seminario de PErspectivas Empresariales 2021 Fintech","src":"https:\/\/i0.wp.com\/mundoitam.com\/wp-content\/uploads\/2021\/02\/spe2021.png?fit=1200%2C675&ssl=1&resize=350%2C200","width":350,"height":200,"srcset":"https:\/\/i0.wp.com\/mundoitam.com\/wp-content\/uploads\/2021\/02\/spe2021.png?fit=1200%2C675&ssl=1&resize=350%2C200 1x, https:\/\/i0.wp.com\/mundoitam.com\/wp-content\/uploads\/2021\/02\/spe2021.png?fit=1200%2C675&ssl=1&resize=525%2C300 1.5x, https:\/\/i0.wp.com\/mundoitam.com\/wp-content\/uploads\/2021\/02\/spe2021.png?fit=1200%2C675&ssl=1&resize=700%2C400 2x, https:\/\/i0.wp.com\/mundoitam.com\/wp-content\/uploads\/2021\/02\/spe2021.png?fit=1200%2C675&ssl=1&resize=1050%2C600 3x"},"classes":[]},{"id":15762,"url":"https:\/\/mundoitam.com\/en\/2020\/09\/25\/fulbright-garcia-robles-scholarships-why-do-so-many-itam-students-go-to-graduate-school-in-the-united-states\/","url_meta":{"origin":7727,"position":2},"title":"Fulbright-Garc\u00eda Robles Scholarships: Why Do So Many ITAM Students Go to Graduate School in the United States?","author":"Mundo ITAM","date":"25 September 2020","format":"image","excerpt":"Fulbright Garc\u00eda-Robles is a group of scholarships that promote the incorporation of graduates from mexican colleges to the best graduate school in the United States.","rel":"","context":"In &quot;Educaci\u00f3n, cultura y responsabilidad social&quot;","block_context":{"text":"Educaci\u00f3n, cultura y responsabilidad social","link":"https:\/\/mundoitam.com\/category\/educacion-cultura-y-responsabilidad-social\/"},"img":{"alt_text":"Fulbright-Garc\u00eda Robles","src":"https:\/\/i0.wp.com\/mundoitam.com\/wp-content\/uploads\/2020\/09\/fulbright_logo-960x604.jpg?resize=350%2C200&ssl=1","width":350,"height":200,"srcset":"https:\/\/i0.wp.com\/mundoitam.com\/wp-content\/uploads\/2020\/09\/fulbright_logo-960x604.jpg?resize=350%2C200&ssl=1 1x, https:\/\/i0.wp.com\/mundoitam.com\/wp-content\/uploads\/2020\/09\/fulbright_logo-960x604.jpg?resize=525%2C300&ssl=1 1.5x, https:\/\/i0.wp.com\/mundoitam.com\/wp-content\/uploads\/2020\/09\/fulbright_logo-960x604.jpg?resize=700%2C400&ssl=1 2x"},"classes":[]},{"id":24881,"url":"https:\/\/mundoitam.com\/en\/2024\/01\/17\/perspectives-in-computing-seminar-artificial-intelligence\/","url_meta":{"origin":7727,"position":3},"title":"Perspectives in Computing Seminar: Artificial Intelligence","author":"Mundo ITAM","date":"17 January 2024","format":false,"excerpt":"Broaden your perspective on Artificial Intelligence with the issues discussed during the 2023 Perspectives in Computing Seminar: Artificial Intelligence.","rel":"","context":"In &quot;Conferences&quot;","block_context":{"text":"Conferences","link":"https:\/\/mundoitam.com\/en\/category\/conferences\/"},"img":{"alt_text":"Seminario de Perspectivas en Computacion","src":"https:\/\/i0.wp.com\/mundoitam.com\/wp-content\/uploads\/2023\/12\/SPC_portada.jpg?fit=900%2C1200&ssl=1&resize=350%2C200","width":350,"height":200,"srcset":"https:\/\/i0.wp.com\/mundoitam.com\/wp-content\/uploads\/2023\/12\/SPC_portada.jpg?fit=900%2C1200&ssl=1&resize=350%2C200 1x, https:\/\/i0.wp.com\/mundoitam.com\/wp-content\/uploads\/2023\/12\/SPC_portada.jpg?fit=900%2C1200&ssl=1&resize=525%2C300 1.5x, https:\/\/i0.wp.com\/mundoitam.com\/wp-content\/uploads\/2023\/12\/SPC_portada.jpg?fit=900%2C1200&ssl=1&resize=700%2C400 2x"},"classes":[]},{"id":13775,"url":"https:\/\/mundoitam.com\/en\/2019\/11\/20\/graduate-program-abroad-the-next-step-for-more-than-100-alumni\/","url_meta":{"origin":7727,"position":4},"title":"Graduate Program Abroad: The Next Step for More Than 100 Alumni","author":"Mundo ITAM","date":"20 November 2019","format":false,"excerpt":"The possibility of studying a graduate program abroad is the result of the effort, dedication and drive of each student during his or her professional training. In addition, it opens the doors of knowledge and culture. As well as that, it also extends the invitation to future generations to learn\u2026","rel":"","context":"In &quot;Education and Social Responsability&quot;","block_context":{"text":"Education and Social Responsability","link":"https:\/\/mundoitam.com\/en\/category\/education-and-social-responsability\/"},"img":{"alt_text":"Alumni attend the cocktail to celebrate their graduate programs","src":"https:\/\/i0.wp.com\/mundoitam.com\/wp-content\/uploads\/2019\/06\/Coctel-exalumnos-posgrados-4.jpg?fit=1200%2C800&ssl=1&resize=350%2C200","width":350,"height":200,"srcset":"https:\/\/i0.wp.com\/mundoitam.com\/wp-content\/uploads\/2019\/06\/Coctel-exalumnos-posgrados-4.jpg?fit=1200%2C800&ssl=1&resize=350%2C200 1x, https:\/\/i0.wp.com\/mundoitam.com\/wp-content\/uploads\/2019\/06\/Coctel-exalumnos-posgrados-4.jpg?fit=1200%2C800&ssl=1&resize=525%2C300 1.5x, https:\/\/i0.wp.com\/mundoitam.com\/wp-content\/uploads\/2019\/06\/Coctel-exalumnos-posgrados-4.jpg?fit=1200%2C800&ssl=1&resize=700%2C400 2x, https:\/\/i0.wp.com\/mundoitam.com\/wp-content\/uploads\/2019\/06\/Coctel-exalumnos-posgrados-4.jpg?fit=1200%2C800&ssl=1&resize=1050%2C600 3x"},"classes":[]},{"id":26469,"url":"https:\/\/mundoitam.com\/en\/2024\/08\/14\/itam-alumni-gather-to-strengthen-the-community-and-learn-about-itam-projection\/","url_meta":{"origin":7727,"position":5},"title":"ITAM alumni gather to strengthen the community and learn about ITAM Projection","author":"Mundo ITAM","date":"14 August 2024","format":"image","excerpt":"ITAM alumni gather to learn about ITAM Projection, a philanthropy and scholarship project for future leaders.","rel":"","context":"In &quot;Alumni&quot;","block_context":{"text":"Alumni","link":"https:\/\/mundoitam.com\/en\/category\/alumni\/"},"img":{"alt_text":"Desayuno de Proyecci\u00f3n ITAM. Foto ITAM.","src":"https:\/\/i0.wp.com\/mundoitam.com\/wp-content\/uploads\/2024\/08\/IMG_3338.jpg?fit=1200%2C623&ssl=1&resize=350%2C200","width":350,"height":200,"srcset":"https:\/\/i0.wp.com\/mundoitam.com\/wp-content\/uploads\/2024\/08\/IMG_3338.jpg?fit=1200%2C623&ssl=1&resize=350%2C200 1x, https:\/\/i0.wp.com\/mundoitam.com\/wp-content\/uploads\/2024\/08\/IMG_3338.jpg?fit=1200%2C623&ssl=1&resize=525%2C300 1.5x, https:\/\/i0.wp.com\/mundoitam.com\/wp-content\/uploads\/2024\/08\/IMG_3338.jpg?fit=1200%2C623&ssl=1&resize=700%2C400 2x, https:\/\/i0.wp.com\/mundoitam.com\/wp-content\/uploads\/2024\/08\/IMG_3338.jpg?fit=1200%2C623&ssl=1&resize=1050%2C600 3x"},"classes":[]}],"amp_enabled":true,"_links":{"self":[{"href":"https:\/\/mundoitam.com\/en\/wp-json\/wp\/v2\/posts\/7727","targetHints":{"allow":["GET"]}}],"collection":[{"href":"https:\/\/mundoitam.com\/en\/wp-json\/wp\/v2\/posts"}],"about":[{"href":"https:\/\/mundoitam.com\/en\/wp-json\/wp\/v2\/types\/post"}],"author":[{"embeddable":true,"href":"https:\/\/mundoitam.com\/en\/wp-json\/wp\/v2\/users\/10"}],"replies":[{"embeddable":true,"href":"https:\/\/mundoitam.com\/en\/wp-json\/wp\/v2\/comments?post=7727"}],"version-history":[{"count":2,"href":"https:\/\/mundoitam.com\/en\/wp-json\/wp\/v2\/posts\/7727\/revisions"}],"predecessor-version":[{"id":7730,"href":"https:\/\/mundoitam.com\/en\/wp-json\/wp\/v2\/posts\/7727\/revisions\/7730"}],"wp:featuredmedia":[{"embeddable":true,"href":"https:\/\/mundoitam.com\/en\/wp-json\/wp\/v2\/media\/7729"}],"wp:attachment":[{"href":"https:\/\/mundoitam.com\/en\/wp-json\/wp\/v2\/media?parent=7727"}],"wp:term":[{"taxonomy":"category","embeddable":true,"href":"https:\/\/mundoitam.com\/en\/wp-json\/wp\/v2\/categories?post=7727"},{"taxonomy":"post_tag","embeddable":true,"href":"https:\/\/mundoitam.com\/en\/wp-json\/wp\/v2\/tags?post=7727"}],"curies":[{"name":"wp","href":"https:\/\/api.w.org\/{rel}","templated":true}]}}