{"id":7775,"date":"2018-06-12T17:38:04","date_gmt":"2018-06-12T22:38:04","guid":{"rendered":"https:\/\/mundoitam.com\/?p=7775"},"modified":"2018-06-26T11:20:10","modified_gmt":"2018-06-26T16:20:10","slug":"interview-with-silvano-espindola","status":"publish","type":"post","link":"https:\/\/mundoitam.com\/en\/2018\/06\/12\/interview-with-silvano-espindola\/","title":{"rendered":"Interview with Silvano Esp\u00edndola"},"content":{"rendered":"<p style=\"text-align: center;\"><iframe loading=\"lazy\" src=\"\/\/www.youtube.com\/embed\/ZPcYdiNpR6s\" width=\"560\" height=\"314\" allowfullscreen=\"allowfullscreen\"><\/iframe><\/p>\n<table>\n<tbody>\n<tr>\n<td width=\"754\">Silvano Esp\u00edndola is an alumnus, an academic, and a distinguished member of our institution. Since the beginning of his undergraduate studies in economics in 1965, he has been closely connected to ITAM.<\/td>\n<\/tr>\n<\/tbody>\n<\/table>\n<div class=\"mundo-despues-del-contenido\" id=\"mundo-1546132748\"><style type=\"text\/css\">\r\n .ad-square h3 { \r\n\tfont-size: 11px;\r\n    font-weight: 300;\r\n    letter-spacing: 2.3px;\r\n    color: #6a6c6e;\r\n    font-weight: normal;\r\n    margin: 18px 0;  \r\n\tfont-family: \"Lato\", \"Helvetica Neue\", Helvetica, Arial, sans-serif;\r\n\t}\r\n<\/style>\r\n\r\n<center> <div class=\"ad-square\">\r\n\t\t\t\t\t\t\t<h3>ANUNCIO<\/h3>\r\n<a href=\"https:\/\/aspirantes.itam.mx\/proceso-admision\/?utm_source=itam&utm_medium=mundoitam&utm_campaign=organico\" target=\"_blank\"><img decoding=\"async\" width=\"800\" src=\"https:\/\/mundoitam.com\/wp-content\/uploads\/2021\/06\/banner-aspitantes-1.png \" alt=\"Anuncio\" style=\"border: none; display: block;\"><\/a>\r\n\r\n<\/div> <\/center> <\/div>","protected":false},"excerpt":{"rendered":"<p>Silvano Esp\u00edndola is an alumnus, an academic, and a distinguished member of our institution. Since the beginning of his undergraduate studies in economics in 1965, he has been closely connected to ITAM.<\/p>\n","protected":false},"author":10,"featured_media":7776,"comment_status":"open","ping_status":"open","sticky":false,"template":"","format":"standard","meta":{"_jetpack_newsletter_access":"","_jetpack_dont_email_post_to_subs":false,"_jetpack_newsletter_tier_id":0,"_jetpack_memberships_contains_paywalled_content":false,"_jetpack_memberships_contains_paid_content":false,"footnotes":"","jetpack_publicize_message":"","jetpack_publicize_feature_enabled":true,"jetpack_social_post_already_shared":true,"jetpack_social_options":{"image_generator_settings":{"template":"highway","default_image_id":0,"font":"","enabled":false},"version":2},"_wpas_customize_per_network":false,"jetpack_post_was_ever_published":false},"categories":[579145813],"tags":[579146165,579147051,579146166,110821314],"class_list":["post-7775","post","type-post","status-publish","format-standard","has-post-thumbnail","hentry","category-uncategorized","tag-economics","tag-itam-en","tag-itam-faculty","tag-silvano-espindola"],"yoast_head":"<!-- This site is optimized with the Yoast SEO plugin v27.4 - https:\/\/yoast.com\/product\/yoast-seo-wordpress\/ -->\n<title>Interview with Silvano Esp\u00edndola - Mundo ITAM<\/title>\n<meta name=\"robots\" content=\"index, follow, max-snippet:-1, max-image-preview:large, max-video-preview:-1\" \/>\n<link rel=\"canonical\" href=\"https:\/\/mundoitam.com\/en\/2018\/06\/12\/interview-with-silvano-espindola\/\" \/>\n<meta property=\"og:locale\" content=\"en_US\" \/>\n<meta property=\"og:type\" content=\"article\" \/>\n<meta property=\"og:title\" content=\"Interview with Silvano Esp\u00edndola - Mundo ITAM\" \/>\n<meta property=\"og:description\" content=\"Silvano Esp\u00edndola is an alumnus, an academic, and a distinguished member of our institution. Since the beginning of his undergraduate studies in economics in 1965, he has been closely connected to ITAM.\" \/>\n<meta property=\"og:url\" content=\"https:\/\/mundoitam.com\/en\/2018\/06\/12\/interview-with-silvano-espindola\/\" \/>\n<meta property=\"og:site_name\" content=\"Mundo ITAM\" \/>\n<meta property=\"article:publisher\" content=\"https:\/\/www.facebook.com\/itam.mx\/\" \/>\n<meta property=\"article:published_time\" content=\"2018-06-12T22:38:04+00:00\" \/>\n<meta property=\"article:modified_time\" content=\"2018-06-26T16:20:10+00:00\" \/>\n<meta property=\"og:image\" content=\"https:\/\/i0.wp.com\/mundoitam.com\/wp-content\/uploads\/2018\/06\/DSC_0316-copy.jpg?fit=1000%2C750&ssl=1\" \/>\n\t<meta property=\"og:image:width\" content=\"1000\" \/>\n\t<meta property=\"og:image:height\" content=\"750\" \/>\n\t<meta property=\"og:image:type\" content=\"image\/jpeg\" \/>\n<meta name=\"author\" content=\"Mundo ITAM\" \/>\n<meta name=\"twitter:card\" content=\"summary_large_image\" \/>\n<meta name=\"twitter:creator\" content=\"@ITAM_mx\" \/>\n<meta name=\"twitter:site\" content=\"@ITAM_mx\" \/>\n<meta name=\"twitter:label1\" content=\"Written by\" \/>\n\t<meta name=\"twitter:data1\" content=\"Mundo ITAM\" \/>\n<script type=\"application\/ld+json\" class=\"yoast-schema-graph\">{\"@context\":\"https:\\\/\\\/schema.org\",\"@graph\":[{\"@type\":\"Article\",\"@id\":\"https:\\\/\\\/mundoitam.com\\\/en\\\/2018\\\/06\\\/12\\\/interview-with-silvano-espindola\\\/#article\",\"isPartOf\":{\"@id\":\"https:\\\/\\\/mundoitam.com\\\/en\\\/2018\\\/06\\\/12\\\/interview-with-silvano-espindola\\\/\"},\"author\":{\"name\":\"Mundo ITAM\",\"@id\":\"https:\\\/\\\/mundoitam.com\\\/en\\\/#\\\/schema\\\/person\\\/d1c2a212b8cca3de9f3e2092961fe46c\"},\"headline\":\"Interview with Silvano Esp\u00edndola\",\"datePublished\":\"2018-06-12T22:38:04+00:00\",\"dateModified\":\"2018-06-26T16:20:10+00:00\",\"mainEntityOfPage\":{\"@id\":\"https:\\\/\\\/mundoitam.com\\\/en\\\/2018\\\/06\\\/12\\\/interview-with-silvano-espindola\\\/\"},\"wordCount\":37,\"commentCount\":0,\"publisher\":{\"@id\":\"https:\\\/\\\/mundoitam.com\\\/en\\\/#organization\"},\"image\":{\"@id\":\"https:\\\/\\\/mundoitam.com\\\/en\\\/2018\\\/06\\\/12\\\/interview-with-silvano-espindola\\\/#primaryimage\"},\"thumbnailUrl\":\"https:\\\/\\\/i0.wp.com\\\/mundoitam.com\\\/wp-content\\\/uploads\\\/2018\\\/06\\\/DSC_0316-copy.jpg?fit=1000%2C750&ssl=1\",\"keywords\":[\"economics\",\"ITAM\",\"itam faculty\",\"Silvano Esp\u00edndola\"],\"inLanguage\":\"en-US\",\"potentialAction\":[{\"@type\":\"CommentAction\",\"name\":\"Comment\",\"target\":[\"https:\\\/\\\/mundoitam.com\\\/en\\\/2018\\\/06\\\/12\\\/interview-with-silvano-espindola\\\/#respond\"]}]},{\"@type\":\"WebPage\",\"@id\":\"https:\\\/\\\/mundoitam.com\\\/en\\\/2018\\\/06\\\/12\\\/interview-with-silvano-espindola\\\/\",\"url\":\"https:\\\/\\\/mundoitam.com\\\/en\\\/2018\\\/06\\\/12\\\/interview-with-silvano-espindola\\\/\",\"name\":\"Interview with Silvano Esp\u00edndola - Mundo ITAM\",\"isPartOf\":{\"@id\":\"https:\\\/\\\/mundoitam.com\\\/en\\\/#website\"},\"primaryImageOfPage\":{\"@id\":\"https:\\\/\\\/mundoitam.com\\\/en\\\/2018\\\/06\\\/12\\\/interview-with-silvano-espindola\\\/#primaryimage\"},\"image\":{\"@id\":\"https:\\\/\\\/mundoitam.com\\\/en\\\/2018\\\/06\\\/12\\\/interview-with-silvano-espindola\\\/#primaryimage\"},\"thumbnailUrl\":\"https:\\\/\\\/i0.wp.com\\\/mundoitam.com\\\/wp-content\\\/uploads\\\/2018\\\/06\\\/DSC_0316-copy.jpg?fit=1000%2C750&ssl=1\",\"datePublished\":\"2018-06-12T22:38:04+00:00\",\"dateModified\":\"2018-06-26T16:20:10+00:00\",\"breadcrumb\":{\"@id\":\"https:\\\/\\\/mundoitam.com\\\/en\\\/2018\\\/06\\\/12\\\/interview-with-silvano-espindola\\\/#breadcrumb\"},\"inLanguage\":\"en-US\",\"potentialAction\":[{\"@type\":\"ReadAction\",\"target\":[\"https:\\\/\\\/mundoitam.com\\\/en\\\/2018\\\/06\\\/12\\\/interview-with-silvano-espindola\\\/\"]}]},{\"@type\":\"ImageObject\",\"inLanguage\":\"en-US\",\"@id\":\"https:\\\/\\\/mundoitam.com\\\/en\\\/2018\\\/06\\\/12\\\/interview-with-silvano-espindola\\\/#primaryimage\",\"url\":\"https:\\\/\\\/i0.wp.com\\\/mundoitam.com\\\/wp-content\\\/uploads\\\/2018\\\/06\\\/DSC_0316-copy.jpg?fit=1000%2C750&ssl=1\",\"contentUrl\":\"https:\\\/\\\/i0.wp.com\\\/mundoitam.com\\\/wp-content\\\/uploads\\\/2018\\\/06\\\/DSC_0316-copy.jpg?fit=1000%2C750&ssl=1\",\"width\":1000,\"height\":750,\"caption\":\"Silvano Esp\u00edndola\"},{\"@type\":\"BreadcrumbList\",\"@id\":\"https:\\\/\\\/mundoitam.com\\\/en\\\/2018\\\/06\\\/12\\\/interview-with-silvano-espindola\\\/#breadcrumb\",\"itemListElement\":[{\"@type\":\"ListItem\",\"position\":1,\"name\":\"Portada\",\"item\":\"https:\\\/\\\/mundoitam.com\\\/en\\\/\"},{\"@type\":\"ListItem\",\"position\":2,\"name\":\"Interview with Silvano Esp\u00edndola\"}]},{\"@type\":\"WebSite\",\"@id\":\"https:\\\/\\\/mundoitam.com\\\/en\\\/#website\",\"url\":\"https:\\\/\\\/mundoitam.com\\\/en\\\/\",\"name\":\"Mundo ITAM\",\"description\":\"ITAM's digital media\",\"publisher\":{\"@id\":\"https:\\\/\\\/mundoitam.com\\\/en\\\/#organization\"},\"potentialAction\":[{\"@type\":\"SearchAction\",\"target\":{\"@type\":\"EntryPoint\",\"urlTemplate\":\"https:\\\/\\\/mundoitam.com\\\/en\\\/?s={search_term_string}\"},\"query-input\":{\"@type\":\"PropertyValueSpecification\",\"valueRequired\":true,\"valueName\":\"search_term_string\"}}],\"inLanguage\":\"en-US\"},{\"@type\":\"Organization\",\"@id\":\"https:\\\/\\\/mundoitam.com\\\/en\\\/#organization\",\"name\":\"ITAM\",\"url\":\"https:\\\/\\\/mundoitam.com\\\/en\\\/\",\"logo\":{\"@type\":\"ImageObject\",\"inLanguage\":\"en-US\",\"@id\":\"https:\\\/\\\/mundoitam.com\\\/en\\\/#\\\/schema\\\/logo\\\/image\\\/\",\"url\":\"https:\\\/\\\/i0.wp.com\\\/mundoitam.com\\\/wp-content\\\/uploads\\\/2018\\\/04\\\/unnamed.jpg?fit=900%2C900&ssl=1\",\"contentUrl\":\"https:\\\/\\\/i0.wp.com\\\/mundoitam.com\\\/wp-content\\\/uploads\\\/2018\\\/04\\\/unnamed.jpg?fit=900%2C900&ssl=1\",\"width\":900,\"height\":900,\"caption\":\"ITAM\"},\"image\":{\"@id\":\"https:\\\/\\\/mundoitam.com\\\/en\\\/#\\\/schema\\\/logo\\\/image\\\/\"},\"sameAs\":[\"https:\\\/\\\/www.facebook.com\\\/itam.mx\\\/\",\"https:\\\/\\\/x.com\\\/ITAM_mx\"]},{\"@type\":\"Person\",\"@id\":\"https:\\\/\\\/mundoitam.com\\\/en\\\/#\\\/schema\\\/person\\\/d1c2a212b8cca3de9f3e2092961fe46c\",\"name\":\"Mundo ITAM\",\"image\":{\"@type\":\"ImageObject\",\"inLanguage\":\"en-US\",\"@id\":\"https:\\\/\\\/secure.gravatar.com\\\/avatar\\\/effa39c51b7a22496338eaaffc67c59dcdc37718d0646f09dc7d534e3111533f?s=96&d=identicon&r=g\",\"url\":\"https:\\\/\\\/secure.gravatar.com\\\/avatar\\\/effa39c51b7a22496338eaaffc67c59dcdc37718d0646f09dc7d534e3111533f?s=96&d=identicon&r=g\",\"contentUrl\":\"https:\\\/\\\/secure.gravatar.com\\\/avatar\\\/effa39c51b7a22496338eaaffc67c59dcdc37718d0646f09dc7d534e3111533f?s=96&d=identicon&r=g\",\"caption\":\"Mundo ITAM\"},\"description\":\"Mundo ITAM es el blog oficial del Instituto Tecnol\u00f3gico Aut\u00f3nomo de M\u00e9xico. Aqu\u00ed podr\u00e1s informarte y aprender acerca de los temas que acaparan los titulares en M\u00e9xico y el mundo, a partir de los textos y videos de nuestras conferencias. Podr\u00e1s conoce a nuestros profesores destacados, en los \u00e1mbitos p\u00fablico y privado de nuestro pa\u00eds, gracias a las entrevistas exclusivas que aqu\u00ed te presentamos.\",\"url\":\"https:\\\/\\\/mundoitam.com\\\/en\\\/author\\\/mundoitam\\\/\"}]}<\/script>\n<!-- \/ Yoast SEO plugin. -->","yoast_head_json":{"title":"Interview with Silvano Esp\u00edndola - Mundo ITAM","robots":{"index":"index","follow":"follow","max-snippet":"max-snippet:-1","max-image-preview":"max-image-preview:large","max-video-preview":"max-video-preview:-1"},"canonical":"https:\/\/mundoitam.com\/en\/2018\/06\/12\/interview-with-silvano-espindola\/","og_locale":"en_US","og_type":"article","og_title":"Interview with Silvano Esp\u00edndola - Mundo ITAM","og_description":"Silvano Esp\u00edndola is an alumnus, an academic, and a distinguished member of our institution. Since the beginning of his undergraduate studies in economics in 1965, he has been closely connected to ITAM.","og_url":"https:\/\/mundoitam.com\/en\/2018\/06\/12\/interview-with-silvano-espindola\/","og_site_name":"Mundo ITAM","article_publisher":"https:\/\/www.facebook.com\/itam.mx\/","article_published_time":"2018-06-12T22:38:04+00:00","article_modified_time":"2018-06-26T16:20:10+00:00","og_image":[{"width":1000,"height":750,"url":"https:\/\/i0.wp.com\/mundoitam.com\/wp-content\/uploads\/2018\/06\/DSC_0316-copy.jpg?fit=1000%2C750&ssl=1","type":"image\/jpeg"}],"author":"Mundo ITAM","twitter_card":"summary_large_image","twitter_creator":"@ITAM_mx","twitter_site":"@ITAM_mx","twitter_misc":{"Written by":"Mundo ITAM"},"schema":{"@context":"https:\/\/schema.org","@graph":[{"@type":"Article","@id":"https:\/\/mundoitam.com\/en\/2018\/06\/12\/interview-with-silvano-espindola\/#article","isPartOf":{"@id":"https:\/\/mundoitam.com\/en\/2018\/06\/12\/interview-with-silvano-espindola\/"},"author":{"name":"Mundo ITAM","@id":"https:\/\/mundoitam.com\/en\/#\/schema\/person\/d1c2a212b8cca3de9f3e2092961fe46c"},"headline":"Interview with Silvano Esp\u00edndola","datePublished":"2018-06-12T22:38:04+00:00","dateModified":"2018-06-26T16:20:10+00:00","mainEntityOfPage":{"@id":"https:\/\/mundoitam.com\/en\/2018\/06\/12\/interview-with-silvano-espindola\/"},"wordCount":37,"commentCount":0,"publisher":{"@id":"https:\/\/mundoitam.com\/en\/#organization"},"image":{"@id":"https:\/\/mundoitam.com\/en\/2018\/06\/12\/interview-with-silvano-espindola\/#primaryimage"},"thumbnailUrl":"https:\/\/i0.wp.com\/mundoitam.com\/wp-content\/uploads\/2018\/06\/DSC_0316-copy.jpg?fit=1000%2C750&ssl=1","keywords":["economics","ITAM","itam faculty","Silvano Esp\u00edndola"],"inLanguage":"en-US","potentialAction":[{"@type":"CommentAction","name":"Comment","target":["https:\/\/mundoitam.com\/en\/2018\/06\/12\/interview-with-silvano-espindola\/#respond"]}]},{"@type":"WebPage","@id":"https:\/\/mundoitam.com\/en\/2018\/06\/12\/interview-with-silvano-espindola\/","url":"https:\/\/mundoitam.com\/en\/2018\/06\/12\/interview-with-silvano-espindola\/","name":"Interview with Silvano Esp\u00edndola - Mundo ITAM","isPartOf":{"@id":"https:\/\/mundoitam.com\/en\/#website"},"primaryImageOfPage":{"@id":"https:\/\/mundoitam.com\/en\/2018\/06\/12\/interview-with-silvano-espindola\/#primaryimage"},"image":{"@id":"https:\/\/mundoitam.com\/en\/2018\/06\/12\/interview-with-silvano-espindola\/#primaryimage"},"thumbnailUrl":"https:\/\/i0.wp.com\/mundoitam.com\/wp-content\/uploads\/2018\/06\/DSC_0316-copy.jpg?fit=1000%2C750&ssl=1","datePublished":"2018-06-12T22:38:04+00:00","dateModified":"2018-06-26T16:20:10+00:00","breadcrumb":{"@id":"https:\/\/mundoitam.com\/en\/2018\/06\/12\/interview-with-silvano-espindola\/#breadcrumb"},"inLanguage":"en-US","potentialAction":[{"@type":"ReadAction","target":["https:\/\/mundoitam.com\/en\/2018\/06\/12\/interview-with-silvano-espindola\/"]}]},{"@type":"ImageObject","inLanguage":"en-US","@id":"https:\/\/mundoitam.com\/en\/2018\/06\/12\/interview-with-silvano-espindola\/#primaryimage","url":"https:\/\/i0.wp.com\/mundoitam.com\/wp-content\/uploads\/2018\/06\/DSC_0316-copy.jpg?fit=1000%2C750&ssl=1","contentUrl":"https:\/\/i0.wp.com\/mundoitam.com\/wp-content\/uploads\/2018\/06\/DSC_0316-copy.jpg?fit=1000%2C750&ssl=1","width":1000,"height":750,"caption":"Silvano Esp\u00edndola"},{"@type":"BreadcrumbList","@id":"https:\/\/mundoitam.com\/en\/2018\/06\/12\/interview-with-silvano-espindola\/#breadcrumb","itemListElement":[{"@type":"ListItem","position":1,"name":"Portada","item":"https:\/\/mundoitam.com\/en\/"},{"@type":"ListItem","position":2,"name":"Interview with Silvano Esp\u00edndola"}]},{"@type":"WebSite","@id":"https:\/\/mundoitam.com\/en\/#website","url":"https:\/\/mundoitam.com\/en\/","name":"Mundo ITAM","description":"ITAM's digital media","publisher":{"@id":"https:\/\/mundoitam.com\/en\/#organization"},"potentialAction":[{"@type":"SearchAction","target":{"@type":"EntryPoint","urlTemplate":"https:\/\/mundoitam.com\/en\/?s={search_term_string}"},"query-input":{"@type":"PropertyValueSpecification","valueRequired":true,"valueName":"search_term_string"}}],"inLanguage":"en-US"},{"@type":"Organization","@id":"https:\/\/mundoitam.com\/en\/#organization","name":"ITAM","url":"https:\/\/mundoitam.com\/en\/","logo":{"@type":"ImageObject","inLanguage":"en-US","@id":"https:\/\/mundoitam.com\/en\/#\/schema\/logo\/image\/","url":"https:\/\/i0.wp.com\/mundoitam.com\/wp-content\/uploads\/2018\/04\/unnamed.jpg?fit=900%2C900&ssl=1","contentUrl":"https:\/\/i0.wp.com\/mundoitam.com\/wp-content\/uploads\/2018\/04\/unnamed.jpg?fit=900%2C900&ssl=1","width":900,"height":900,"caption":"ITAM"},"image":{"@id":"https:\/\/mundoitam.com\/en\/#\/schema\/logo\/image\/"},"sameAs":["https:\/\/www.facebook.com\/itam.mx\/","https:\/\/x.com\/ITAM_mx"]},{"@type":"Person","@id":"https:\/\/mundoitam.com\/en\/#\/schema\/person\/d1c2a212b8cca3de9f3e2092961fe46c","name":"Mundo ITAM","image":{"@type":"ImageObject","inLanguage":"en-US","@id":"https:\/\/secure.gravatar.com\/avatar\/effa39c51b7a22496338eaaffc67c59dcdc37718d0646f09dc7d534e3111533f?s=96&d=identicon&r=g","url":"https:\/\/secure.gravatar.com\/avatar\/effa39c51b7a22496338eaaffc67c59dcdc37718d0646f09dc7d534e3111533f?s=96&d=identicon&r=g","contentUrl":"https:\/\/secure.gravatar.com\/avatar\/effa39c51b7a22496338eaaffc67c59dcdc37718d0646f09dc7d534e3111533f?s=96&d=identicon&r=g","caption":"Mundo ITAM"},"description":"Mundo ITAM es el blog oficial del Instituto Tecnol\u00f3gico Aut\u00f3nomo de M\u00e9xico. Aqu\u00ed podr\u00e1s informarte y aprender acerca de los temas que acaparan los titulares en M\u00e9xico y el mundo, a partir de los textos y videos de nuestras conferencias. Podr\u00e1s conoce a nuestros profesores destacados, en los \u00e1mbitos p\u00fablico y privado de nuestro pa\u00eds, gracias a las entrevistas exclusivas que aqu\u00ed te presentamos.","url":"https:\/\/mundoitam.com\/en\/author\/mundoitam\/"}]}},"jetpack_publicize_connections":[],"jetpack_featured_media_url":"https:\/\/i0.wp.com\/mundoitam.com\/wp-content\/uploads\/2018\/06\/DSC_0316-copy.jpg?fit=1000%2C750&ssl=1","jetpack_sharing_enabled":true,"jetpack_shortlink":"https:\/\/wp.me\/pCVpr-21p","jetpack_likes_enabled":true,"jetpack-related-posts":[{"id":18728,"url":"https:\/\/mundoitam.com\/2022\/01\/10\/instauracion-del-aula-silvano-espindola\/","url_meta":{"origin":7775,"position":0},"title":"Develaci\u00f3n de la placa: Aula Silvano Esp\u00edndola","author":"Mundo ITAM","date":"10 January 2022","format":false,"excerpt":"El pasado 17 de diciembre de 2021 se llev\u00f3 a cabo la instauraci\u00f3n del Aula Silvano Esp\u00edndola en las instalaciones del ITAM, en honor al Profesor Em\u00e9rito del Departamento Acad\u00e9mico de Econom\u00eda, Silvano Esp\u00edndola Flores. A la ceremonia asistieron familiares, exalumnos, personal de nuestra facultad y personal administrativo, autoridades, as\u00ed\u2026","rel":"","context":"In &quot;Educaci\u00f3n, cultura y responsabilidad social&quot;","block_context":{"text":"Educaci\u00f3n, cultura y responsabilidad social","link":"https:\/\/mundoitam.com\/category\/educacion-cultura-y-responsabilidad-social\/"},"img":{"alt_text":"Instauraci\u00f3n del Aula Silvano Esp\u00edndola","src":"https:\/\/i0.wp.com\/mundoitam.com\/wp-content\/uploads\/2022\/01\/Aula-Silvano-4.jpg?fit=1200%2C800&ssl=1&resize=350%2C200","width":350,"height":200,"srcset":"https:\/\/i0.wp.com\/mundoitam.com\/wp-content\/uploads\/2022\/01\/Aula-Silvano-4.jpg?fit=1200%2C800&ssl=1&resize=350%2C200 1x, https:\/\/i0.wp.com\/mundoitam.com\/wp-content\/uploads\/2022\/01\/Aula-Silvano-4.jpg?fit=1200%2C800&ssl=1&resize=525%2C300 1.5x, https:\/\/i0.wp.com\/mundoitam.com\/wp-content\/uploads\/2022\/01\/Aula-Silvano-4.jpg?fit=1200%2C800&ssl=1&resize=700%2C400 2x, https:\/\/i0.wp.com\/mundoitam.com\/wp-content\/uploads\/2022\/01\/Aula-Silvano-4.jpg?fit=1200%2C800&ssl=1&resize=1050%2C600 3x"},"classes":[]},{"id":3797,"url":"https:\/\/mundoitam.com\/2016\/05\/09\/entrevista-al-dr-silvano-espindola\/","url_meta":{"origin":7775,"position":1},"title":"Entrevista al Dr. Silvano Esp\u00edndola","author":"Mundo ITAM","date":"9 May 2016","format":false,"excerpt":"\u00a0 http:\/\/www.youtube.com\/watch?v=ZPcYdiNpR6s Silvano Esp\u00edndola, alumno, acad\u00e9mico y un miembro emblem\u00e1tico de nuestra instituci\u00f3n, ha estado estrechamente vinculado al ITAM desde el a\u00f1o de 1965, a\u00f1o en que ingres\u00f3 a estudiar la Licenciatura en Econom\u00eda","rel":"","context":"In &quot;Sin categorizar&quot;","block_context":{"text":"Sin categorizar","link":"https:\/\/mundoitam.com\/category\/sin-categorizar\/"},"img":{"alt_text":"","src":"https:\/\/i0.wp.com\/mundoitam.com\/wp-content\/uploads\/2016\/05\/captura-de-pantalla-2016-08-10-a-las-17-04-15.png?fit=646%2C352&ssl=1&resize=350%2C200","width":350,"height":200,"srcset":"https:\/\/i0.wp.com\/mundoitam.com\/wp-content\/uploads\/2016\/05\/captura-de-pantalla-2016-08-10-a-las-17-04-15.png?fit=646%2C352&ssl=1&resize=350%2C200 1x, https:\/\/i0.wp.com\/mundoitam.com\/wp-content\/uploads\/2016\/05\/captura-de-pantalla-2016-08-10-a-las-17-04-15.png?fit=646%2C352&ssl=1&resize=525%2C300 1.5x"},"classes":[]},{"id":4760,"url":"https:\/\/mundoitam.com\/2017\/01\/19\/presentacion-del-libro-la-clase-media-en-mexico\/","url_meta":{"origin":7775,"position":2},"title":"Presentaci\u00f3n del libro La clase media en M\u00e9xico","author":"Mundo ITAM","date":"19 January 2017","format":false,"excerpt":"En el marco de la Semana de Estudios, el Departamento Acad\u00e9mico de Estudios Generales, realiz\u00f3 la presentaci\u00f3n del libro: \u201cLa clase media en M\u00e9xico\u201d, del Dr. Carlos McCadden y el Dr. Miguel del Castillo. El panel cont\u00f3 con la participaci\u00f3n de los autores y del Mtro. Patricio Sep\u00falveda, el Dr.\u2026","rel":"","context":"In &quot;Educaci\u00f3n, cultura y responsabilidad social&quot;","block_context":{"text":"Educaci\u00f3n, cultura y responsabilidad social","link":"https:\/\/mundoitam.com\/category\/educacion-cultura-y-responsabilidad-social\/"},"img":{"alt_text":"","src":"https:\/\/i0.wp.com\/mundoitam.com\/wp-content\/uploads\/2017\/01\/la-clase-media-del-castillo-mccadden.png?fit=583%2C723&ssl=1&resize=350%2C200","width":350,"height":200,"srcset":"https:\/\/i0.wp.com\/mundoitam.com\/wp-content\/uploads\/2017\/01\/la-clase-media-del-castillo-mccadden.png?fit=583%2C723&ssl=1&resize=350%2C200 1x, https:\/\/i0.wp.com\/mundoitam.com\/wp-content\/uploads\/2017\/01\/la-clase-media-del-castillo-mccadden.png?fit=583%2C723&ssl=1&resize=525%2C300 1.5x"},"classes":[]},{"id":20595,"url":"https:\/\/mundoitam.com\/en\/2022\/06\/23\/itam-university-chosen-as-the-host-for-the-mexican-olympiad-in-economics-and-finance\/","url_meta":{"origin":7775,"position":3},"title":"ITAM University chosen as the host for the Mexican Olympiad in Economics and Finance.","author":"Mundo ITAM","date":"23 June 2022","format":false,"excerpt":"ITAM University acted as the venue for the Mexican Olympiad in Economics and Finance (MOEF), where a few were selected to represent Mexico in the International Economics Olympiad in China, later this year.","rel":"","context":"In &quot;Awards and recognition&quot;","block_context":{"text":"Awards and recognition","link":"https:\/\/mundoitam.com\/en\/category\/awards-and-recognition\/"},"img":{"alt_text":"El ITAM es sede de la Olimpiada Mexicana de Econom\u00eda y Finanzas (OMEF)","src":"https:\/\/i0.wp.com\/mundoitam.com\/wp-content\/uploads\/2022\/06\/olimpiada-mexicana-economia-finanzas.png?fit=1200%2C675&ssl=1&resize=350%2C200","width":350,"height":200,"srcset":"https:\/\/i0.wp.com\/mundoitam.com\/wp-content\/uploads\/2022\/06\/olimpiada-mexicana-economia-finanzas.png?fit=1200%2C675&ssl=1&resize=350%2C200 1x, https:\/\/i0.wp.com\/mundoitam.com\/wp-content\/uploads\/2022\/06\/olimpiada-mexicana-economia-finanzas.png?fit=1200%2C675&ssl=1&resize=525%2C300 1.5x, https:\/\/i0.wp.com\/mundoitam.com\/wp-content\/uploads\/2022\/06\/olimpiada-mexicana-economia-finanzas.png?fit=1200%2C675&ssl=1&resize=700%2C400 2x, https:\/\/i0.wp.com\/mundoitam.com\/wp-content\/uploads\/2022\/06\/olimpiada-mexicana-economia-finanzas.png?fit=1200%2C675&ssl=1&resize=1050%2C600 3x"},"classes":[]},{"id":26556,"url":"https:\/\/mundoitam.com\/en\/2024\/08\/15\/mexican-students-triumph-in-the-2024-international-economics-olympiad\/","url_meta":{"origin":7775,"position":4},"title":"Mexican students triumph in the 2024 International Economics Olympiad","author":"Mundo ITAM","date":"15 August 2024","format":"image","excerpt":"ITAM celebrates the success of two mexican students in the 7th edition of the International Economics Olympiad, that took place in Hong Kong in july 30th. Rodrigo Hern\u00e1ndez de la Cruz, current ITAM student, won the silver medal, while Viktor Chargoy Espino, won the bronze medal. #IEO2024 | Victory for\u2026","rel":"","context":"In &quot;Education and Social Responsability&quot;","block_context":{"text":"Education and Social Responsability","link":"https:\/\/mundoitam.com\/en\/category\/education-and-social-responsability\/"},"img":{"alt_text":"https:\/\/mundoitam.com\/2024\/08\/15\/triunfan-estudiantes-mexicanos-olimpiada-internacional-economia-2024","src":"https:\/\/i0.wp.com\/mundoitam.com\/wp-content\/uploads\/2024\/08\/Olimpiada-Internacional-de-Economia-2024-1.jpg?fit=900%2C1200&ssl=1&resize=350%2C200","width":350,"height":200,"srcset":"https:\/\/i0.wp.com\/mundoitam.com\/wp-content\/uploads\/2024\/08\/Olimpiada-Internacional-de-Economia-2024-1.jpg?fit=900%2C1200&ssl=1&resize=350%2C200 1x, https:\/\/i0.wp.com\/mundoitam.com\/wp-content\/uploads\/2024\/08\/Olimpiada-Internacional-de-Economia-2024-1.jpg?fit=900%2C1200&ssl=1&resize=525%2C300 1.5x, https:\/\/i0.wp.com\/mundoitam.com\/wp-content\/uploads\/2024\/08\/Olimpiada-Internacional-de-Economia-2024-1.jpg?fit=900%2C1200&ssl=1&resize=700%2C400 2x"},"classes":[]},{"id":15757,"url":"https:\/\/mundoitam.com\/en\/2020\/09\/25\/rafael-guerra-a-student-who-transformed-challenges-into-commitment\/","url_meta":{"origin":7775,"position":5},"title":"Rafael Guerra, a Student Who Transformed Challenges into Commitment","author":"Mundo ITAM","date":"25 September 2020","format":"image","excerpt":"ITAM has a social commitment with the young talents of Mexico.","rel":"","context":"In &quot;Education and Social Responsability&quot;","block_context":{"text":"Education and Social Responsability","link":"https:\/\/mundoitam.com\/en\/category\/education-and-social-responsability\/"},"img":{"alt_text":"Rafael Guerra. PHOTO: ITAM","src":"https:\/\/i0.wp.com\/mundoitam.com\/wp-content\/uploads\/2018\/08\/Captura-de-pantalla-2018-07-20-10.06.03.png?fit=1200%2C675&ssl=1&resize=350%2C200","width":350,"height":200,"srcset":"https:\/\/i0.wp.com\/mundoitam.com\/wp-content\/uploads\/2018\/08\/Captura-de-pantalla-2018-07-20-10.06.03.png?fit=1200%2C675&ssl=1&resize=350%2C200 1x, https:\/\/i0.wp.com\/mundoitam.com\/wp-content\/uploads\/2018\/08\/Captura-de-pantalla-2018-07-20-10.06.03.png?fit=1200%2C675&ssl=1&resize=525%2C300 1.5x, https:\/\/i0.wp.com\/mundoitam.com\/wp-content\/uploads\/2018\/08\/Captura-de-pantalla-2018-07-20-10.06.03.png?fit=1200%2C675&ssl=1&resize=700%2C400 2x, https:\/\/i0.wp.com\/mundoitam.com\/wp-content\/uploads\/2018\/08\/Captura-de-pantalla-2018-07-20-10.06.03.png?fit=1200%2C675&ssl=1&resize=1050%2C600 3x"},"classes":[]}],"amp_enabled":true,"_links":{"self":[{"href":"https:\/\/mundoitam.com\/en\/wp-json\/wp\/v2\/posts\/7775","targetHints":{"allow":["GET"]}}],"collection":[{"href":"https:\/\/mundoitam.com\/en\/wp-json\/wp\/v2\/posts"}],"about":[{"href":"https:\/\/mundoitam.com\/en\/wp-json\/wp\/v2\/types\/post"}],"author":[{"embeddable":true,"href":"https:\/\/mundoitam.com\/en\/wp-json\/wp\/v2\/users\/10"}],"replies":[{"embeddable":true,"href":"https:\/\/mundoitam.com\/en\/wp-json\/wp\/v2\/comments?post=7775"}],"version-history":[{"count":4,"href":"https:\/\/mundoitam.com\/en\/wp-json\/wp\/v2\/posts\/7775\/revisions"}],"predecessor-version":[{"id":7863,"href":"https:\/\/mundoitam.com\/en\/wp-json\/wp\/v2\/posts\/7775\/revisions\/7863"}],"wp:featuredmedia":[{"embeddable":true,"href":"https:\/\/mundoitam.com\/en\/wp-json\/wp\/v2\/media\/7776"}],"wp:attachment":[{"href":"https:\/\/mundoitam.com\/en\/wp-json\/wp\/v2\/media?parent=7775"}],"wp:term":[{"taxonomy":"category","embeddable":true,"href":"https:\/\/mundoitam.com\/en\/wp-json\/wp\/v2\/categories?post=7775"},{"taxonomy":"post_tag","embeddable":true,"href":"https:\/\/mundoitam.com\/en\/wp-json\/wp\/v2\/tags?post=7775"}],"curies":[{"name":"wp","href":"https:\/\/api.w.org\/{rel}","templated":true}]}}