{"id":7782,"date":"2018-06-26T11:12:33","date_gmt":"2018-06-26T16:12:33","guid":{"rendered":"https:\/\/mundoitam.com\/?p=7782"},"modified":"2018-06-26T19:31:07","modified_gmt":"2018-06-27T00:31:07","slug":"us-mexico-relationship-conversation-with-treasury-secretary","status":"publish","type":"post","link":"https:\/\/mundoitam.com\/en\/2018\/06\/26\/us-mexico-relationship-conversation-with-treasury-secretary\/","title":{"rendered":"The U.S.-Mexico Economic Relationship : A Conversation with U.S. Treasury Secretary Jacob J. Lew"},"content":{"rendered":"<p>As part of ITAM\u2019s seventieth anniversary celebrations, the Secretary of Treasury of the United States, Jacob J. Lew, gave a speech on <strong>the economic relationship between Mexico and the U.S<\/strong>. The session moderator was Dr. Alejandro Hern\u00e1ndez, ITAM\u2019s Provost, and a distinguished attendee was Jos\u00e9 Antonio Meade, Ministry of Finance and Public Credit.<\/p><div class=\"mundo-contenido\" style=\"margin-top: 20px;margin-bottom: 20px;\" id=\"mundo-2908564357\"><style type=\"text\/css\">\r\n .ad-square h3 { \r\n\tfont-size: 11px;\r\n    font-weight: 300;\r\n    letter-spacing: 2.3px;\r\n    color: #6a6c6e;\r\n    font-weight: normal;\r\n    margin: 18px 0;  \r\n\tfont-family: \"Lato\", \"Helvetica Neue\", Helvetica, Arial, sans-serif;\r\n\t}\r\n<\/style>\r\n\r\n<!--<center> <div class=\"ad-square\">\r\n\t\t\t\t\t\t\t<h3>ANUNCIO<\/h3>\r\n<a href=\"https:\/\/noche.itam.mx\/\" target=\"_blank\"><img decoding=\"async\" width=\"300\" src=\"https:\/\/mundoitam.com\/wp-content\/uploads\/2021\/11\/noche-itam-v2.png\" alt=\"Anuncio\" style=\"border: none; display: block;\"><\/a>\r\n\r\n<\/div> <\/center>--><\/div>\n<p>Secretary Lew began his speech stressing his country\u2019s interest regarding the relationship with Mexico, reasserting that both governments need to realize <strong>that mutual collaboration is essential for their economic, political, and social growth<\/strong>.<\/p>\n<p><img data-recalc-dims=\"1\" loading=\"lazy\" decoding=\"async\" class=\"aligncenter wp-image-7899 size-large\" title=\"Jacob J Lew, U.S Treasury Secretary\" src=\"https:\/\/i0.wp.com\/mundoitam.com\/wp-content\/uploads\/2018\/06\/DSC_0080.jpg?resize=1000%2C667&#038;ssl=1\" alt=\"\" width=\"1000\" height=\"667\" srcset=\"https:\/\/i0.wp.com\/mundoitam.com\/wp-content\/uploads\/2018\/06\/DSC_0080.jpg?resize=1024%2C683&amp;ssl=1 1024w, https:\/\/i0.wp.com\/mundoitam.com\/wp-content\/uploads\/2018\/06\/DSC_0080.jpg?resize=300%2C200&amp;ssl=1 300w, https:\/\/i0.wp.com\/mundoitam.com\/wp-content\/uploads\/2018\/06\/DSC_0080.jpg?resize=768%2C512&amp;ssl=1 768w, https:\/\/i0.wp.com\/mundoitam.com\/wp-content\/uploads\/2018\/06\/DSC_0080.jpg?resize=960%2C640&amp;ssl=1 960w, https:\/\/i0.wp.com\/mundoitam.com\/wp-content\/uploads\/2018\/06\/DSC_0080.jpg?resize=450%2C300&amp;ssl=1 450w, https:\/\/i0.wp.com\/mundoitam.com\/wp-content\/uploads\/2018\/06\/DSC_0080.jpg?w=2000&amp;ssl=1 2000w, https:\/\/i0.wp.com\/mundoitam.com\/wp-content\/uploads\/2018\/06\/DSC_0080.jpg?w=3000&amp;ssl=1 3000w\" sizes=\"auto, (max-width: 1000px) 100vw, 1000px\" \/><\/p>\n<p>He stated that <strong>globalization implies fostering economic growth<\/strong>, but that we must also take into consideration national security, the environment, international treaties, domestic and foreign policies, and other elements which are key factors in the Mexico\u2013U.S. relationship.\u00a0 He also addressed the topic of national security, indicating the need to <strong>strengthen the collaboration in border security<\/strong>, as well as in their respective domestic policies.<\/p>\n<p>Jacob Lew claimed that the United States Secretary of Treasury favors a collaborative effort towards economic growth, stressing that such collaboration will generate jobs, thus reducing the chronic problem of illegal immigration. Finally, he mentioned that <strong>both countries must consistently work on creating and improving international treaties that not only deal with border issues, but also improve security and economic change, foster prosperity and strengthen our international relations.\u00a0<\/strong><\/p>\n<div class=\"mundo-despues-del-contenido\" id=\"mundo-927214270\"><style type=\"text\/css\">\r\n .ad-square h3 { \r\n\tfont-size: 11px;\r\n    font-weight: 300;\r\n    letter-spacing: 2.3px;\r\n    color: #6a6c6e;\r\n    font-weight: normal;\r\n    margin: 18px 0;  \r\n\tfont-family: \"Lato\", \"Helvetica Neue\", Helvetica, Arial, sans-serif;\r\n\t}\r\n<\/style>\r\n\r\n<center> <div class=\"ad-square\">\r\n\t\t\t\t\t\t\t<h3>ANUNCIO<\/h3>\r\n<a href=\"https:\/\/aspirantes.itam.mx\/proceso-admision\/?utm_source=itam&utm_medium=mundoitam&utm_campaign=organico\" target=\"_blank\"><img decoding=\"async\" width=\"800\" src=\"https:\/\/mundoitam.com\/wp-content\/uploads\/2021\/06\/banner-aspitantes-1.png \" alt=\"Anuncio\" style=\"border: none; display: block;\"><\/a>\r\n\r\n<\/div> <\/center> <\/div>","protected":false},"excerpt":{"rendered":"<p>As part of ITAM\u2019s seventieth anniversary celebrations, the Secretary of Treasury of the United States, Jacob J. Lew, gave a speech on the economic relationship between Mexico and the U.S. The session moderator was Dr. Alejandro Hern\u00e1ndez, ITAM\u2019s Provost, and a distinguished attendee was Jos\u00e9 Antonio Meade, Ministry of Finance and Public Credit. Secretary Lew&#8230; <\/p>\n<div class=\"link-more\"><a href=\"https:\/\/mundoitam.com\/en\/2018\/06\/26\/us-mexico-relationship-conversation-with-treasury-secretary\/\">Read More<\/a><\/div>\n","protected":false},"author":10,"featured_media":4481,"comment_status":"open","ping_status":"open","sticky":false,"template":"","format":"standard","meta":{"_jetpack_newsletter_access":"","_jetpack_dont_email_post_to_subs":false,"_jetpack_newsletter_tier_id":0,"_jetpack_memberships_contains_paywalled_content":false,"_jetpack_memberships_contains_paid_content":false,"footnotes":"","jetpack_publicize_message":"","jetpack_publicize_feature_enabled":true,"jetpack_social_post_already_shared":true,"jetpack_social_options":{"image_generator_settings":{"template":"highway","default_image_id":0,"font":"","enabled":false},"version":2},"_wpas_customize_per_network":false,"jetpack_post_was_ever_published":false},"categories":[579146071,579146068],"tags":[579146091,579146089,579146090,579146158,579146159,783,579146092,579146088,579146087],"class_list":["post-7782","post","type-post","status-publish","format-standard","has-post-thumbnail","hentry","category-conferences","category-politics-and-economics","tag-borders","tag-economic-relationship","tag-economy","tag-ecretary-of-treasury","tag-jacob-lew","tag-mexico","tag-migration","tag-united-states","tag-us-mexico-relationship"],"yoast_head":"<!-- This site is optimized with the Yoast SEO plugin v27.5 - https:\/\/yoast.com\/product\/yoast-seo-wordpress\/ -->\n<title>U.S.- Mexico Relationship: A Conversation with U.S. Treasury Secretary<\/title>\n<meta name=\"description\" content=\"The Secretary of Treasury of the United States, Jacob J. Lew, gave a speech on the economic relationship between Mexico and the U.S.\" \/>\n<meta name=\"robots\" content=\"index, follow, max-snippet:-1, max-image-preview:large, max-video-preview:-1\" \/>\n<link rel=\"canonical\" href=\"https:\/\/mundoitam.com\/en\/2018\/06\/26\/us-mexico-relationship-conversation-with-treasury-secretary\/\" \/>\n<meta property=\"og:locale\" content=\"en_US\" \/>\n<meta property=\"og:type\" content=\"article\" \/>\n<meta property=\"og:title\" content=\"U.S.- Mexico Relationship: A Conversation with U.S. Treasury Secretary\" \/>\n<meta property=\"og:description\" content=\"The Secretary of Treasury of the United States, Jacob J. Lew, gave a speech on the economic relationship between Mexico and the U.S.\" \/>\n<meta property=\"og:url\" content=\"https:\/\/mundoitam.com\/en\/2018\/06\/26\/us-mexico-relationship-conversation-with-treasury-secretary\/\" \/>\n<meta property=\"og:site_name\" content=\"Mundo ITAM\" \/>\n<meta property=\"article:publisher\" content=\"https:\/\/www.facebook.com\/itam.mx\/\" \/>\n<meta property=\"article:published_time\" content=\"2018-06-26T16:12:33+00:00\" \/>\n<meta property=\"article:modified_time\" content=\"2018-06-27T00:31:07+00:00\" \/>\n<meta property=\"og:image\" content=\"https:\/\/i0.wp.com\/mundoitam.com\/wp-content\/uploads\/2016\/10\/jacob-j-lew-secretario-del-tesoro-de-ee-uu-en-el-auditorio-raucc81l-baillecc80res2.jpg?fit=2100%2C720&ssl=1\" \/>\n\t<meta property=\"og:image:width\" content=\"2100\" \/>\n\t<meta property=\"og:image:height\" content=\"720\" \/>\n\t<meta property=\"og:image:type\" content=\"image\/jpeg\" \/>\n<meta name=\"author\" content=\"Mundo ITAM\" \/>\n<meta name=\"twitter:card\" content=\"summary_large_image\" \/>\n<meta name=\"twitter:creator\" content=\"@ITAM_mx\" \/>\n<meta name=\"twitter:site\" content=\"@ITAM_mx\" \/>\n<meta name=\"twitter:label1\" content=\"Written by\" \/>\n\t<meta name=\"twitter:data1\" content=\"Mundo ITAM\" \/>\n\t<meta name=\"twitter:label2\" content=\"Est. reading time\" \/>\n\t<meta name=\"twitter:data2\" content=\"1 minute\" \/>\n<script type=\"application\/ld+json\" class=\"yoast-schema-graph\">{\"@context\":\"https:\\\/\\\/schema.org\",\"@graph\":[{\"@type\":\"Article\",\"@id\":\"https:\\\/\\\/mundoitam.com\\\/en\\\/2018\\\/06\\\/26\\\/us-mexico-relationship-conversation-with-treasury-secretary\\\/#article\",\"isPartOf\":{\"@id\":\"https:\\\/\\\/mundoitam.com\\\/en\\\/2018\\\/06\\\/26\\\/us-mexico-relationship-conversation-with-treasury-secretary\\\/\"},\"author\":{\"name\":\"Mundo ITAM\",\"@id\":\"https:\\\/\\\/mundoitam.com\\\/en\\\/#\\\/schema\\\/person\\\/d1c2a212b8cca3de9f3e2092961fe46c\"},\"headline\":\"The U.S.-Mexico Economic Relationship : A Conversation with U.S. Treasury Secretary Jacob J. Lew\",\"datePublished\":\"2018-06-26T16:12:33+00:00\",\"dateModified\":\"2018-06-27T00:31:07+00:00\",\"mainEntityOfPage\":{\"@id\":\"https:\\\/\\\/mundoitam.com\\\/en\\\/2018\\\/06\\\/26\\\/us-mexico-relationship-conversation-with-treasury-secretary\\\/\"},\"wordCount\":240,\"commentCount\":0,\"publisher\":{\"@id\":\"https:\\\/\\\/mundoitam.com\\\/en\\\/#organization\"},\"image\":{\"@id\":\"https:\\\/\\\/mundoitam.com\\\/en\\\/2018\\\/06\\\/26\\\/us-mexico-relationship-conversation-with-treasury-secretary\\\/#primaryimage\"},\"thumbnailUrl\":\"https:\\\/\\\/i0.wp.com\\\/mundoitam.com\\\/wp-content\\\/uploads\\\/2016\\\/10\\\/jacob-j-lew-secretario-del-tesoro-de-ee-uu-en-el-auditorio-raucc81l-baillecc80res2.jpg?fit=2100%2C720&ssl=1\",\"keywords\":[\"borders\",\"economic relationship\",\"economy\",\"ecretary of Treasury\",\"Jacob Lew\",\"m\u00e9xico\",\"migration\",\"united states\",\"us mexico relationship\"],\"articleSection\":[\"Conferences\",\"Politics and Economics\"],\"inLanguage\":\"en-US\",\"potentialAction\":[{\"@type\":\"CommentAction\",\"name\":\"Comment\",\"target\":[\"https:\\\/\\\/mundoitam.com\\\/en\\\/2018\\\/06\\\/26\\\/us-mexico-relationship-conversation-with-treasury-secretary\\\/#respond\"]}]},{\"@type\":\"WebPage\",\"@id\":\"https:\\\/\\\/mundoitam.com\\\/en\\\/2018\\\/06\\\/26\\\/us-mexico-relationship-conversation-with-treasury-secretary\\\/\",\"url\":\"https:\\\/\\\/mundoitam.com\\\/en\\\/2018\\\/06\\\/26\\\/us-mexico-relationship-conversation-with-treasury-secretary\\\/\",\"name\":\"U.S.- Mexico Relationship: A Conversation with U.S. Treasury Secretary\",\"isPartOf\":{\"@id\":\"https:\\\/\\\/mundoitam.com\\\/en\\\/#website\"},\"primaryImageOfPage\":{\"@id\":\"https:\\\/\\\/mundoitam.com\\\/en\\\/2018\\\/06\\\/26\\\/us-mexico-relationship-conversation-with-treasury-secretary\\\/#primaryimage\"},\"image\":{\"@id\":\"https:\\\/\\\/mundoitam.com\\\/en\\\/2018\\\/06\\\/26\\\/us-mexico-relationship-conversation-with-treasury-secretary\\\/#primaryimage\"},\"thumbnailUrl\":\"https:\\\/\\\/i0.wp.com\\\/mundoitam.com\\\/wp-content\\\/uploads\\\/2016\\\/10\\\/jacob-j-lew-secretario-del-tesoro-de-ee-uu-en-el-auditorio-raucc81l-baillecc80res2.jpg?fit=2100%2C720&ssl=1\",\"datePublished\":\"2018-06-26T16:12:33+00:00\",\"dateModified\":\"2018-06-27T00:31:07+00:00\",\"description\":\"The Secretary of Treasury of the United States, Jacob J. Lew, gave a speech on the economic relationship between Mexico and the U.S.\",\"breadcrumb\":{\"@id\":\"https:\\\/\\\/mundoitam.com\\\/en\\\/2018\\\/06\\\/26\\\/us-mexico-relationship-conversation-with-treasury-secretary\\\/#breadcrumb\"},\"inLanguage\":\"en-US\",\"potentialAction\":[{\"@type\":\"ReadAction\",\"target\":[\"https:\\\/\\\/mundoitam.com\\\/en\\\/2018\\\/06\\\/26\\\/us-mexico-relationship-conversation-with-treasury-secretary\\\/\"]}]},{\"@type\":\"ImageObject\",\"inLanguage\":\"en-US\",\"@id\":\"https:\\\/\\\/mundoitam.com\\\/en\\\/2018\\\/06\\\/26\\\/us-mexico-relationship-conversation-with-treasury-secretary\\\/#primaryimage\",\"url\":\"https:\\\/\\\/i0.wp.com\\\/mundoitam.com\\\/wp-content\\\/uploads\\\/2016\\\/10\\\/jacob-j-lew-secretario-del-tesoro-de-ee-uu-en-el-auditorio-raucc81l-baillecc80res2.jpg?fit=2100%2C720&ssl=1\",\"contentUrl\":\"https:\\\/\\\/i0.wp.com\\\/mundoitam.com\\\/wp-content\\\/uploads\\\/2016\\\/10\\\/jacob-j-lew-secretario-del-tesoro-de-ee-uu-en-el-auditorio-raucc81l-baillecc80res2.jpg?fit=2100%2C720&ssl=1\",\"width\":\"2100\",\"height\":\"720\"},{\"@type\":\"BreadcrumbList\",\"@id\":\"https:\\\/\\\/mundoitam.com\\\/en\\\/2018\\\/06\\\/26\\\/us-mexico-relationship-conversation-with-treasury-secretary\\\/#breadcrumb\",\"itemListElement\":[{\"@type\":\"ListItem\",\"position\":1,\"name\":\"Portada\",\"item\":\"https:\\\/\\\/mundoitam.com\\\/en\\\/\"},{\"@type\":\"ListItem\",\"position\":2,\"name\":\"The U.S.-Mexico Economic Relationship : A Conversation with U.S. Treasury Secretary Jacob J. Lew\"}]},{\"@type\":\"WebSite\",\"@id\":\"https:\\\/\\\/mundoitam.com\\\/en\\\/#website\",\"url\":\"https:\\\/\\\/mundoitam.com\\\/en\\\/\",\"name\":\"Mundo ITAM\",\"description\":\"ITAM's digital media\",\"publisher\":{\"@id\":\"https:\\\/\\\/mundoitam.com\\\/en\\\/#organization\"},\"potentialAction\":[{\"@type\":\"SearchAction\",\"target\":{\"@type\":\"EntryPoint\",\"urlTemplate\":\"https:\\\/\\\/mundoitam.com\\\/en\\\/?s={search_term_string}\"},\"query-input\":{\"@type\":\"PropertyValueSpecification\",\"valueRequired\":true,\"valueName\":\"search_term_string\"}}],\"inLanguage\":\"en-US\"},{\"@type\":\"Organization\",\"@id\":\"https:\\\/\\\/mundoitam.com\\\/en\\\/#organization\",\"name\":\"ITAM\",\"url\":\"https:\\\/\\\/mundoitam.com\\\/en\\\/\",\"logo\":{\"@type\":\"ImageObject\",\"inLanguage\":\"en-US\",\"@id\":\"https:\\\/\\\/mundoitam.com\\\/en\\\/#\\\/schema\\\/logo\\\/image\\\/\",\"url\":\"https:\\\/\\\/i0.wp.com\\\/mundoitam.com\\\/wp-content\\\/uploads\\\/2018\\\/04\\\/unnamed.jpg?fit=900%2C900&ssl=1\",\"contentUrl\":\"https:\\\/\\\/i0.wp.com\\\/mundoitam.com\\\/wp-content\\\/uploads\\\/2018\\\/04\\\/unnamed.jpg?fit=900%2C900&ssl=1\",\"width\":900,\"height\":900,\"caption\":\"ITAM\"},\"image\":{\"@id\":\"https:\\\/\\\/mundoitam.com\\\/en\\\/#\\\/schema\\\/logo\\\/image\\\/\"},\"sameAs\":[\"https:\\\/\\\/www.facebook.com\\\/itam.mx\\\/\",\"https:\\\/\\\/x.com\\\/ITAM_mx\"]},{\"@type\":\"Person\",\"@id\":\"https:\\\/\\\/mundoitam.com\\\/en\\\/#\\\/schema\\\/person\\\/d1c2a212b8cca3de9f3e2092961fe46c\",\"name\":\"Mundo ITAM\",\"image\":{\"@type\":\"ImageObject\",\"inLanguage\":\"en-US\",\"@id\":\"https:\\\/\\\/secure.gravatar.com\\\/avatar\\\/effa39c51b7a22496338eaaffc67c59dcdc37718d0646f09dc7d534e3111533f?s=96&d=identicon&r=g\",\"url\":\"https:\\\/\\\/secure.gravatar.com\\\/avatar\\\/effa39c51b7a22496338eaaffc67c59dcdc37718d0646f09dc7d534e3111533f?s=96&d=identicon&r=g\",\"contentUrl\":\"https:\\\/\\\/secure.gravatar.com\\\/avatar\\\/effa39c51b7a22496338eaaffc67c59dcdc37718d0646f09dc7d534e3111533f?s=96&d=identicon&r=g\",\"caption\":\"Mundo ITAM\"},\"description\":\"Mundo ITAM es el blog oficial del Instituto Tecnol\u00f3gico Aut\u00f3nomo de M\u00e9xico. Aqu\u00ed podr\u00e1s informarte y aprender acerca de los temas que acaparan los titulares en M\u00e9xico y el mundo, a partir de los textos y videos de nuestras conferencias. Podr\u00e1s conoce a nuestros profesores destacados, en los \u00e1mbitos p\u00fablico y privado de nuestro pa\u00eds, gracias a las entrevistas exclusivas que aqu\u00ed te presentamos.\",\"url\":\"https:\\\/\\\/mundoitam.com\\\/en\\\/author\\\/mundoitam\\\/\"}]}<\/script>\n<!-- \/ Yoast SEO plugin. -->","yoast_head_json":{"title":"U.S.- Mexico Relationship: A Conversation with U.S. Treasury Secretary","description":"The Secretary of Treasury of the United States, Jacob J. Lew, gave a speech on the economic relationship between Mexico and the U.S.","robots":{"index":"index","follow":"follow","max-snippet":"max-snippet:-1","max-image-preview":"max-image-preview:large","max-video-preview":"max-video-preview:-1"},"canonical":"https:\/\/mundoitam.com\/en\/2018\/06\/26\/us-mexico-relationship-conversation-with-treasury-secretary\/","og_locale":"en_US","og_type":"article","og_title":"U.S.- Mexico Relationship: A Conversation with U.S. Treasury Secretary","og_description":"The Secretary of Treasury of the United States, Jacob J. Lew, gave a speech on the economic relationship between Mexico and the U.S.","og_url":"https:\/\/mundoitam.com\/en\/2018\/06\/26\/us-mexico-relationship-conversation-with-treasury-secretary\/","og_site_name":"Mundo ITAM","article_publisher":"https:\/\/www.facebook.com\/itam.mx\/","article_published_time":"2018-06-26T16:12:33+00:00","article_modified_time":"2018-06-27T00:31:07+00:00","og_image":[{"width":2100,"height":720,"url":"https:\/\/i0.wp.com\/mundoitam.com\/wp-content\/uploads\/2016\/10\/jacob-j-lew-secretario-del-tesoro-de-ee-uu-en-el-auditorio-raucc81l-baillecc80res2.jpg?fit=2100%2C720&ssl=1","type":"image\/jpeg"}],"author":"Mundo ITAM","twitter_card":"summary_large_image","twitter_creator":"@ITAM_mx","twitter_site":"@ITAM_mx","twitter_misc":{"Written by":"Mundo ITAM","Est. reading time":"1 minute"},"schema":{"@context":"https:\/\/schema.org","@graph":[{"@type":"Article","@id":"https:\/\/mundoitam.com\/en\/2018\/06\/26\/us-mexico-relationship-conversation-with-treasury-secretary\/#article","isPartOf":{"@id":"https:\/\/mundoitam.com\/en\/2018\/06\/26\/us-mexico-relationship-conversation-with-treasury-secretary\/"},"author":{"name":"Mundo ITAM","@id":"https:\/\/mundoitam.com\/en\/#\/schema\/person\/d1c2a212b8cca3de9f3e2092961fe46c"},"headline":"The U.S.-Mexico Economic Relationship : A Conversation with U.S. Treasury Secretary Jacob J. Lew","datePublished":"2018-06-26T16:12:33+00:00","dateModified":"2018-06-27T00:31:07+00:00","mainEntityOfPage":{"@id":"https:\/\/mundoitam.com\/en\/2018\/06\/26\/us-mexico-relationship-conversation-with-treasury-secretary\/"},"wordCount":240,"commentCount":0,"publisher":{"@id":"https:\/\/mundoitam.com\/en\/#organization"},"image":{"@id":"https:\/\/mundoitam.com\/en\/2018\/06\/26\/us-mexico-relationship-conversation-with-treasury-secretary\/#primaryimage"},"thumbnailUrl":"https:\/\/i0.wp.com\/mundoitam.com\/wp-content\/uploads\/2016\/10\/jacob-j-lew-secretario-del-tesoro-de-ee-uu-en-el-auditorio-raucc81l-baillecc80res2.jpg?fit=2100%2C720&ssl=1","keywords":["borders","economic relationship","economy","ecretary of Treasury","Jacob Lew","m\u00e9xico","migration","united states","us mexico relationship"],"articleSection":["Conferences","Politics and Economics"],"inLanguage":"en-US","potentialAction":[{"@type":"CommentAction","name":"Comment","target":["https:\/\/mundoitam.com\/en\/2018\/06\/26\/us-mexico-relationship-conversation-with-treasury-secretary\/#respond"]}]},{"@type":"WebPage","@id":"https:\/\/mundoitam.com\/en\/2018\/06\/26\/us-mexico-relationship-conversation-with-treasury-secretary\/","url":"https:\/\/mundoitam.com\/en\/2018\/06\/26\/us-mexico-relationship-conversation-with-treasury-secretary\/","name":"U.S.- Mexico Relationship: A Conversation with U.S. Treasury Secretary","isPartOf":{"@id":"https:\/\/mundoitam.com\/en\/#website"},"primaryImageOfPage":{"@id":"https:\/\/mundoitam.com\/en\/2018\/06\/26\/us-mexico-relationship-conversation-with-treasury-secretary\/#primaryimage"},"image":{"@id":"https:\/\/mundoitam.com\/en\/2018\/06\/26\/us-mexico-relationship-conversation-with-treasury-secretary\/#primaryimage"},"thumbnailUrl":"https:\/\/i0.wp.com\/mundoitam.com\/wp-content\/uploads\/2016\/10\/jacob-j-lew-secretario-del-tesoro-de-ee-uu-en-el-auditorio-raucc81l-baillecc80res2.jpg?fit=2100%2C720&ssl=1","datePublished":"2018-06-26T16:12:33+00:00","dateModified":"2018-06-27T00:31:07+00:00","description":"The Secretary of Treasury of the United States, Jacob J. Lew, gave a speech on the economic relationship between Mexico and the U.S.","breadcrumb":{"@id":"https:\/\/mundoitam.com\/en\/2018\/06\/26\/us-mexico-relationship-conversation-with-treasury-secretary\/#breadcrumb"},"inLanguage":"en-US","potentialAction":[{"@type":"ReadAction","target":["https:\/\/mundoitam.com\/en\/2018\/06\/26\/us-mexico-relationship-conversation-with-treasury-secretary\/"]}]},{"@type":"ImageObject","inLanguage":"en-US","@id":"https:\/\/mundoitam.com\/en\/2018\/06\/26\/us-mexico-relationship-conversation-with-treasury-secretary\/#primaryimage","url":"https:\/\/i0.wp.com\/mundoitam.com\/wp-content\/uploads\/2016\/10\/jacob-j-lew-secretario-del-tesoro-de-ee-uu-en-el-auditorio-raucc81l-baillecc80res2.jpg?fit=2100%2C720&ssl=1","contentUrl":"https:\/\/i0.wp.com\/mundoitam.com\/wp-content\/uploads\/2016\/10\/jacob-j-lew-secretario-del-tesoro-de-ee-uu-en-el-auditorio-raucc81l-baillecc80res2.jpg?fit=2100%2C720&ssl=1","width":"2100","height":"720"},{"@type":"BreadcrumbList","@id":"https:\/\/mundoitam.com\/en\/2018\/06\/26\/us-mexico-relationship-conversation-with-treasury-secretary\/#breadcrumb","itemListElement":[{"@type":"ListItem","position":1,"name":"Portada","item":"https:\/\/mundoitam.com\/en\/"},{"@type":"ListItem","position":2,"name":"The U.S.-Mexico Economic Relationship : A Conversation with U.S. Treasury Secretary Jacob J. Lew"}]},{"@type":"WebSite","@id":"https:\/\/mundoitam.com\/en\/#website","url":"https:\/\/mundoitam.com\/en\/","name":"Mundo ITAM","description":"ITAM's digital media","publisher":{"@id":"https:\/\/mundoitam.com\/en\/#organization"},"potentialAction":[{"@type":"SearchAction","target":{"@type":"EntryPoint","urlTemplate":"https:\/\/mundoitam.com\/en\/?s={search_term_string}"},"query-input":{"@type":"PropertyValueSpecification","valueRequired":true,"valueName":"search_term_string"}}],"inLanguage":"en-US"},{"@type":"Organization","@id":"https:\/\/mundoitam.com\/en\/#organization","name":"ITAM","url":"https:\/\/mundoitam.com\/en\/","logo":{"@type":"ImageObject","inLanguage":"en-US","@id":"https:\/\/mundoitam.com\/en\/#\/schema\/logo\/image\/","url":"https:\/\/i0.wp.com\/mundoitam.com\/wp-content\/uploads\/2018\/04\/unnamed.jpg?fit=900%2C900&ssl=1","contentUrl":"https:\/\/i0.wp.com\/mundoitam.com\/wp-content\/uploads\/2018\/04\/unnamed.jpg?fit=900%2C900&ssl=1","width":900,"height":900,"caption":"ITAM"},"image":{"@id":"https:\/\/mundoitam.com\/en\/#\/schema\/logo\/image\/"},"sameAs":["https:\/\/www.facebook.com\/itam.mx\/","https:\/\/x.com\/ITAM_mx"]},{"@type":"Person","@id":"https:\/\/mundoitam.com\/en\/#\/schema\/person\/d1c2a212b8cca3de9f3e2092961fe46c","name":"Mundo ITAM","image":{"@type":"ImageObject","inLanguage":"en-US","@id":"https:\/\/secure.gravatar.com\/avatar\/effa39c51b7a22496338eaaffc67c59dcdc37718d0646f09dc7d534e3111533f?s=96&d=identicon&r=g","url":"https:\/\/secure.gravatar.com\/avatar\/effa39c51b7a22496338eaaffc67c59dcdc37718d0646f09dc7d534e3111533f?s=96&d=identicon&r=g","contentUrl":"https:\/\/secure.gravatar.com\/avatar\/effa39c51b7a22496338eaaffc67c59dcdc37718d0646f09dc7d534e3111533f?s=96&d=identicon&r=g","caption":"Mundo ITAM"},"description":"Mundo ITAM es el blog oficial del Instituto Tecnol\u00f3gico Aut\u00f3nomo de M\u00e9xico. Aqu\u00ed podr\u00e1s informarte y aprender acerca de los temas que acaparan los titulares en M\u00e9xico y el mundo, a partir de los textos y videos de nuestras conferencias. Podr\u00e1s conoce a nuestros profesores destacados, en los \u00e1mbitos p\u00fablico y privado de nuestro pa\u00eds, gracias a las entrevistas exclusivas que aqu\u00ed te presentamos.","url":"https:\/\/mundoitam.com\/en\/author\/mundoitam\/"}]}},"jetpack_publicize_connections":[],"jetpack_featured_media_url":"https:\/\/i0.wp.com\/mundoitam.com\/wp-content\/uploads\/2016\/10\/jacob-j-lew-secretario-del-tesoro-de-ee-uu-en-el-auditorio-raucc81l-baillecc80res2.jpg?fit=2100%2C720&ssl=1","jetpack_sharing_enabled":true,"jetpack_shortlink":"https:\/\/wp.me\/pCVpr-21w","jetpack_likes_enabled":true,"jetpack-related-posts":[{"id":4420,"url":"https:\/\/mundoitam.com\/2016\/10\/11\/the-u-s-mexico-economic-relationship-a-conversation-with-u-s-treasury-secretary-jacob-j-lew\/","url_meta":{"origin":7782,"position":0},"title":"The U.S. \u2013 Mexico Economic Relationship: A Conversation with U.S. Treasury Secretary Jacob J. Lew","author":"Mundo ITAM","date":"11 October 2016","format":false,"excerpt":"Como parte de las celebraciones de los 70 a\u00f1os del ITAM, tuvimos el honor de recibir al Secretario del Tesoro de Estados Unidos de Am\u00e9rica, Jacob J. Lew, quien imparti\u00f3 una conferencia sobre la relaci\u00f3n econ\u00f3mica entre nuestro pa\u00eds y Estados Unidos. Lew fue recibido por nuestro Vicerrector, el Dr.\u2026","rel":"","context":"In &quot;Pol\u00edtica y Econom\u00eda&quot;","block_context":{"text":"Pol\u00edtica y Econom\u00eda","link":"https:\/\/mundoitam.com\/category\/politica-y-economia\/"},"img":{"alt_text":"","src":"https:\/\/i0.wp.com\/mundoitam.com\/wp-content\/uploads\/2016\/10\/jacob-j-lew-secretario-del-tesoro-de-ee-uu-en-el-auditorio-raucc81l-baillecc80res1.jpg?fit=1200%2C411&ssl=1&resize=350%2C200","width":350,"height":200,"srcset":"https:\/\/i0.wp.com\/mundoitam.com\/wp-content\/uploads\/2016\/10\/jacob-j-lew-secretario-del-tesoro-de-ee-uu-en-el-auditorio-raucc81l-baillecc80res1.jpg?fit=1200%2C411&ssl=1&resize=350%2C200 1x, https:\/\/i0.wp.com\/mundoitam.com\/wp-content\/uploads\/2016\/10\/jacob-j-lew-secretario-del-tesoro-de-ee-uu-en-el-auditorio-raucc81l-baillecc80res1.jpg?fit=1200%2C411&ssl=1&resize=525%2C300 1.5x, https:\/\/i0.wp.com\/mundoitam.com\/wp-content\/uploads\/2016\/10\/jacob-j-lew-secretario-del-tesoro-de-ee-uu-en-el-auditorio-raucc81l-baillecc80res1.jpg?fit=1200%2C411&ssl=1&resize=700%2C400 2x, https:\/\/i0.wp.com\/mundoitam.com\/wp-content\/uploads\/2016\/10\/jacob-j-lew-secretario-del-tesoro-de-ee-uu-en-el-auditorio-raucc81l-baillecc80res1.jpg?fit=1200%2C411&ssl=1&resize=1050%2C600 3x"},"classes":[]},{"id":10697,"url":"https:\/\/mundoitam.com\/en\/2018\/10\/10\/deglobalization-cyclical-or-structural-challenge\/","url_meta":{"origin":7782,"position":1},"title":"\u201cDeglobalization? Cyclical or structural? Challenge, Opportunity or Catastrophe?\u201d, conference by Dr. Ernesto Zedillo","author":"Mundo ITAM","date":"10 October 2018","format":false,"excerpt":"Dr. Ernesto Zedillo presents his thoughts on the current state of globalization and the recent developments in Mexico-US relations at ITAM","rel":"","context":"In &quot;Conferences&quot;","block_context":{"text":"Conferences","link":"https:\/\/mundoitam.com\/en\/category\/conferences\/"},"img":{"alt_text":"","src":"https:\/\/i0.wp.com\/mundoitam.com\/wp-content\/uploads\/2017\/10\/DSC_0191.jpg?fit=1200%2C800&ssl=1&resize=350%2C200","width":350,"height":200,"srcset":"https:\/\/i0.wp.com\/mundoitam.com\/wp-content\/uploads\/2017\/10\/DSC_0191.jpg?fit=1200%2C800&ssl=1&resize=350%2C200 1x, https:\/\/i0.wp.com\/mundoitam.com\/wp-content\/uploads\/2017\/10\/DSC_0191.jpg?fit=1200%2C800&ssl=1&resize=525%2C300 1.5x, https:\/\/i0.wp.com\/mundoitam.com\/wp-content\/uploads\/2017\/10\/DSC_0191.jpg?fit=1200%2C800&ssl=1&resize=700%2C400 2x, https:\/\/i0.wp.com\/mundoitam.com\/wp-content\/uploads\/2017\/10\/DSC_0191.jpg?fit=1200%2C800&ssl=1&resize=1050%2C600 3x"},"classes":[]},{"id":23026,"url":"https:\/\/mundoitam.com\/en\/2023\/01\/10\/meney-de-la-peza-the-new-president-for-itams-alumni-association\/","url_meta":{"origin":7782,"position":2},"title":"Meney de la Peza, the new president for ITAM&#8217;s Alumni Association","author":"Mundo ITAM","date":"10 January 2023","format":false,"excerpt":"Meney de la Peza, new president of the National ITAM Alumni Association, presented her work plan and missions for this year.","rel":"","context":"In &quot;Exalumnos&quot;","block_context":{"text":"Exalumnos","link":"https:\/\/mundoitam.com\/category\/exalumnos\/"},"img":{"alt_text":"Meney de la Peza","src":"https:\/\/i0.wp.com\/mundoitam.com\/wp-content\/uploads\/2023\/01\/Meney-de-la-Peza.jpg?fit=960%2C960&ssl=1&resize=350%2C200","width":350,"height":200,"srcset":"https:\/\/i0.wp.com\/mundoitam.com\/wp-content\/uploads\/2023\/01\/Meney-de-la-Peza.jpg?fit=960%2C960&ssl=1&resize=350%2C200 1x, https:\/\/i0.wp.com\/mundoitam.com\/wp-content\/uploads\/2023\/01\/Meney-de-la-Peza.jpg?fit=960%2C960&ssl=1&resize=525%2C300 1.5x, https:\/\/i0.wp.com\/mundoitam.com\/wp-content\/uploads\/2023\/01\/Meney-de-la-Peza.jpg?fit=960%2C960&ssl=1&resize=700%2C400 2x"},"classes":[]},{"id":22647,"url":"https:\/\/mundoitam.com\/en\/2023\/02\/28\/2023-seminar-on-economic-perspectives\/","url_meta":{"origin":7782,"position":3},"title":"2023 Seminar on Economic Perspectives","author":"Mundo ITAM","date":"28 February 2023","format":false,"excerpt":"ITAM reaffirmed their place as one of the main research centers, teaching and economical debate in Mexico in their yearly Seminar on Economic Perspectives.","rel":"","context":"In &quot;Alumni&quot;","block_context":{"text":"Alumni","link":"https:\/\/mundoitam.com\/en\/category\/alumni\/"},"img":{"alt_text":"Seminario de Perspectivas Econ\u00f3micas 2023","src":"https:\/\/i0.wp.com\/mundoitam.com\/wp-content\/uploads\/2023\/02\/Portada-SPE-2023.jpg?fit=960%2C960&ssl=1&resize=350%2C200","width":350,"height":200,"srcset":"https:\/\/i0.wp.com\/mundoitam.com\/wp-content\/uploads\/2023\/02\/Portada-SPE-2023.jpg?fit=960%2C960&ssl=1&resize=350%2C200 1x, https:\/\/i0.wp.com\/mundoitam.com\/wp-content\/uploads\/2023\/02\/Portada-SPE-2023.jpg?fit=960%2C960&ssl=1&resize=525%2C300 1.5x, https:\/\/i0.wp.com\/mundoitam.com\/wp-content\/uploads\/2023\/02\/Portada-SPE-2023.jpg?fit=960%2C960&ssl=1&resize=700%2C400 2x"},"classes":[]},{"id":15762,"url":"https:\/\/mundoitam.com\/en\/2020\/09\/25\/fulbright-garcia-robles-scholarships-why-do-so-many-itam-students-go-to-graduate-school-in-the-united-states\/","url_meta":{"origin":7782,"position":4},"title":"Fulbright-Garc\u00eda Robles Scholarships: Why Do So Many ITAM Students Go to Graduate School in the United States?","author":"Mundo ITAM","date":"25 September 2020","format":"image","excerpt":"Fulbright Garc\u00eda-Robles is a group of scholarships that promote the incorporation of graduates from mexican colleges to the best graduate school in the United States.","rel":"","context":"In &quot;Education and Social Responsability&quot;","block_context":{"text":"Education and Social Responsability","link":"https:\/\/mundoitam.com\/en\/category\/education-and-social-responsability\/"},"img":{"alt_text":"Fulbright-Garc\u00eda Robles","src":"https:\/\/i0.wp.com\/mundoitam.com\/wp-content\/uploads\/2020\/09\/fulbright_logo-960x604.jpg?resize=350%2C200&ssl=1","width":350,"height":200,"srcset":"https:\/\/i0.wp.com\/mundoitam.com\/wp-content\/uploads\/2020\/09\/fulbright_logo-960x604.jpg?resize=350%2C200&ssl=1 1x, https:\/\/i0.wp.com\/mundoitam.com\/wp-content\/uploads\/2020\/09\/fulbright_logo-960x604.jpg?resize=525%2C300&ssl=1 1.5x, https:\/\/i0.wp.com\/mundoitam.com\/wp-content\/uploads\/2020\/09\/fulbright_logo-960x604.jpg?resize=700%2C400&ssl=1 2x"},"classes":[]},{"id":25286,"url":"https:\/\/mundoitam.com\/en\/2024\/02\/09\/mexico-and-the-world-in-the-us-electoral-perspective-panel\/","url_meta":{"origin":7782,"position":5},"title":"Mexico and the world in the US electoral perspective panel","author":"Mundo ITAM","date":"9 February 2024","format":false,"excerpt":"During the 2024 Economic Perspectives Seminar a panel was introduced on the reality of the relation between Mexico and USA and what it implies with the following political changes that the neighboring country is about to experience. The panel was presented by Rafael Fernandez de Castro Director for the Mexico-United\u2026","rel":"","context":"In &quot;Politics and Economics&quot;","block_context":{"text":"Politics and Economics","link":"https:\/\/mundoitam.com\/en\/category\/politics-and-economics\/"},"img":{"alt_text":"Rafael Fern\u00e1ndez de Castro, Centro de Estudios M\u00e9xico-Estados Unidos UCSD, Director. Arturo Sarukh\u00e1n, Sarukh\u00e1n y asociados, Presidente. Jorge Su\u00e1rez-V\u00e9lez, Allen & Company, Director. Moderadora: Ana Mar\u00eda Salazar, Grupo Salazar Slack SC, Directora. Foto:ITAM.","src":"https:\/\/i0.wp.com\/mundoitam.com\/wp-content\/uploads\/2024\/02\/Seimnario12.png?fit=900%2C1200&ssl=1&resize=350%2C200","width":350,"height":200,"srcset":"https:\/\/i0.wp.com\/mundoitam.com\/wp-content\/uploads\/2024\/02\/Seimnario12.png?fit=900%2C1200&ssl=1&resize=350%2C200 1x, https:\/\/i0.wp.com\/mundoitam.com\/wp-content\/uploads\/2024\/02\/Seimnario12.png?fit=900%2C1200&ssl=1&resize=525%2C300 1.5x, https:\/\/i0.wp.com\/mundoitam.com\/wp-content\/uploads\/2024\/02\/Seimnario12.png?fit=900%2C1200&ssl=1&resize=700%2C400 2x"},"classes":[]}],"amp_enabled":true,"_links":{"self":[{"href":"https:\/\/mundoitam.com\/en\/wp-json\/wp\/v2\/posts\/7782","targetHints":{"allow":["GET"]}}],"collection":[{"href":"https:\/\/mundoitam.com\/en\/wp-json\/wp\/v2\/posts"}],"about":[{"href":"https:\/\/mundoitam.com\/en\/wp-json\/wp\/v2\/types\/post"}],"author":[{"embeddable":true,"href":"https:\/\/mundoitam.com\/en\/wp-json\/wp\/v2\/users\/10"}],"replies":[{"embeddable":true,"href":"https:\/\/mundoitam.com\/en\/wp-json\/wp\/v2\/comments?post=7782"}],"version-history":[{"count":5,"href":"https:\/\/mundoitam.com\/en\/wp-json\/wp\/v2\/posts\/7782\/revisions"}],"predecessor-version":[{"id":7903,"href":"https:\/\/mundoitam.com\/en\/wp-json\/wp\/v2\/posts\/7782\/revisions\/7903"}],"wp:featuredmedia":[{"embeddable":true,"href":"https:\/\/mundoitam.com\/en\/wp-json\/wp\/v2\/media\/4481"}],"wp:attachment":[{"href":"https:\/\/mundoitam.com\/en\/wp-json\/wp\/v2\/media?parent=7782"}],"wp:term":[{"taxonomy":"category","embeddable":true,"href":"https:\/\/mundoitam.com\/en\/wp-json\/wp\/v2\/categories?post=7782"},{"taxonomy":"post_tag","embeddable":true,"href":"https:\/\/mundoitam.com\/en\/wp-json\/wp\/v2\/tags?post=7782"}],"curies":[{"name":"wp","href":"https:\/\/api.w.org\/{rel}","templated":true}]}}