{"id":8039,"date":"2018-07-13T11:59:19","date_gmt":"2018-07-13T16:59:19","guid":{"rendered":"https:\/\/mundoitam.com\/2018\/07\/13\/the-european-unions-new-global-strategy-in-foreign-policy\/"},"modified":"2018-07-13T12:01:37","modified_gmt":"2018-07-13T17:01:37","slug":"the-european-unions-new-global-strategy-in-foreign-policy","status":"publish","type":"post","link":"https:\/\/mundoitam.com\/en\/2018\/07\/13\/the-european-unions-new-global-strategy-in-foreign-policy\/","title":{"rendered":"The European Union\u2019s new global strategy in foreign policy"},"content":{"rendered":"<p>Dr. Stephan Sberro invited <strong>Amador Sanchez Rico,<\/strong> the European Union\u2019s political adviser in Mexico, to give a talk about the European Security Strategy, created on December 12, 2003. At this event, it was mentioned that the very existence of the European Union is hanging by a thread, just when the world needs a strong union for both its citizens and everyone else.<\/p><div class=\"mundo-contenido\" style=\"margin-top: 20px;margin-bottom: 20px;\" id=\"mundo-4054547876\"><style type=\"text\/css\">\r\n .ad-square h3 { \r\n\tfont-size: 11px;\r\n    font-weight: 300;\r\n    letter-spacing: 2.3px;\r\n    color: #6a6c6e;\r\n    font-weight: normal;\r\n    margin: 18px 0;  \r\n\tfont-family: \"Lato\", \"Helvetica Neue\", Helvetica, Arial, sans-serif;\r\n\t}\r\n<\/style>\r\n\r\n<!--<center> <div class=\"ad-square\">\r\n\t\t\t\t\t\t\t<h3>ANUNCIO<\/h3>\r\n<a href=\"https:\/\/noche.itam.mx\/\" target=\"_blank\"><img decoding=\"async\" width=\"300\" src=\"https:\/\/mundoitam.com\/wp-content\/uploads\/2021\/11\/noche-itam-v2.png\" alt=\"Anuncio\" style=\"border: none; display: block;\"><\/a>\r\n\r\n<\/div> <\/center>--><\/div>\n<p>Amador Sanchez Rico stated that \u201cno country can face these challenges alone.\u201d \u00a0In order for the European Security Strategy to be successful, the EU\u2019s member states and its institutions must remain unified and maintain their international involvement.<\/p>\n<blockquote><p>Quoting Secretary Kerry, he said that \u201cthe European Union has to believe in itself as other international players do.\u201d Migration has hit them the hardest, since it involves its foundations and \u201cmakes it harder to get back on track.\u201d<\/p><\/blockquote>\n<p>This strategy is well laid out focusing on hard power and solidarity, as well as working together on a common defense policy.\u00a0 Its implementation is also well defined in that they will address in this document the following issues: security, strengthening partnerships with countries in both Southern and\u00a0 Eastern Europe, <strong>promoting an integral approach, respecting regional dynamics, and fostering unity regarding collaboration and defense aiming at improving domestic and foreign policy.<\/strong><\/p>\n<div class=\"mundo-despues-del-contenido\" id=\"mundo-2567669777\"><style type=\"text\/css\">\r\n .ad-square h3 { \r\n\tfont-size: 11px;\r\n    font-weight: 300;\r\n    letter-spacing: 2.3px;\r\n    color: #6a6c6e;\r\n    font-weight: normal;\r\n    margin: 18px 0;  \r\n\tfont-family: \"Lato\", \"Helvetica Neue\", Helvetica, Arial, sans-serif;\r\n\t}\r\n<\/style>\r\n\r\n<center> <div class=\"ad-square\">\r\n\t\t\t\t\t\t\t<h3>ANUNCIO<\/h3>\r\n<a href=\"https:\/\/aspirantes.itam.mx\/proceso-admision\/?utm_source=itam&utm_medium=mundoitam&utm_campaign=organico\" target=\"_blank\"><img decoding=\"async\" width=\"800\" src=\"https:\/\/mundoitam.com\/wp-content\/uploads\/2021\/06\/banner-aspitantes-1.png \" alt=\"Anuncio\" style=\"border: none; display: block;\"><\/a>\r\n\r\n<\/div> <\/center> <\/div>","protected":false},"excerpt":{"rendered":"<p>Dr. Stephan Sberro invited Amador Sanchez Rico, the European Union\u2019s political adviser in Mexico, to give a talk about the European Security Strategy, created on December 12, 2003. At this event, it was mentioned that the very existence of the European Union is hanging by a thread, just when the world needs a strong union&#8230; <\/p>\n<div class=\"link-more\"><a href=\"https:\/\/mundoitam.com\/en\/2018\/07\/13\/the-european-unions-new-global-strategy-in-foreign-policy\/\">Read More<\/a><\/div>\n","protected":false},"author":10,"featured_media":0,"comment_status":"open","ping_status":"open","sticky":false,"template":"","format":"standard","meta":{"_jetpack_newsletter_access":"","_jetpack_dont_email_post_to_subs":false,"_jetpack_newsletter_tier_id":0,"_jetpack_memberships_contains_paywalled_content":false,"_jetpack_memberships_contains_paid_content":false,"footnotes":"","jetpack_publicize_message":"","jetpack_publicize_feature_enabled":true,"jetpack_social_post_already_shared":true,"jetpack_social_options":{"image_generator_settings":{"template":"highway","default_image_id":0,"font":"","enabled":false},"version":2},"_wpas_customize_per_network":false,"jetpack_post_was_ever_published":false},"categories":[579146069],"tags":[579146178,579146180,579146179,579146181],"class_list":["post-8039","post","type-post","status-publish","format-standard","hentry","category-international-relations","tag-european-union","tag-european-unions-new-global-strategy","tag-foreign-policy","tag-stephan-sberro-en"],"yoast_head":"<!-- This site is optimized with the Yoast SEO plugin v27.5 - https:\/\/yoast.com\/product\/yoast-seo-wordpress\/ -->\n<title>The European Union\u2019s new global strategy in foreign policy - Mundo ITAM<\/title>\n<meta name=\"description\" content=\"Amador Sanchez Rico, the European Union\u2019s political adviser in Mexico, gave a talk about the European Security Strategy at ITAM\" \/>\n<meta name=\"robots\" content=\"index, follow, max-snippet:-1, max-image-preview:large, max-video-preview:-1\" \/>\n<link rel=\"canonical\" href=\"https:\/\/mundoitam.com\/en\/2018\/07\/13\/the-european-unions-new-global-strategy-in-foreign-policy\/\" \/>\n<meta property=\"og:locale\" content=\"en_US\" \/>\n<meta property=\"og:type\" content=\"article\" \/>\n<meta property=\"og:title\" content=\"The European Union\u2019s new global strategy in foreign policy - Mundo ITAM\" \/>\n<meta property=\"og:description\" content=\"Amador Sanchez Rico, the European Union\u2019s political adviser in Mexico, gave a talk about the European Security Strategy at ITAM\" \/>\n<meta property=\"og:url\" content=\"https:\/\/mundoitam.com\/en\/2018\/07\/13\/the-european-unions-new-global-strategy-in-foreign-policy\/\" \/>\n<meta property=\"og:site_name\" content=\"Mundo ITAM\" \/>\n<meta property=\"article:publisher\" content=\"https:\/\/www.facebook.com\/itam.mx\/\" \/>\n<meta property=\"article:published_time\" content=\"2018-07-13T16:59:19+00:00\" \/>\n<meta property=\"article:modified_time\" content=\"2018-07-13T17:01:37+00:00\" \/>\n<meta name=\"author\" content=\"Mundo ITAM\" \/>\n<meta name=\"twitter:card\" content=\"summary_large_image\" \/>\n<meta name=\"twitter:creator\" content=\"@ITAM_mx\" \/>\n<meta name=\"twitter:site\" content=\"@ITAM_mx\" \/>\n<meta name=\"twitter:label1\" content=\"Written by\" \/>\n\t<meta name=\"twitter:data1\" content=\"Mundo ITAM\" \/>\n\t<meta name=\"twitter:label2\" content=\"Est. reading time\" \/>\n\t<meta name=\"twitter:data2\" content=\"1 minute\" \/>\n<script type=\"application\/ld+json\" class=\"yoast-schema-graph\">{\"@context\":\"https:\\\/\\\/schema.org\",\"@graph\":[{\"@type\":\"Article\",\"@id\":\"https:\\\/\\\/mundoitam.com\\\/en\\\/2018\\\/07\\\/13\\\/the-european-unions-new-global-strategy-in-foreign-policy\\\/#article\",\"isPartOf\":{\"@id\":\"https:\\\/\\\/mundoitam.com\\\/en\\\/2018\\\/07\\\/13\\\/the-european-unions-new-global-strategy-in-foreign-policy\\\/\"},\"author\":{\"name\":\"Mundo ITAM\",\"@id\":\"https:\\\/\\\/mundoitam.com\\\/en\\\/#\\\/schema\\\/person\\\/d1c2a212b8cca3de9f3e2092961fe46c\"},\"headline\":\"The European Union\u2019s new global strategy in foreign policy\",\"datePublished\":\"2018-07-13T16:59:19+00:00\",\"dateModified\":\"2018-07-13T17:01:37+00:00\",\"mainEntityOfPage\":{\"@id\":\"https:\\\/\\\/mundoitam.com\\\/en\\\/2018\\\/07\\\/13\\\/the-european-unions-new-global-strategy-in-foreign-policy\\\/\"},\"wordCount\":219,\"commentCount\":0,\"publisher\":{\"@id\":\"https:\\\/\\\/mundoitam.com\\\/en\\\/#organization\"},\"keywords\":[\"European Union\",\"European Union\u2019s new global strategy\",\"foreign policy\",\"St\u00e8phan Sberro\"],\"articleSection\":[\"International Relations\"],\"inLanguage\":\"en-US\",\"potentialAction\":[{\"@type\":\"CommentAction\",\"name\":\"Comment\",\"target\":[\"https:\\\/\\\/mundoitam.com\\\/en\\\/2018\\\/07\\\/13\\\/the-european-unions-new-global-strategy-in-foreign-policy\\\/#respond\"]}]},{\"@type\":\"WebPage\",\"@id\":\"https:\\\/\\\/mundoitam.com\\\/en\\\/2018\\\/07\\\/13\\\/the-european-unions-new-global-strategy-in-foreign-policy\\\/\",\"url\":\"https:\\\/\\\/mundoitam.com\\\/en\\\/2018\\\/07\\\/13\\\/the-european-unions-new-global-strategy-in-foreign-policy\\\/\",\"name\":\"The European Union\u2019s new global strategy in foreign policy - Mundo ITAM\",\"isPartOf\":{\"@id\":\"https:\\\/\\\/mundoitam.com\\\/en\\\/#website\"},\"datePublished\":\"2018-07-13T16:59:19+00:00\",\"dateModified\":\"2018-07-13T17:01:37+00:00\",\"description\":\"Amador Sanchez Rico, the European Union\u2019s political adviser in Mexico, gave a talk about the European Security Strategy at ITAM\",\"breadcrumb\":{\"@id\":\"https:\\\/\\\/mundoitam.com\\\/en\\\/2018\\\/07\\\/13\\\/the-european-unions-new-global-strategy-in-foreign-policy\\\/#breadcrumb\"},\"inLanguage\":\"en-US\",\"potentialAction\":[{\"@type\":\"ReadAction\",\"target\":[\"https:\\\/\\\/mundoitam.com\\\/en\\\/2018\\\/07\\\/13\\\/the-european-unions-new-global-strategy-in-foreign-policy\\\/\"]}]},{\"@type\":\"BreadcrumbList\",\"@id\":\"https:\\\/\\\/mundoitam.com\\\/en\\\/2018\\\/07\\\/13\\\/the-european-unions-new-global-strategy-in-foreign-policy\\\/#breadcrumb\",\"itemListElement\":[{\"@type\":\"ListItem\",\"position\":1,\"name\":\"Portada\",\"item\":\"https:\\\/\\\/mundoitam.com\\\/en\\\/\"},{\"@type\":\"ListItem\",\"position\":2,\"name\":\"The European Union\u2019s new global strategy in foreign policy\"}]},{\"@type\":\"WebSite\",\"@id\":\"https:\\\/\\\/mundoitam.com\\\/en\\\/#website\",\"url\":\"https:\\\/\\\/mundoitam.com\\\/en\\\/\",\"name\":\"Mundo ITAM\",\"description\":\"ITAM's digital media\",\"publisher\":{\"@id\":\"https:\\\/\\\/mundoitam.com\\\/en\\\/#organization\"},\"potentialAction\":[{\"@type\":\"SearchAction\",\"target\":{\"@type\":\"EntryPoint\",\"urlTemplate\":\"https:\\\/\\\/mundoitam.com\\\/en\\\/?s={search_term_string}\"},\"query-input\":{\"@type\":\"PropertyValueSpecification\",\"valueRequired\":true,\"valueName\":\"search_term_string\"}}],\"inLanguage\":\"en-US\"},{\"@type\":\"Organization\",\"@id\":\"https:\\\/\\\/mundoitam.com\\\/en\\\/#organization\",\"name\":\"ITAM\",\"url\":\"https:\\\/\\\/mundoitam.com\\\/en\\\/\",\"logo\":{\"@type\":\"ImageObject\",\"inLanguage\":\"en-US\",\"@id\":\"https:\\\/\\\/mundoitam.com\\\/en\\\/#\\\/schema\\\/logo\\\/image\\\/\",\"url\":\"https:\\\/\\\/i0.wp.com\\\/mundoitam.com\\\/wp-content\\\/uploads\\\/2018\\\/04\\\/unnamed.jpg?fit=900%2C900&ssl=1\",\"contentUrl\":\"https:\\\/\\\/i0.wp.com\\\/mundoitam.com\\\/wp-content\\\/uploads\\\/2018\\\/04\\\/unnamed.jpg?fit=900%2C900&ssl=1\",\"width\":900,\"height\":900,\"caption\":\"ITAM\"},\"image\":{\"@id\":\"https:\\\/\\\/mundoitam.com\\\/en\\\/#\\\/schema\\\/logo\\\/image\\\/\"},\"sameAs\":[\"https:\\\/\\\/www.facebook.com\\\/itam.mx\\\/\",\"https:\\\/\\\/x.com\\\/ITAM_mx\"]},{\"@type\":\"Person\",\"@id\":\"https:\\\/\\\/mundoitam.com\\\/en\\\/#\\\/schema\\\/person\\\/d1c2a212b8cca3de9f3e2092961fe46c\",\"name\":\"Mundo ITAM\",\"image\":{\"@type\":\"ImageObject\",\"inLanguage\":\"en-US\",\"@id\":\"https:\\\/\\\/secure.gravatar.com\\\/avatar\\\/effa39c51b7a22496338eaaffc67c59dcdc37718d0646f09dc7d534e3111533f?s=96&d=identicon&r=g\",\"url\":\"https:\\\/\\\/secure.gravatar.com\\\/avatar\\\/effa39c51b7a22496338eaaffc67c59dcdc37718d0646f09dc7d534e3111533f?s=96&d=identicon&r=g\",\"contentUrl\":\"https:\\\/\\\/secure.gravatar.com\\\/avatar\\\/effa39c51b7a22496338eaaffc67c59dcdc37718d0646f09dc7d534e3111533f?s=96&d=identicon&r=g\",\"caption\":\"Mundo ITAM\"},\"description\":\"Mundo ITAM es el blog oficial del Instituto Tecnol\u00f3gico Aut\u00f3nomo de M\u00e9xico. Aqu\u00ed podr\u00e1s informarte y aprender acerca de los temas que acaparan los titulares en M\u00e9xico y el mundo, a partir de los textos y videos de nuestras conferencias. Podr\u00e1s conoce a nuestros profesores destacados, en los \u00e1mbitos p\u00fablico y privado de nuestro pa\u00eds, gracias a las entrevistas exclusivas que aqu\u00ed te presentamos.\",\"url\":\"https:\\\/\\\/mundoitam.com\\\/en\\\/author\\\/mundoitam\\\/\"}]}<\/script>\n<!-- \/ Yoast SEO plugin. -->","yoast_head_json":{"title":"The European Union\u2019s new global strategy in foreign policy - Mundo ITAM","description":"Amador Sanchez Rico, the European Union\u2019s political adviser in Mexico, gave a talk about the European Security Strategy at ITAM","robots":{"index":"index","follow":"follow","max-snippet":"max-snippet:-1","max-image-preview":"max-image-preview:large","max-video-preview":"max-video-preview:-1"},"canonical":"https:\/\/mundoitam.com\/en\/2018\/07\/13\/the-european-unions-new-global-strategy-in-foreign-policy\/","og_locale":"en_US","og_type":"article","og_title":"The European Union\u2019s new global strategy in foreign policy - Mundo ITAM","og_description":"Amador Sanchez Rico, the European Union\u2019s political adviser in Mexico, gave a talk about the European Security Strategy at ITAM","og_url":"https:\/\/mundoitam.com\/en\/2018\/07\/13\/the-european-unions-new-global-strategy-in-foreign-policy\/","og_site_name":"Mundo ITAM","article_publisher":"https:\/\/www.facebook.com\/itam.mx\/","article_published_time":"2018-07-13T16:59:19+00:00","article_modified_time":"2018-07-13T17:01:37+00:00","author":"Mundo ITAM","twitter_card":"summary_large_image","twitter_creator":"@ITAM_mx","twitter_site":"@ITAM_mx","twitter_misc":{"Written by":"Mundo ITAM","Est. reading time":"1 minute"},"schema":{"@context":"https:\/\/schema.org","@graph":[{"@type":"Article","@id":"https:\/\/mundoitam.com\/en\/2018\/07\/13\/the-european-unions-new-global-strategy-in-foreign-policy\/#article","isPartOf":{"@id":"https:\/\/mundoitam.com\/en\/2018\/07\/13\/the-european-unions-new-global-strategy-in-foreign-policy\/"},"author":{"name":"Mundo ITAM","@id":"https:\/\/mundoitam.com\/en\/#\/schema\/person\/d1c2a212b8cca3de9f3e2092961fe46c"},"headline":"The European Union\u2019s new global strategy in foreign policy","datePublished":"2018-07-13T16:59:19+00:00","dateModified":"2018-07-13T17:01:37+00:00","mainEntityOfPage":{"@id":"https:\/\/mundoitam.com\/en\/2018\/07\/13\/the-european-unions-new-global-strategy-in-foreign-policy\/"},"wordCount":219,"commentCount":0,"publisher":{"@id":"https:\/\/mundoitam.com\/en\/#organization"},"keywords":["European Union","European Union\u2019s new global strategy","foreign policy","St\u00e8phan Sberro"],"articleSection":["International Relations"],"inLanguage":"en-US","potentialAction":[{"@type":"CommentAction","name":"Comment","target":["https:\/\/mundoitam.com\/en\/2018\/07\/13\/the-european-unions-new-global-strategy-in-foreign-policy\/#respond"]}]},{"@type":"WebPage","@id":"https:\/\/mundoitam.com\/en\/2018\/07\/13\/the-european-unions-new-global-strategy-in-foreign-policy\/","url":"https:\/\/mundoitam.com\/en\/2018\/07\/13\/the-european-unions-new-global-strategy-in-foreign-policy\/","name":"The European Union\u2019s new global strategy in foreign policy - Mundo ITAM","isPartOf":{"@id":"https:\/\/mundoitam.com\/en\/#website"},"datePublished":"2018-07-13T16:59:19+00:00","dateModified":"2018-07-13T17:01:37+00:00","description":"Amador Sanchez Rico, the European Union\u2019s political adviser in Mexico, gave a talk about the European Security Strategy at ITAM","breadcrumb":{"@id":"https:\/\/mundoitam.com\/en\/2018\/07\/13\/the-european-unions-new-global-strategy-in-foreign-policy\/#breadcrumb"},"inLanguage":"en-US","potentialAction":[{"@type":"ReadAction","target":["https:\/\/mundoitam.com\/en\/2018\/07\/13\/the-european-unions-new-global-strategy-in-foreign-policy\/"]}]},{"@type":"BreadcrumbList","@id":"https:\/\/mundoitam.com\/en\/2018\/07\/13\/the-european-unions-new-global-strategy-in-foreign-policy\/#breadcrumb","itemListElement":[{"@type":"ListItem","position":1,"name":"Portada","item":"https:\/\/mundoitam.com\/en\/"},{"@type":"ListItem","position":2,"name":"The European Union\u2019s new global strategy in foreign policy"}]},{"@type":"WebSite","@id":"https:\/\/mundoitam.com\/en\/#website","url":"https:\/\/mundoitam.com\/en\/","name":"Mundo ITAM","description":"ITAM's digital media","publisher":{"@id":"https:\/\/mundoitam.com\/en\/#organization"},"potentialAction":[{"@type":"SearchAction","target":{"@type":"EntryPoint","urlTemplate":"https:\/\/mundoitam.com\/en\/?s={search_term_string}"},"query-input":{"@type":"PropertyValueSpecification","valueRequired":true,"valueName":"search_term_string"}}],"inLanguage":"en-US"},{"@type":"Organization","@id":"https:\/\/mundoitam.com\/en\/#organization","name":"ITAM","url":"https:\/\/mundoitam.com\/en\/","logo":{"@type":"ImageObject","inLanguage":"en-US","@id":"https:\/\/mundoitam.com\/en\/#\/schema\/logo\/image\/","url":"https:\/\/i0.wp.com\/mundoitam.com\/wp-content\/uploads\/2018\/04\/unnamed.jpg?fit=900%2C900&ssl=1","contentUrl":"https:\/\/i0.wp.com\/mundoitam.com\/wp-content\/uploads\/2018\/04\/unnamed.jpg?fit=900%2C900&ssl=1","width":900,"height":900,"caption":"ITAM"},"image":{"@id":"https:\/\/mundoitam.com\/en\/#\/schema\/logo\/image\/"},"sameAs":["https:\/\/www.facebook.com\/itam.mx\/","https:\/\/x.com\/ITAM_mx"]},{"@type":"Person","@id":"https:\/\/mundoitam.com\/en\/#\/schema\/person\/d1c2a212b8cca3de9f3e2092961fe46c","name":"Mundo ITAM","image":{"@type":"ImageObject","inLanguage":"en-US","@id":"https:\/\/secure.gravatar.com\/avatar\/effa39c51b7a22496338eaaffc67c59dcdc37718d0646f09dc7d534e3111533f?s=96&d=identicon&r=g","url":"https:\/\/secure.gravatar.com\/avatar\/effa39c51b7a22496338eaaffc67c59dcdc37718d0646f09dc7d534e3111533f?s=96&d=identicon&r=g","contentUrl":"https:\/\/secure.gravatar.com\/avatar\/effa39c51b7a22496338eaaffc67c59dcdc37718d0646f09dc7d534e3111533f?s=96&d=identicon&r=g","caption":"Mundo ITAM"},"description":"Mundo ITAM es el blog oficial del Instituto Tecnol\u00f3gico Aut\u00f3nomo de M\u00e9xico. Aqu\u00ed podr\u00e1s informarte y aprender acerca de los temas que acaparan los titulares en M\u00e9xico y el mundo, a partir de los textos y videos de nuestras conferencias. Podr\u00e1s conoce a nuestros profesores destacados, en los \u00e1mbitos p\u00fablico y privado de nuestro pa\u00eds, gracias a las entrevistas exclusivas que aqu\u00ed te presentamos.","url":"https:\/\/mundoitam.com\/en\/author\/mundoitam\/"}]}},"jetpack_publicize_connections":[],"jetpack_featured_media_url":"","jetpack_sharing_enabled":true,"jetpack_shortlink":"https:\/\/wp.me\/pCVpr-25F","jetpack_likes_enabled":true,"jetpack-related-posts":[{"id":16230,"url":"https:\/\/mundoitam.com\/en\/2020\/11\/07\/european-union-experts-update-in-itam-classrooms\/","url_meta":{"origin":8039,"position":0},"title":"European Union Experts Update in ITAM Classrooms","author":"Mundo ITAM","date":"7 November 2020","format":false,"excerpt":"Indicative Program for academics & experts of EU Affairs at ITAM, a project organized and funded by the European Union that has the purpose of updating and discussing with attendees the political and economic issues that involve this political community.","rel":"","context":"In &quot;Politics and Economics&quot;","block_context":{"text":"Politics and Economics","link":"https:\/\/mundoitam.com\/en\/category\/politics-and-economics\/"},"img":{"alt_text":"Erika Guzm\u00e1n, Stephan Sberro, Carme Colomina, Claudia Casta\u00f1eda y Jes\u00fas Ballesteros en el Seminario del Colegio de Europa. Foto: ITAM","src":"https:\/\/i0.wp.com\/mundoitam.com\/wp-content\/uploads\/2018\/08\/Erika-Guzm%C3%A1n-Stephan-Sberro-Carme-Colomina-Claudia-Casta%C3%B1eda-y-Jes%C3%BAs-Ballesteros-en-el-Seminario-del-Colegio-de-Europa-e1533320763876-892x1024.jpg?resize=350%2C200&ssl=1","width":350,"height":200,"srcset":"https:\/\/i0.wp.com\/mundoitam.com\/wp-content\/uploads\/2018\/08\/Erika-Guzm%C3%A1n-Stephan-Sberro-Carme-Colomina-Claudia-Casta%C3%B1eda-y-Jes%C3%BAs-Ballesteros-en-el-Seminario-del-Colegio-de-Europa-e1533320763876-892x1024.jpg?resize=350%2C200&ssl=1 1x, https:\/\/i0.wp.com\/mundoitam.com\/wp-content\/uploads\/2018\/08\/Erika-Guzm%C3%A1n-Stephan-Sberro-Carme-Colomina-Claudia-Casta%C3%B1eda-y-Jes%C3%BAs-Ballesteros-en-el-Seminario-del-Colegio-de-Europa-e1533320763876-892x1024.jpg?resize=525%2C300&ssl=1 1.5x, https:\/\/i0.wp.com\/mundoitam.com\/wp-content\/uploads\/2018\/08\/Erika-Guzm%C3%A1n-Stephan-Sberro-Carme-Colomina-Claudia-Casta%C3%B1eda-y-Jes%C3%BAs-Ballesteros-en-el-Seminario-del-Colegio-de-Europa-e1533320763876-892x1024.jpg?resize=700%2C400&ssl=1 2x"},"classes":[]},{"id":16231,"url":"https:\/\/mundoitam.com\/en\/2020\/11\/07\/european-union-ambassadors-celebrate-at-itam-the-union-of-the-european-continent\/","url_meta":{"origin":8039,"position":1},"title":"European Union Ambassadors Celebrate at ITAM the Union of the European Continent","author":"Mundo ITAM","date":"7 November 2020","format":false,"excerpt":"To join the celebration of the commemoration of Robert Schuman's speech, ITAM and its Academic Department of International Studies presented a conference attended by personalities representing the European Union in Mexico.","rel":"","context":"In &quot;Relaciones Internacionales&quot;","block_context":{"text":"Relaciones Internacionales","link":"https:\/\/mundoitam.com\/category\/relaciones-internacionales\/"},"img":{"alt_text":"Emb. Homer Mavrommatis, Emb. Jorge Roza de Oliveira, Emb. Klaus Ridischhauser, Emb. Iv\u00e1n Medveczky y Dr. St\u00e9phan Sberro en la Conferencia Internacional sobre el D\u00eda de la Uni\u00f3n Europea. Foto: ITAM.","src":"https:\/\/i0.wp.com\/mundoitam.com\/wp-content\/uploads\/2018\/08\/DSC_0004-e1533316588690-1024x465.jpg?resize=350%2C200&ssl=1","width":350,"height":200,"srcset":"https:\/\/i0.wp.com\/mundoitam.com\/wp-content\/uploads\/2018\/08\/DSC_0004-e1533316588690-1024x465.jpg?resize=350%2C200&ssl=1 1x, https:\/\/i0.wp.com\/mundoitam.com\/wp-content\/uploads\/2018\/08\/DSC_0004-e1533316588690-1024x465.jpg?resize=525%2C300&ssl=1 1.5x, https:\/\/i0.wp.com\/mundoitam.com\/wp-content\/uploads\/2018\/08\/DSC_0004-e1533316588690-1024x465.jpg?resize=700%2C400&ssl=1 2x"},"classes":[]},{"id":10703,"url":"https:\/\/mundoitam.com\/en\/2018\/10\/11\/bank-of-international-settlements-carstens\/","url_meta":{"origin":8039,"position":2},"title":"The Bank of International Settlements\u2019 past and its future under Carstens","author":"Mundo ITAM","date":"11 October 2018","format":false,"excerpt":"According to Dr. Agust\u00edn Carstens, former governor of Mexico\u2019s Central Bank, it is by studying the development of financial institutions throughout history that we can better understand its relevance, as well as that of international commerce, global economic growth, and macroeconomic development of advanced and emerging economies.","rel":"","context":"In &quot;Conferences&quot;","block_context":{"text":"Conferences","link":"https:\/\/mundoitam.com\/en\/category\/conferences\/"},"img":{"alt_text":"","src":"https:\/\/i0.wp.com\/mundoitam.com\/wp-content\/uploads\/2017\/10\/Dr.-Agust%C3%ADn-Carstens-3.jpg?fit=1200%2C800&ssl=1&resize=350%2C200","width":350,"height":200,"srcset":"https:\/\/i0.wp.com\/mundoitam.com\/wp-content\/uploads\/2017\/10\/Dr.-Agust%C3%ADn-Carstens-3.jpg?fit=1200%2C800&ssl=1&resize=350%2C200 1x, https:\/\/i0.wp.com\/mundoitam.com\/wp-content\/uploads\/2017\/10\/Dr.-Agust%C3%ADn-Carstens-3.jpg?fit=1200%2C800&ssl=1&resize=525%2C300 1.5x, https:\/\/i0.wp.com\/mundoitam.com\/wp-content\/uploads\/2017\/10\/Dr.-Agust%C3%ADn-Carstens-3.jpg?fit=1200%2C800&ssl=1&resize=700%2C400 2x, https:\/\/i0.wp.com\/mundoitam.com\/wp-content\/uploads\/2017\/10\/Dr.-Agust%C3%ADn-Carstens-3.jpg?fit=1200%2C800&ssl=1&resize=1050%2C600 3x"},"classes":[]},{"id":22558,"url":"https:\/\/mundoitam.com\/en\/2023\/02\/09\/climate-biodiversity-and-energy-frans-timmermans-vice-president-of-the-european-commission\/","url_meta":{"origin":8039,"position":3},"title":"Climate, biodiversity and energy | Frans Timmermans Vice-President of the European Commission","author":"Mundo ITAM","date":"9 February 2023","format":false,"excerpt":"The redistribution of income within the society and the climate crisis need to be solved together, emphasizes Frans Timmermans in his lecture about Energy, Biodiversity and Energy.","rel":"","context":"In &quot;Conferences&quot;","block_context":{"text":"Conferences","link":"https:\/\/mundoitam.com\/en\/category\/conferences\/"},"img":{"alt_text":"Clima, biodiversidad y energ\u00eda | Frans Timmermans Vicepresidente de la Comisi\u00f3n Europea","src":"https:\/\/i0.wp.com\/mundoitam.com\/wp-content\/uploads\/2023\/02\/Timmermans-1.jpg?fit=960%2C960&ssl=1&resize=350%2C200","width":350,"height":200,"srcset":"https:\/\/i0.wp.com\/mundoitam.com\/wp-content\/uploads\/2023\/02\/Timmermans-1.jpg?fit=960%2C960&ssl=1&resize=350%2C200 1x, https:\/\/i0.wp.com\/mundoitam.com\/wp-content\/uploads\/2023\/02\/Timmermans-1.jpg?fit=960%2C960&ssl=1&resize=525%2C300 1.5x, https:\/\/i0.wp.com\/mundoitam.com\/wp-content\/uploads\/2023\/02\/Timmermans-1.jpg?fit=960%2C960&ssl=1&resize=700%2C400 2x"},"classes":[]},{"id":10781,"url":"https:\/\/mundoitam.com\/en\/2018\/10\/29\/ambassadors-are-concerned-about-russian-intervention\/","url_meta":{"origin":8039,"position":4},"title":"Ambassadors are concerned about Russian intervention","author":"Mundo ITAM","date":"29 October 2018","format":false,"excerpt":"The ambassadors of Ukraine and Georgia, Ruslan Spirin and Zurab Eristavi, respectively, shared their views about their countries\u2019 relationship with the European Union and Russia.","rel":"","context":"In &quot;Politics and Economics&quot;","block_context":{"text":"Politics and Economics","link":"https:\/\/mundoitam.com\/en\/category\/politics-and-economics\/"},"img":{"alt_text":"","src":"https:\/\/i0.wp.com\/mundoitam.com\/wp-content\/uploads\/2018\/01\/DSC_0491-e1516228805526.jpg?fit=1200%2C810&ssl=1&resize=350%2C200","width":350,"height":200,"srcset":"https:\/\/i0.wp.com\/mundoitam.com\/wp-content\/uploads\/2018\/01\/DSC_0491-e1516228805526.jpg?fit=1200%2C810&ssl=1&resize=350%2C200 1x, https:\/\/i0.wp.com\/mundoitam.com\/wp-content\/uploads\/2018\/01\/DSC_0491-e1516228805526.jpg?fit=1200%2C810&ssl=1&resize=525%2C300 1.5x, https:\/\/i0.wp.com\/mundoitam.com\/wp-content\/uploads\/2018\/01\/DSC_0491-e1516228805526.jpg?fit=1200%2C810&ssl=1&resize=700%2C400 2x, https:\/\/i0.wp.com\/mundoitam.com\/wp-content\/uploads\/2018\/01\/DSC_0491-e1516228805526.jpg?fit=1200%2C810&ssl=1&resize=1050%2C600 3x"},"classes":[]},{"id":16828,"url":"https:\/\/mundoitam.com\/en\/2021\/02\/17\/20-years-of-foreign-affairs-latinoamerica-through-its-covers\/","url_meta":{"origin":8039,"position":5},"title":"20 years of Foreign Affairs Latinoam\u00e9rica, through its covers","author":"Mundo ITAM","date":"17 February 2021","format":false,"excerpt":"The\u00a0most important international affairs magazine in the Spanish-speaking world celebrated in 2020 its twenty anniversary. The January - March 2020 edition of Foreign Affairs Latin America (FAL) magazine brought with it a discreet but significant change, in its cover the legend \"20 YEARS\" appeared. This legend made known to its\u2026","rel":"","context":"In &quot;International Relations&quot;","block_context":{"text":"International Relations","link":"https:\/\/mundoitam.com\/en\/category\/international-relations\/"},"img":{"alt_text":"20 a\u00f1os FAL","src":"https:\/\/i0.wp.com\/mundoitam.com\/wp-content\/uploads\/2021\/01\/Senor-Hipster-Imagen-para-Blog.png?fit=800%2C1200&ssl=1&resize=350%2C200","width":350,"height":200,"srcset":"https:\/\/i0.wp.com\/mundoitam.com\/wp-content\/uploads\/2021\/01\/Senor-Hipster-Imagen-para-Blog.png?fit=800%2C1200&ssl=1&resize=350%2C200 1x, https:\/\/i0.wp.com\/mundoitam.com\/wp-content\/uploads\/2021\/01\/Senor-Hipster-Imagen-para-Blog.png?fit=800%2C1200&ssl=1&resize=525%2C300 1.5x, https:\/\/i0.wp.com\/mundoitam.com\/wp-content\/uploads\/2021\/01\/Senor-Hipster-Imagen-para-Blog.png?fit=800%2C1200&ssl=1&resize=700%2C400 2x"},"classes":[]}],"amp_enabled":true,"_links":{"self":[{"href":"https:\/\/mundoitam.com\/en\/wp-json\/wp\/v2\/posts\/8039","targetHints":{"allow":["GET"]}}],"collection":[{"href":"https:\/\/mundoitam.com\/en\/wp-json\/wp\/v2\/posts"}],"about":[{"href":"https:\/\/mundoitam.com\/en\/wp-json\/wp\/v2\/types\/post"}],"author":[{"embeddable":true,"href":"https:\/\/mundoitam.com\/en\/wp-json\/wp\/v2\/users\/10"}],"replies":[{"embeddable":true,"href":"https:\/\/mundoitam.com\/en\/wp-json\/wp\/v2\/comments?post=8039"}],"version-history":[{"count":2,"href":"https:\/\/mundoitam.com\/en\/wp-json\/wp\/v2\/posts\/8039\/revisions"}],"predecessor-version":[{"id":8041,"href":"https:\/\/mundoitam.com\/en\/wp-json\/wp\/v2\/posts\/8039\/revisions\/8041"}],"wp:attachment":[{"href":"https:\/\/mundoitam.com\/en\/wp-json\/wp\/v2\/media?parent=8039"}],"wp:term":[{"taxonomy":"category","embeddable":true,"href":"https:\/\/mundoitam.com\/en\/wp-json\/wp\/v2\/categories?post=8039"},{"taxonomy":"post_tag","embeddable":true,"href":"https:\/\/mundoitam.com\/en\/wp-json\/wp\/v2\/tags?post=8039"}],"curies":[{"name":"wp","href":"https:\/\/api.w.org\/{rel}","templated":true}]}}